{"id":131475,"date":"2024-12-05T09:14:58","date_gmt":"2024-12-05T09:14:58","guid":{"rendered":"https:\/\/gazetaregionalna.com\/?p=131475"},"modified":"2024-12-05T09:15:00","modified_gmt":"2024-12-05T09:15:00","slug":"wieczor-z-legenda-spotkanie-z-markiem-papszunem","status":"publish","type":"post","link":"https:\/\/gazetaregionalna.com\/?p=131475","title":{"rendered":"Wiecz\u00f3r z legend\u0105: Spotkanie z Markiem Papszunem"},"content":{"rendered":"\n<p>W czwartek o godz. 18 w Hotelu Arche odb\u0119dzie si\u0119\u201d Spotkanie z markiem Papszunem. Wszystko w ramach cyklu \u201eWiecz\u00f3r z legend\u0105\u201d. Spotkanie poprowadzi Robert Jasiak.<\/p>\n\n\n\n<p>Marek Papszun to obecny trener Rakowa Cz\u0119stochowa i doskonale znany w mie\u015bcie, jak i ca\u0142ej Polsce. Wyprowadzi\u0142 Rak\u00f3w z 2. ligi i wprowadzi\u0142 do Ekstraklasy, gdzie zdoby\u0142: Mistrzostwo Polski, dwa wicemistrzostwa Polski, dwa Puchary Polski, dwa Superpuchary Polski, a tak\u017ce awansowa\u0142 z Rakowem do europejskich puchar\u00f3w.<\/p>\n\n\n\n<p>Podczas spotkania b\u0119dzie mo\u017cna us\u0142ysze\u0107, jak trener Papszun osi\u0105gn\u0105\u0142 sw\u00f3j sukces i jak\u0105 musia\u0142 przej\u015b\u0107 drog\u0119&#8230;<\/p>\n\n\n\n<p>Pocz\u0105tek o godz. 18. Wst\u0119p jest wolny.<\/p>\n\n\n\n<p>MR-K, fot: AK<\/p>\n\n\n\n<figure class=\"wp-block-image size-large\"><img decoding=\"async\" width=\"1024\" height=\"698\" data-src=\"https:\/\/gazetaregionalna.com\/wp-content\/uploads\/2024\/12\/Widzew-Rakow-14-1024x698.jpg\" alt=\"\" class=\"wp-image-131476 lazyload\" data-srcset=\"https:\/\/gazetaregionalna.com\/wp-content\/uploads\/2024\/12\/Widzew-Rakow-14-1024x698.jpg 1024w, https:\/\/gazetaregionalna.com\/wp-content\/uploads\/2024\/12\/Widzew-Rakow-14-300x205.jpg 300w, https:\/\/gazetaregionalna.com\/wp-content\/uploads\/2024\/12\/Widzew-Rakow-14-768x524.jpg 768w, https:\/\/gazetaregionalna.com\/wp-content\/uploads\/2024\/12\/Widzew-Rakow-14.jpg 1200w\" data-sizes=\"(max-width: 1024px) 100vw, 1024px\" src=\"data:image\/svg+xml;base64,PHN2ZyB3aWR0aD0iMSIgaGVpZ2h0PSIxIiB4bWxucz0iaHR0cDovL3d3dy53My5vcmcvMjAwMC9zdmciPjwvc3ZnPg==\" style=\"--smush-placeholder-width: 1024px; --smush-placeholder-aspect-ratio: 1024\/698;\" \/><\/figure>\n\n\n\n<p><\/p>\n","protected":false},"excerpt":{"rendered":"<p>W czwartek o godz. 18 w Hotelu Arche odb\u0119dzie si\u0119\u201d Spotkanie z markiem Papszunem. Wszystko w ramach cyklu \u201eWiecz\u00f3r z legend\u0105\u201d. Spotkanie poprowadzi Robert<\/p>\n","protected":false},"author":15,"featured_media":131476,"comment_status":"closed","ping_status":"open","sticky":false,"template":"","format":"standard","meta":{"_monsterinsights_skip_tracking":false,"_monsterinsights_sitenote_active":false,"_monsterinsights_sitenote_note":"","_monsterinsights_sitenote_category":0,"_uf_show_specific_survey":0,"_uf_disable_surveys":false,"footnotes":""},"categories":[94,6,5],"tags":[],"class_list":["post-131475","post","type-post","status-publish","format-standard","has-post-thumbnail","hentry","category-polecane","category-pilka-nozna","category-sport"],"_links":{"self":[{"href":"https:\/\/gazetaregionalna.com\/index.php?rest_route=\/wp\/v2\/posts\/131475","targetHints":{"allow":["GET"]}}],"collection":[{"href":"https:\/\/gazetaregionalna.com\/index.php?rest_route=\/wp\/v2\/posts"}],"about":[{"href":"https:\/\/gazetaregionalna.com\/index.php?rest_route=\/wp\/v2\/types\/post"}],"author":[{"embeddable":true,"href":"https:\/\/gazetaregionalna.com\/index.php?rest_route=\/wp\/v2\/users\/15"}],"replies":[{"embeddable":true,"href":"https:\/\/gazetaregionalna.com\/index.php?rest_route=%2Fwp%2Fv2%2Fcomments&post=131475"}],"version-history":[{"count":1,"href":"https:\/\/gazetaregionalna.com\/index.php?rest_route=\/wp\/v2\/posts\/131475\/revisions"}],"predecessor-version":[{"id":131477,"href":"https:\/\/gazetaregionalna.com\/index.php?rest_route=\/wp\/v2\/posts\/131475\/revisions\/131477"}],"wp:featuredmedia":[{"embeddable":true,"href":"https:\/\/gazetaregionalna.com\/index.php?rest_route=\/wp\/v2\/media\/131476"}],"wp:attachment":[{"href":"https:\/\/gazetaregionalna.com\/index.php?rest_route=%2Fwp%2Fv2%2Fmedia&parent=131475"}],"wp:term":[{"taxonomy":"category","embeddable":true,"href":"https:\/\/gazetaregionalna.com\/index.php?rest_route=%2Fwp%2Fv2%2Fcategories&post=131475"},{"taxonomy":"post_tag","embeddable":true,"href":"https:\/\/gazetaregionalna.com\/index.php?rest_route=%2Fwp%2Fv2%2Ftags&post=131475"}],"curies":[{"name":"wp","href":"https:\/\/api.w.org\/{rel}","templated":true}]}}