{"id":131299,"date":"2024-12-02T20:22:22","date_gmt":"2024-12-02T20:22:22","guid":{"rendered":"https:\/\/gazetaregionalna.com\/?p=131299"},"modified":"2024-12-02T20:22:48","modified_gmt":"2024-12-02T20:22:48","slug":"podrobki-warte-200-tys-zl","status":"publish","type":"post","link":"https:\/\/gazetaregionalna.com\/?p=131299","title":{"rendered":"Cz\u0119stochowa. Na jednym z targowisk sprzedawano &#8222;podr\u00f3bki&#8221; warte 200 tys. z\u0142. Ubrania zabezpieczy\u0142a policja"},"content":{"rendered":"\n<h2 class=\"wp-block-heading\">Cz\u0119stochowscy policjanci z Wydzia\u0142u dw. z Przest\u0119pczo\u015bci\u0105 Gospodarcz\u0105 zabezpieczyli odzie\u017c sygnowan\u0105 znakami towarowymi znanych marek. Warto\u015b\u0107 oryginalnych produkt\u00f3w osi\u0105gn\u0119\u0142aby kwot\u0119 oko\u0142o 200 tys. z\u0142.<\/h2>\n\n\n\n<p>Funkcjonariusze zwalczaj\u0105cy przest\u0119pczo\u015b\u0107 gospodarcz\u0105 ustalili, \u017ce na jednym z targowisk w Cz\u0119stochowie oferowana jest do sprzeda\u017cy\u00a0odzie\u017c\u00a0z podrobionymi znakami towarowymi znanych \u015bwiatowych firm. W minion\u0105 niedziel\u0119 kryminalni potwierdzili uzyskan\u0105 informacj\u0119.<\/p>\n\n\n\n<figure class=\"wp-block-image size-full\"><img decoding=\"async\" width=\"800\" height=\"600\" data-src=\"https:\/\/gazetaregionalna.com\/wp-content\/uploads\/2024\/12\/42-846280.jpg\" alt=\"\" class=\"wp-image-131300 lazyload\" data-srcset=\"https:\/\/gazetaregionalna.com\/wp-content\/uploads\/2024\/12\/42-846280.jpg 800w, https:\/\/gazetaregionalna.com\/wp-content\/uploads\/2024\/12\/42-846280-300x225.jpg 300w, https:\/\/gazetaregionalna.com\/wp-content\/uploads\/2024\/12\/42-846280-768x576.jpg 768w\" data-sizes=\"(max-width: 800px) 100vw, 800px\" src=\"data:image\/svg+xml;base64,PHN2ZyB3aWR0aD0iMSIgaGVpZ2h0PSIxIiB4bWxucz0iaHR0cDovL3d3dy53My5vcmcvMjAwMC9zdmciPjwvc3ZnPg==\" style=\"--smush-placeholder-width: 800px; --smush-placeholder-aspect-ratio: 800\/600;\" \/><\/figure>\n\n\n\n<p>Na jednym z targowisk natrafili na stragany, gdzie oferowano \u201epodr\u00f3bki\u201d. Policjanci zabezpieczyli\u00a0ponad 4300\u00a0sztuk odzie\u017cy oznaczonej podrobionymi znakami towarowymi r\u00f3\u017cnych marek. Wst\u0119pna analiza wykaza\u0142a, \u017ce warto\u015b\u0107 rynkowa orygina\u0142\u00f3w osi\u0105gn\u0119\u0142aby kwot\u0119 ok. 200\u00a0tys. z\u0142.\u00a0Policjanci zatrzymali trzy obywatelki Bu\u0142garii w wieku 31 lat. Kobiety us\u0142ysza\u0142y ju\u017c zarzuty dotycz\u0105ce naruszenia przepis\u00f3w prawa w\u0142asno\u015bci przemys\u0142owej. Grozi im kara grzywny, ograniczenia wolno\u015bci, a nawet dwuletni pobyt w wi\u0119zieniu.<\/p>\n\n\n\n<p><strong>mat. KMP w Cz\u0119stochowie<\/strong><\/p>\n","protected":false},"excerpt":{"rendered":"<p>Cz\u0119stochowscy policjanci z Wydzia\u0142u dw. z Przest\u0119pczo\u015bci\u0105 Gospodarcz\u0105 zabezpieczyli odzie\u017c sygnowan\u0105 znakami towarowymi znanych marek. Warto\u015b\u0107 oryginalnych produkt\u00f3w osi\u0105gn\u0119\u0142aby kwot\u0119 oko\u0142o 200 tys. z\u0142.<\/p>\n","protected":false},"author":11,"featured_media":131300,"comment_status":"closed","ping_status":"open","sticky":false,"template":"","format":"standard","meta":{"_monsterinsights_skip_tracking":false,"_monsterinsights_sitenote_active":false,"_monsterinsights_sitenote_note":"","_monsterinsights_sitenote_category":0,"_uf_show_specific_survey":0,"_uf_disable_surveys":false,"footnotes":""},"categories":[3,44,2],"tags":[144,103],"class_list":["post-131299","post","type-post","status-publish","format-standard","has-post-thumbnail","hentry","category-czestochowa-informacje","category-bezpieczenstwo","category-wiadomosci","tag-czestochowa","tag-policja"],"_links":{"self":[{"href":"https:\/\/gazetaregionalna.com\/index.php?rest_route=\/wp\/v2\/posts\/131299","targetHints":{"allow":["GET"]}}],"collection":[{"href":"https:\/\/gazetaregionalna.com\/index.php?rest_route=\/wp\/v2\/posts"}],"about":[{"href":"https:\/\/gazetaregionalna.com\/index.php?rest_route=\/wp\/v2\/types\/post"}],"author":[{"embeddable":true,"href":"https:\/\/gazetaregionalna.com\/index.php?rest_route=\/wp\/v2\/users\/11"}],"replies":[{"embeddable":true,"href":"https:\/\/gazetaregionalna.com\/index.php?rest_route=%2Fwp%2Fv2%2Fcomments&post=131299"}],"version-history":[{"count":1,"href":"https:\/\/gazetaregionalna.com\/index.php?rest_route=\/wp\/v2\/posts\/131299\/revisions"}],"predecessor-version":[{"id":131302,"href":"https:\/\/gazetaregionalna.com\/index.php?rest_route=\/wp\/v2\/posts\/131299\/revisions\/131302"}],"wp:featuredmedia":[{"embeddable":true,"href":"https:\/\/gazetaregionalna.com\/index.php?rest_route=\/wp\/v2\/media\/131300"}],"wp:attachment":[{"href":"https:\/\/gazetaregionalna.com\/index.php?rest_route=%2Fwp%2Fv2%2Fmedia&parent=131299"}],"wp:term":[{"taxonomy":"category","embeddable":true,"href":"https:\/\/gazetaregionalna.com\/index.php?rest_route=%2Fwp%2Fv2%2Fcategories&post=131299"},{"taxonomy":"post_tag","embeddable":true,"href":"https:\/\/gazetaregionalna.com\/index.php?rest_route=%2Fwp%2Fv2%2Ftags&post=131299"}],"curies":[{"name":"wp","href":"https:\/\/api.w.org\/{rel}","templated":true}]}}