{"id":131275,"date":"2024-12-01T20:58:48","date_gmt":"2024-12-01T20:58:48","guid":{"rendered":"https:\/\/gazetaregionalna.com\/?p=131275"},"modified":"2024-12-01T20:59:52","modified_gmt":"2024-12-01T20:59:52","slug":"aktywny-rodzic-zus","status":"publish","type":"post","link":"https:\/\/gazetaregionalna.com\/?p=131275","title":{"rendered":"&#8222;Aktywny rodzic&#8221;. ZUS wyp\u0142aci\u0142 ponad 317 mln z\u0142 w ramach tego programu"},"content":{"rendered":"\n<h2 class=\"wp-block-heading\">Zak\u0142ad Ubezpiecze\u0144 Spo\u0142ecznych wyp\u0142aci\u0142 317,5 mln z\u0142 w ramach programu \u201eAktywny rodzic\u201d. Wsparcie trafi\u0142o do ponad 272 tys. dzieci.<\/h2>\n\n\n\n<p>&#8211; Od 1 pa\u017adziernika trwa nab\u00f3r wniosk\u00f3w do programu &#8222;Aktywny Rodzic&#8221;, kt\u00f3ry obejmuje trzy \u015bwiadczenia dla rodzic\u00f3w dzieci od 12. do 35. miesi\u0105ca \u017cycia. Wnioski mo\u017cna sk\u0142ada\u0107 do ZUS wy\u0142\u0105cznie drog\u0105 elektroniczn\u0105 \u2013 informuje Beata Kopczy\u0144ska, regionalna rzeczniczka prasowa ZUS w wojew\u00f3dztwie \u015bl\u0105skim.<\/p>\n\n\n\n<p>Rodzice dzieci w wieku od roku do trzech lat \u017cycia mog\u0105 z\u0142o\u017cy\u0107 wniosek na jedno z trzech \u015bwiadcze\u0144 z programu \u201eAktywny Rodzic\u201d. To odpowiednio: &#8222;Aktywni rodzice w pracy&#8221;, &#8222;Aktywnie w \u017c\u0142obku&#8221;, a tak\u017ce &#8222;Aktywnie w domu&#8221;.<\/p>\n\n\n\n<p>W ramach \u201eAktywnie w domu&#8221; wyp\u0142acono do tej pory ponad 57,1 tys. \u015bwiadcze\u0144 na przesz\u0142o 28,5 mln z\u0142. Z kolei na wariant \u201eAktywni rodzice w pracy&#8221; ZUS wyp\u0142aci\u0142 ponad 66,6 tys. \u015bwiadcze\u0144 na przesz\u0142o100,2 mln z\u0142. Na ostatni\u0105 z mo\u017cliwo\u015bci, tj. &#8222;Aktywnie w \u017c\u0142obku&#8221;&nbsp; przekazano ponad 148,3 tys. \u015bwiadcze\u0144 na przesz\u0142o 188,7 mln z\u0142.<\/p>\n\n\n\n<p>ZUS zaznacza, \u017ce wnioski rozpatrywane s\u0105 na bie\u017c\u0105co. Te, kt\u00f3re zosta\u0142y z\u0142o\u017cone w listopadzie, b\u0119d\u0105 podlega\u0142y rozpatrzeniu w grudniu.<\/p>\n\n\n\n<p><strong>red., mat. ZUS<\/strong><\/p>\n","protected":false},"excerpt":{"rendered":"<p>Zak\u0142ad Ubezpiecze\u0144 Spo\u0142ecznych wyp\u0142aci\u0142 317,5 mln z\u0142 w ramach programu \u201eAktywny rodzic\u201d. Wsparcie trafi\u0142o do ponad 272 tys. dzieci. &#8211; Od 1 pa\u017adziernika trwa<\/p>\n","protected":false},"author":11,"featured_media":131277,"comment_status":"closed","ping_status":"open","sticky":false,"template":"","format":"standard","meta":{"_monsterinsights_skip_tracking":false,"_monsterinsights_sitenote_active":false,"_monsterinsights_sitenote_note":"","_monsterinsights_sitenote_category":0,"_uf_show_specific_survey":0,"_uf_disable_surveys":false,"footnotes":""},"categories":[1],"tags":[9163,144,1614,1944],"class_list":["post-131275","post","type-post","status-publish","format-standard","has-post-thumbnail","hentry","category-uncategorized","tag-aktywny-rodzic","tag-czestochowa","tag-program","tag-zus"],"_links":{"self":[{"href":"https:\/\/gazetaregionalna.com\/index.php?rest_route=\/wp\/v2\/posts\/131275","targetHints":{"allow":["GET"]}}],"collection":[{"href":"https:\/\/gazetaregionalna.com\/index.php?rest_route=\/wp\/v2\/posts"}],"about":[{"href":"https:\/\/gazetaregionalna.com\/index.php?rest_route=\/wp\/v2\/types\/post"}],"author":[{"embeddable":true,"href":"https:\/\/gazetaregionalna.com\/index.php?rest_route=\/wp\/v2\/users\/11"}],"replies":[{"embeddable":true,"href":"https:\/\/gazetaregionalna.com\/index.php?rest_route=%2Fwp%2Fv2%2Fcomments&post=131275"}],"version-history":[{"count":2,"href":"https:\/\/gazetaregionalna.com\/index.php?rest_route=\/wp\/v2\/posts\/131275\/revisions"}],"predecessor-version":[{"id":131278,"href":"https:\/\/gazetaregionalna.com\/index.php?rest_route=\/wp\/v2\/posts\/131275\/revisions\/131278"}],"wp:featuredmedia":[{"embeddable":true,"href":"https:\/\/gazetaregionalna.com\/index.php?rest_route=\/wp\/v2\/media\/131277"}],"wp:attachment":[{"href":"https:\/\/gazetaregionalna.com\/index.php?rest_route=%2Fwp%2Fv2%2Fmedia&parent=131275"}],"wp:term":[{"taxonomy":"category","embeddable":true,"href":"https:\/\/gazetaregionalna.com\/index.php?rest_route=%2Fwp%2Fv2%2Fcategories&post=131275"},{"taxonomy":"post_tag","embeddable":true,"href":"https:\/\/gazetaregionalna.com\/index.php?rest_route=%2Fwp%2Fv2%2Ftags&post=131275"}],"curies":[{"name":"wp","href":"https:\/\/api.w.org\/{rel}","templated":true}]}}