{"id":131233,"date":"2024-11-29T20:27:00","date_gmt":"2024-11-29T20:27:00","guid":{"rendered":"https:\/\/gazetaregionalna.com\/?p=131233"},"modified":"2024-11-29T20:27:01","modified_gmt":"2024-11-29T20:27:01","slug":"porazka-pilkarzy-skry-czestochowa-w-ostatnim-meczu-2024-roku-w-2-lidze","status":"publish","type":"post","link":"https:\/\/gazetaregionalna.com\/?p=131233","title":{"rendered":"Pora\u017cka pi\u0142karzy Skry Cz\u0119stochowa w ostatnim meczu 2024 roku w 2. lidze&#8230;"},"content":{"rendered":"\n<p>Pi\u0142karze Skry Cz\u0119stochowa w zaleg\u0142ym spotkaniu 2. ligi przegrali u siebie z \u0141KS-em II \u0141\u00f3d\u017a 0:1. Losy meczu rozstrzygn\u0119\u0142y si\u0119 ju\u017c w 2. minucie meczu&#8230;<\/p>\n\n\n\n<p>Rozgrywki ligowe w 2. lidze zako\u0144czy\u0142y si\u0119 w miniony weekend, ale pi\u0142karze w tygodniu odrabiali zaleg\u0142o\u015bci. W pi\u0105tek Skra Cz\u0119stochowa rozgrywa\u0142a zaleg\u0142y mecz z \u0141KS II \u0141\u00f3d\u017a. Niestety, ale cz\u0119stochowianie przegrali z rywalem w walce o utrzymanie 0:1&#8230; To Stawia Skr\u0119 w niekorzystnej sytuacji przed rund\u0105 wiosenn\u0105&#8230;<\/p>\n\n\n\n<p>Cz\u0119stochowscy pi\u0142karze maj\u0105 po 19. kolejkach 13 punkt\u00f3w i zajmuj\u0105 16. pozycj\u0119 w 2. lidze.<\/p>\n\n\n\n<p>AK, fot: AK<\/p>\n\n\n\n<p>Skra Cz\u0119stochowa \u2013 \u0141KS II \u0141\u00f3d\u017a 0:1 (0:1)<\/p>\n\n\n\n<p>Bramka: 0:1 Aleksander Iwa\u0144czyk (2.)<\/p>\n\n\n\n<p>Skra: Kramarz \u2013 Le\u015bniak-Paduch (80. Lorenc), Estigarribia, Kucharczyk (80. Magnuszewski), Wr\u00f3bel (58. Winciersz), \u0141awrynowicz, Sobczak (58. Kaczmarek), Kaczorowski, Niedba\u0142a (75. Noworyta), Noco\u0144, Stangret.<\/p>\n\n\n\n<p>Partnerami relacji sportowych s\u0105:<\/p>\n\n\n\n<p>DMK Invest materia\u0142y budowlane Konopiska (<a href=\"http:\/\/www.dmkinvest.pl\/\" target=\"_blank\" rel=\"noopener\">www.dmkinvest.pl<\/a>)<\/p>\n\n\n\n<p>Servecom.pl \u2013 Multimedia i Komputery (<a href=\"http:\/\/www.servecom.pl\/\" target=\"_blank\" rel=\"noopener\">www.servecom.pl<\/a>)<\/p>\n\n\n\n<figure class=\"wp-block-image size-large\"><img decoding=\"async\" width=\"1024\" height=\"695\" data-src=\"https:\/\/gazetaregionalna.com\/wp-content\/uploads\/2024\/09\/Skra-Wisla-17-1024x695.jpg\" alt=\"\" class=\"wp-image-128850 lazyload\" data-srcset=\"https:\/\/gazetaregionalna.com\/wp-content\/uploads\/2024\/09\/Skra-Wisla-17-1024x695.jpg 1024w, https:\/\/gazetaregionalna.com\/wp-content\/uploads\/2024\/09\/Skra-Wisla-17-300x204.jpg 300w, https:\/\/gazetaregionalna.com\/wp-content\/uploads\/2024\/09\/Skra-Wisla-17-768x522.jpg 768w, https:\/\/gazetaregionalna.com\/wp-content\/uploads\/2024\/09\/Skra-Wisla-17.jpg 1200w\" data-sizes=\"(max-width: 1024px) 100vw, 1024px\" src=\"data:image\/svg+xml;base64,PHN2ZyB3aWR0aD0iMSIgaGVpZ2h0PSIxIiB4bWxucz0iaHR0cDovL3d3dy53My5vcmcvMjAwMC9zdmciPjwvc3ZnPg==\" style=\"--smush-placeholder-width: 1024px; --smush-placeholder-aspect-ratio: 1024\/695;\" \/><\/figure>\n\n\n\n<figure class=\"wp-block-image size-large\"><img decoding=\"async\" width=\"1024\" height=\"1024\" data-src=\"https:\/\/gazetaregionalna.com\/wp-content\/uploads\/2024\/04\/DMK-Invest-3-1024x1024.jpg\" alt=\"\" class=\"wp-image-123884 lazyload\" data-srcset=\"https:\/\/gazetaregionalna.com\/wp-content\/uploads\/2024\/04\/DMK-Invest-3-1024x1024.jpg 1024w, https:\/\/gazetaregionalna.com\/wp-content\/uploads\/2024\/04\/DMK-Invest-3-300x300.jpg 300w, https:\/\/gazetaregionalna.com\/wp-content\/uploads\/2024\/04\/DMK-Invest-3-150x150.jpg 150w, https:\/\/gazetaregionalna.com\/wp-content\/uploads\/2024\/04\/DMK-Invest-3-768x768.jpg 768w, https:\/\/gazetaregionalna.com\/wp-content\/uploads\/2024\/04\/DMK-Invest-3-1536x1536.jpg 1536w, https:\/\/gazetaregionalna.com\/wp-content\/uploads\/2024\/04\/DMK-Invest-3-2048x2048.jpg 2048w, https:\/\/gazetaregionalna.com\/wp-content\/uploads\/2024\/04\/DMK-Invest-3-215x215.jpg 215w, https:\/\/gazetaregionalna.com\/wp-content\/uploads\/2024\/04\/DMK-Invest-3-scaled.jpg 1600w\" data-sizes=\"(max-width: 1024px) 100vw, 1024px\" src=\"data:image\/svg+xml;base64,PHN2ZyB3aWR0aD0iMSIgaGVpZ2h0PSIxIiB4bWxucz0iaHR0cDovL3d3dy53My5vcmcvMjAwMC9zdmciPjwvc3ZnPg==\" style=\"--smush-placeholder-width: 1024px; --smush-placeholder-aspect-ratio: 1024\/1024;\" \/><\/figure>\n\n\n\n<figure class=\"wp-block-image size-large\"><img decoding=\"async\" width=\"1024\" height=\"1024\" data-src=\"https:\/\/gazetaregionalna.com\/wp-content\/uploads\/2024\/11\/Servecom-15-11-20204-2-1024x1024.jpg\" alt=\"\" class=\"wp-image-130623 lazyload\" data-srcset=\"https:\/\/gazetaregionalna.com\/wp-content\/uploads\/2024\/11\/Servecom-15-11-20204-2-1024x1024.jpg 1024w, https:\/\/gazetaregionalna.com\/wp-content\/uploads\/2024\/11\/Servecom-15-11-20204-2-300x300.jpg 300w, https:\/\/gazetaregionalna.com\/wp-content\/uploads\/2024\/11\/Servecom-15-11-20204-2-150x150.jpg 150w, https:\/\/gazetaregionalna.com\/wp-content\/uploads\/2024\/11\/Servecom-15-11-20204-2-768x768.jpg 768w, https:\/\/gazetaregionalna.com\/wp-content\/uploads\/2024\/11\/Servecom-15-11-20204-2-215x215.jpg 215w, https:\/\/gazetaregionalna.com\/wp-content\/uploads\/2024\/11\/Servecom-15-11-20204-2.jpg 1200w\" data-sizes=\"(max-width: 1024px) 100vw, 1024px\" src=\"data:image\/svg+xml;base64,PHN2ZyB3aWR0aD0iMSIgaGVpZ2h0PSIxIiB4bWxucz0iaHR0cDovL3d3dy53My5vcmcvMjAwMC9zdmciPjwvc3ZnPg==\" style=\"--smush-placeholder-width: 1024px; --smush-placeholder-aspect-ratio: 1024\/1024;\" \/><\/figure>\n","protected":false},"excerpt":{"rendered":"<p>Pi\u0142karze Skry Cz\u0119stochowa w zaleg\u0142ym spotkaniu 2. ligi przegrali u siebie z \u0141KS-em II \u0141\u00f3d\u017a 0:1. Losy meczu rozstrzygn\u0119\u0142y si\u0119 ju\u017c w 2. minucie<\/p>\n","protected":false},"author":15,"featured_media":128850,"comment_status":"closed","ping_status":"open","sticky":false,"template":"","format":"standard","meta":{"_monsterinsights_skip_tracking":false,"_monsterinsights_sitenote_active":false,"_monsterinsights_sitenote_note":"","_monsterinsights_sitenote_category":0,"_uf_show_specific_survey":0,"_uf_disable_surveys":false,"footnotes":""},"categories":[94,6,5],"tags":[],"class_list":["post-131233","post","type-post","status-publish","format-standard","has-post-thumbnail","hentry","category-polecane","category-pilka-nozna","category-sport"],"_links":{"self":[{"href":"https:\/\/gazetaregionalna.com\/index.php?rest_route=\/wp\/v2\/posts\/131233","targetHints":{"allow":["GET"]}}],"collection":[{"href":"https:\/\/gazetaregionalna.com\/index.php?rest_route=\/wp\/v2\/posts"}],"about":[{"href":"https:\/\/gazetaregionalna.com\/index.php?rest_route=\/wp\/v2\/types\/post"}],"author":[{"embeddable":true,"href":"https:\/\/gazetaregionalna.com\/index.php?rest_route=\/wp\/v2\/users\/15"}],"replies":[{"embeddable":true,"href":"https:\/\/gazetaregionalna.com\/index.php?rest_route=%2Fwp%2Fv2%2Fcomments&post=131233"}],"version-history":[{"count":1,"href":"https:\/\/gazetaregionalna.com\/index.php?rest_route=\/wp\/v2\/posts\/131233\/revisions"}],"predecessor-version":[{"id":131239,"href":"https:\/\/gazetaregionalna.com\/index.php?rest_route=\/wp\/v2\/posts\/131233\/revisions\/131239"}],"wp:featuredmedia":[{"embeddable":true,"href":"https:\/\/gazetaregionalna.com\/index.php?rest_route=\/wp\/v2\/media\/128850"}],"wp:attachment":[{"href":"https:\/\/gazetaregionalna.com\/index.php?rest_route=%2Fwp%2Fv2%2Fmedia&parent=131233"}],"wp:term":[{"taxonomy":"category","embeddable":true,"href":"https:\/\/gazetaregionalna.com\/index.php?rest_route=%2Fwp%2Fv2%2Fcategories&post=131233"},{"taxonomy":"post_tag","embeddable":true,"href":"https:\/\/gazetaregionalna.com\/index.php?rest_route=%2Fwp%2Fv2%2Ftags&post=131233"}],"curies":[{"name":"wp","href":"https:\/\/api.w.org\/{rel}","templated":true}]}}