{"id":131231,"date":"2024-11-29T20:27:12","date_gmt":"2024-11-29T20:27:12","guid":{"rendered":"https:\/\/gazetaregionalna.com\/?p=131231"},"modified":"2024-11-29T20:27:14","modified_gmt":"2024-11-29T20:27:14","slug":"zloty-lajk-dla-czestochowy","status":"publish","type":"post","link":"https:\/\/gazetaregionalna.com\/?p=131231","title":{"rendered":"&#8222;Z\u0142oty Lajk&#8221; dla Cz\u0119stochowy. Za co przyznano nagrod\u0119?"},"content":{"rendered":"\n<h2 class=\"wp-block-heading\">Urz\u0105d Miasta Cz\u0119stochowy otrzyma\u0142 nagrod\u0119 za komunikacj\u0119 w mediach spo\u0142eczno\u015bciowych \u2014 Z\u0142otego Lajka. Wr\u0119czono go podczas kongresu Local-SoMe, kt\u00f3ry si\u0119 we Wroc\u0142awiu.<\/h2>\n\n\n\n<p>Rada Programowa Local-SoMe\u201924 i Zwi\u0105zek Miast Polskich ju\u017c po raz trzeci nagrodzi\u0142y miasta, kt\u00f3re wyr\u00f3\u017cniaj\u0105 si\u0119 w samorz\u0105dowej komunikacji internetowej. W\u015br\u00f3d tegorocznych laureat\u00f3w znalaz\u0142a si\u0119 r\u00f3wnie\u017c Cz\u0119stochowa. Uroczysta gala wr\u0119czenia Z\u0142otych Lajk\u00f3w odby\u0142a si\u0119 26 listopada 2024 podczas III Samorz\u0105dowego Kongresu Internetu i Medi\u00f3w Spo\u0142eczno\u015bciowych Local-SoMe\u201924 we Wroc\u0142awiu.<\/p>\n\n\n\n<p>Samorz\u0105dowy Kongres Internetu i Medi\u00f3w Spo\u0142eczno\u015bciowych Local SoMe to jedyna w Polsce konferencja ca\u0142kowicie dedykowana skutecznej komunikacji samorz\u0105dowej. W tegorocznej edycji wydarzenia udzia\u0142 wzi\u0119\u0142o ponad 600 uczestnik\u00f3w, reprezentuj\u0105cych 230 samorz\u0105d\u00f3w. W tym gronie znale\u017ali si\u0119 r\u00f3wnie\u017c przedstawiciele innych kraj\u00f3w.<\/p>\n\n\n\n<figure class=\"wp-block-image size-large\"><img decoding=\"async\" width=\"681\" height=\"1024\" data-src=\"https:\/\/gazetaregionalna.com\/wp-content\/uploads\/2024\/11\/79202-681x1024.jpg\" alt=\"\" class=\"wp-image-131236 lazyload\" data-srcset=\"https:\/\/gazetaregionalna.com\/wp-content\/uploads\/2024\/11\/79202-681x1024.jpg 681w, https:\/\/gazetaregionalna.com\/wp-content\/uploads\/2024\/11\/79202-200x300.jpg 200w, https:\/\/gazetaregionalna.com\/wp-content\/uploads\/2024\/11\/79202-768x1154.jpg 768w, https:\/\/gazetaregionalna.com\/wp-content\/uploads\/2024\/11\/79202.jpg 998w\" data-sizes=\"(max-width: 681px) 100vw, 681px\" src=\"data:image\/svg+xml;base64,PHN2ZyB3aWR0aD0iMSIgaGVpZ2h0PSIxIiB4bWxucz0iaHR0cDovL3d3dy53My5vcmcvMjAwMC9zdmciPjwvc3ZnPg==\" style=\"--smush-placeholder-width: 681px; --smush-placeholder-aspect-ratio: 681\/1024;\" \/><figcaption class=\"wp-element-caption\">mat. UM Cz\u0119stochowy<\/figcaption><\/figure>\n\n\n\n<p>W\u015br\u00f3d poruszanych temat\u00f3w znalaz\u0142y si\u0119 cho\u0107by kwestie kszta\u0142towania przysz\u0142o\u015bci komunikacji w erze cyfrowej, wykorzystania sztucznej inteligencji, a tak\u017ce zarz\u0105dzania kryzysowego i bezpiecze\u0144stwa. Wydarzenie by\u0142o r\u00f3wnie\u017c doskona\u0142\u0105 okazj\u0105 do wymiany do\u015bwiadcze\u0144 oraz poznania inspiruj\u0105cych kampanii komunikacyjnych z ca\u0142ego \u015bwiata.<\/p>\n\n\n\n<p>Obok wyst\u0105pie\u0144 ekspert\u00f3w i dyskusji na temat komunikacji, marketingu i obecno\u015bci samorz\u0105d\u00f3w w internecie w programie znajduje si\u0119 tak\u017ce gala wr\u0119czania nagr\u00f3d, tak zwanych &#8222;Z\u0142otych Lajk\u00f3w&#8221;. Wszystkie maj\u0105 na celu podkre\u015blenie znaczenia oraz wp\u0142ywu medi\u00f3w spo\u0142eczno\u015bciowych na \u017cycie publiczne i samorz\u0105dowe.<\/p>\n\n\n\n<p>Ich przyznawanie opiera si\u0119 na analizie danych zebranych w ci\u0105gu ostatnich 12 miesi\u0119cy aktywno\u015bci na r\u00f3\u017cnych platformach medi\u00f3w spo\u0142eczno\u015bciowych oraz innych serwis\u00f3w internetowych. Ocenie poddaje si\u0119 zar\u00f3wno jako\u015b\u0107 tre\u015bci, jak i zaanga\u017cowanie spo\u0142eczno\u015bci, kt\u00f3re razem tworz\u0105 efektywn\u0105 komunikacj\u0119 w mediach spo\u0142eczno\u015bciowych i internecie.<\/p>\n\n\n\n<figure class=\"wp-block-image size-large\"><img decoding=\"async\" width=\"1024\" height=\"768\" data-src=\"https:\/\/gazetaregionalna.com\/wp-content\/uploads\/2024\/11\/79203-1024x768.jpg\" alt=\"\" class=\"wp-image-131237 lazyload\" data-srcset=\"https:\/\/gazetaregionalna.com\/wp-content\/uploads\/2024\/11\/79203-1024x768.jpg 1024w, https:\/\/gazetaregionalna.com\/wp-content\/uploads\/2024\/11\/79203-300x225.jpg 300w, https:\/\/gazetaregionalna.com\/wp-content\/uploads\/2024\/11\/79203-768x576.jpg 768w, https:\/\/gazetaregionalna.com\/wp-content\/uploads\/2024\/11\/79203.jpg 1500w\" data-sizes=\"(max-width: 1024px) 100vw, 1024px\" src=\"data:image\/svg+xml;base64,PHN2ZyB3aWR0aD0iMSIgaGVpZ2h0PSIxIiB4bWxucz0iaHR0cDovL3d3dy53My5vcmcvMjAwMC9zdmciPjwvc3ZnPg==\" style=\"--smush-placeholder-width: 1024px; --smush-placeholder-aspect-ratio: 1024\/768;\" \/><figcaption class=\"wp-element-caption\">mat. UM Cz\u0119stochowy<\/figcaption><\/figure>\n\n\n\n<p>Ocena ko\u0144cowa wynika z uwzgl\u0119dnienia wielu kryteri\u00f3w, np. zasi\u0119gu publikacji, wskazuj\u0105cego na to, jak wiele unikalnych u\u017cytkownik\u00f3w widzi publikowane tre\u015bci; zaanga\u017cowania, okre\u015blaj\u0105cego, jak aktywna i zaanga\u017cowana jest spo\u0142eczno\u015b\u0107 w reakcji na publikowane tre\u015bci oraz stopnia innowacyjno\u015bci i kreatywno\u015bci w komunikacji.<\/p>\n\n\n\n<p>&#8222;Z\u0142oty Lajk Love&#8221; to nagroda za najbardziej anga\u017cuj\u0105c\u0105 komunikacj\u0119 z podzia\u0142em na kategorie \u201eVideo\u201d i \u201eContent\u201d. Nagroda wyr\u00f3\u017cnia miasta i metropolie za najlepsze praktyki w tworzeniu i publikowaniu tre\u015bci w mediach spo\u0142eczno\u015bciowych. Cz\u0119stochowa zdoby\u0142a statuetk\u0119 w kategorii \u201eContent\u201d.<\/p>\n\n\n\n<p>Statuetk\u0119 dla naszego miasta odebra\u0142 Aleksander Wierny, naczelnik Wydzia\u0142u Informacji i Komunikacji Urz\u0119du Miasta.<\/p>\n\n\n\n<p>Nagrody s\u0105 przyznawane corocznie przez Rad\u0119 Programow\u0105 Local-SoMe, czyli ekspert\u00f3w z bran\u017cy medi\u00f3w spo\u0142eczno\u015bciowych oraz Zwi\u0105zek Miast Polskich za najlepsze osi\u0105gni\u0119cia miast i ich w\u0142odarzy w mediach spo\u0142eczno\u015bciowych.<\/p>\n\n\n\n<p><strong>mat. UM Cz\u0119stochowy<\/strong><\/p>\n","protected":false},"excerpt":{"rendered":"<p>Urz\u0105d Miasta Cz\u0119stochowy otrzyma\u0142 nagrod\u0119 za komunikacj\u0119 w mediach spo\u0142eczno\u015bciowych \u2014 Z\u0142otego Lajka. Wr\u0119czono go podczas kongresu Local-SoMe, kt\u00f3ry si\u0119 we Wroc\u0142awiu. Rada Programowa<\/p>\n","protected":false},"author":11,"featured_media":131235,"comment_status":"closed","ping_status":"open","sticky":false,"template":"","format":"standard","meta":{"_monsterinsights_skip_tracking":false,"_monsterinsights_sitenote_active":false,"_monsterinsights_sitenote_note":"","_monsterinsights_sitenote_category":0,"_uf_show_specific_survey":0,"_uf_disable_surveys":false,"footnotes":""},"categories":[3,2],"tags":[144,9384],"class_list":["post-131231","post","type-post","status-publish","format-standard","has-post-thumbnail","hentry","category-czestochowa-informacje","category-wiadomosci","tag-czestochowa","tag-zloty-lajk"],"_links":{"self":[{"href":"https:\/\/gazetaregionalna.com\/index.php?rest_route=\/wp\/v2\/posts\/131231","targetHints":{"allow":["GET"]}}],"collection":[{"href":"https:\/\/gazetaregionalna.com\/index.php?rest_route=\/wp\/v2\/posts"}],"about":[{"href":"https:\/\/gazetaregionalna.com\/index.php?rest_route=\/wp\/v2\/types\/post"}],"author":[{"embeddable":true,"href":"https:\/\/gazetaregionalna.com\/index.php?rest_route=\/wp\/v2\/users\/11"}],"replies":[{"embeddable":true,"href":"https:\/\/gazetaregionalna.com\/index.php?rest_route=%2Fwp%2Fv2%2Fcomments&post=131231"}],"version-history":[{"count":3,"href":"https:\/\/gazetaregionalna.com\/index.php?rest_route=\/wp\/v2\/posts\/131231\/revisions"}],"predecessor-version":[{"id":131238,"href":"https:\/\/gazetaregionalna.com\/index.php?rest_route=\/wp\/v2\/posts\/131231\/revisions\/131238"}],"wp:featuredmedia":[{"embeddable":true,"href":"https:\/\/gazetaregionalna.com\/index.php?rest_route=\/wp\/v2\/media\/131235"}],"wp:attachment":[{"href":"https:\/\/gazetaregionalna.com\/index.php?rest_route=%2Fwp%2Fv2%2Fmedia&parent=131231"}],"wp:term":[{"taxonomy":"category","embeddable":true,"href":"https:\/\/gazetaregionalna.com\/index.php?rest_route=%2Fwp%2Fv2%2Fcategories&post=131231"},{"taxonomy":"post_tag","embeddable":true,"href":"https:\/\/gazetaregionalna.com\/index.php?rest_route=%2Fwp%2Fv2%2Ftags&post=131231"}],"curies":[{"name":"wp","href":"https:\/\/api.w.org\/{rel}","templated":true}]}}