{"id":131172,"date":"2024-11-28T18:50:51","date_gmt":"2024-11-28T18:50:51","guid":{"rendered":"https:\/\/gazetaregionalna.com\/?p=131172"},"modified":"2024-11-28T18:50:52","modified_gmt":"2024-11-28T18:50:52","slug":"pilkarze-skry-czestochowa-graja-ostatni-mecz-w-2-lidze-w-2024-roku","status":"publish","type":"post","link":"https:\/\/gazetaregionalna.com\/?p=131172","title":{"rendered":"Pi\u0142karze Skry Cz\u0119stochowa graj\u0105 ostatni mecz w 2. lidze w 2024 roku"},"content":{"rendered":"\n<p>Skra Cz\u0119stochowa w pi\u0105tek o godz. 16 rozegra ostatni ligowy mecz w 2024 roku w 2. lidze. W zaleg\u0142ym spotkaniu zmierzy si\u0119 z \u0141KS-em II \u0141\u00f3d\u017a, kt\u00f3rego trenerem jest by\u0142y szkoleniowiec Skty Konrad Gerega.<\/p>\n\n\n\n<p>Pi\u0142karze z 2. ligi rund\u0119 jesienn\u0105 zako\u0144czyli w miniony weekend, ale kilka dru\u017cyn musi jeszcze odrobi\u0107 zaleg\u0142o\u015bci. Skra w miniony wtorek rozegra\u0142a zaleg\u0142y mecz z KKS-em Kalisz, kt\u00f3ry zako\u0144czy\u0142 si\u0119 remisem 1:1. W pi\u0105tek o godz. 16 cz\u0119stochowianie rozegraj\u0105 ostatni ligowy mecz w 2024 roku. W zaleg\u0142ym spotkaniu zmierz\u0105 si\u0119 z \u0141KS-em II \u0141\u00f3d\u017a. Mecz nie odby\u0142 si\u0119 w pierwotnym terminie, bo pi\u0142karze go\u015bci byli powo\u0142ani do m\u0142odzie\u017cowej reprezentacji Polski.<\/p>\n\n\n\n<p>Co ciekawe, pierwszym trenerem rezerw \u0141KS jest Konrad Gerega, kt\u00f3ry w poprzednim sezonie prowadzi\u0142 Skr\u0119.<\/p>\n\n\n\n<p>Skra po 18 kolejkach ma 13 punkt\u00f3w. W pi\u0105tek musi zrobi\u0107 wszystko, by pokona\u0107 \u0141KS II i zbli\u017cy\u0107 si\u0119 na jak najmniejszy dystans do miejsc, kt\u00f3re daj\u0105 utrzymanie w lidze. Wszystko po to, by pi\u0142karze w miar\u0119 w spokoju sp\u0119dzili zimow\u0105 przerw\u0119.<\/p>\n\n\n\n<p>Przypomnijmy, \u017ce cz\u0119stochowski klub rozpocz\u0105\u0142 sezon z -7 punktami karnymi i w pierwszych kolejkach musia\u0142 odrabia\u0107 kar\u0119, gdy inni rywale punktowali.<\/p>\n\n\n\n<p>Pi\u0105tkowy mecz odb\u0119dzie si\u0119 bez udzia\u0142u kibic\u00f3w.<\/p>\n\n\n\n<p>MR-K, fot: AK<\/p>\n\n\n\n<p>Partnerami relacji sportowych s\u0105:<\/p>\n\n\n\n<p>Servecom \u2013 Multimedia i Komputery (<a href=\"http:\/\/www.servecom.pl\/\" target=\"_blank\" rel=\"noreferrer noopener\">www.servecom.pl<\/a>)<\/p>\n\n\n\n<p>DMK Invest materia\u0142y budowlane Konopiska (<a href=\"http:\/\/www.dmkinvest.pl\/\" target=\"_blank\" rel=\"noreferrer noopener\">www.dmkinvest.pl<\/a>)<\/p>\n\n\n\n<figure class=\"wp-block-gallery has-nested-images columns-default is-cropped wp-block-gallery-1 is-layout-flex wp-block-gallery-is-layout-flex\">\n<figure class=\"wp-block-image size-large\"><img decoding=\"async\" width=\"1024\" height=\"1024\" data-id=\"130622\" data-src=\"https:\/\/gazetaregionalna.com\/wp-content\/uploads\/2024\/11\/Servecom-15-11-2024-1024x1024.jpg\" alt=\"\" class=\"wp-image-130622 lazyload\" data-srcset=\"https:\/\/gazetaregionalna.com\/wp-content\/uploads\/2024\/11\/Servecom-15-11-2024-1024x1024.jpg 1024w, https:\/\/gazetaregionalna.com\/wp-content\/uploads\/2024\/11\/Servecom-15-11-2024-300x300.jpg 300w, https:\/\/gazetaregionalna.com\/wp-content\/uploads\/2024\/11\/Servecom-15-11-2024-150x150.jpg 150w, https:\/\/gazetaregionalna.com\/wp-content\/uploads\/2024\/11\/Servecom-15-11-2024-768x768.jpg 768w, https:\/\/gazetaregionalna.com\/wp-content\/uploads\/2024\/11\/Servecom-15-11-2024-215x215.jpg 215w, https:\/\/gazetaregionalna.com\/wp-content\/uploads\/2024\/11\/Servecom-15-11-2024.jpg 1200w\" data-sizes=\"(max-width: 1024px) 100vw, 1024px\" src=\"data:image\/svg+xml;base64,PHN2ZyB3aWR0aD0iMSIgaGVpZ2h0PSIxIiB4bWxucz0iaHR0cDovL3d3dy53My5vcmcvMjAwMC9zdmciPjwvc3ZnPg==\" style=\"--smush-placeholder-width: 1024px; --smush-placeholder-aspect-ratio: 1024\/1024;\" \/><\/figure>\n\n\n\n<figure class=\"wp-block-image size-large\"><img decoding=\"async\" width=\"1024\" height=\"1024\" data-id=\"130623\" data-src=\"https:\/\/gazetaregionalna.com\/wp-content\/uploads\/2024\/11\/Servecom-15-11-20204-2-1024x1024.jpg\" alt=\"\" class=\"wp-image-130623 lazyload\" data-srcset=\"https:\/\/gazetaregionalna.com\/wp-content\/uploads\/2024\/11\/Servecom-15-11-20204-2-1024x1024.jpg 1024w, https:\/\/gazetaregionalna.com\/wp-content\/uploads\/2024\/11\/Servecom-15-11-20204-2-300x300.jpg 300w, https:\/\/gazetaregionalna.com\/wp-content\/uploads\/2024\/11\/Servecom-15-11-20204-2-150x150.jpg 150w, https:\/\/gazetaregionalna.com\/wp-content\/uploads\/2024\/11\/Servecom-15-11-20204-2-768x768.jpg 768w, https:\/\/gazetaregionalna.com\/wp-content\/uploads\/2024\/11\/Servecom-15-11-20204-2-215x215.jpg 215w, https:\/\/gazetaregionalna.com\/wp-content\/uploads\/2024\/11\/Servecom-15-11-20204-2.jpg 1200w\" data-sizes=\"(max-width: 1024px) 100vw, 1024px\" src=\"data:image\/svg+xml;base64,PHN2ZyB3aWR0aD0iMSIgaGVpZ2h0PSIxIiB4bWxucz0iaHR0cDovL3d3dy53My5vcmcvMjAwMC9zdmciPjwvc3ZnPg==\" style=\"--smush-placeholder-width: 1024px; --smush-placeholder-aspect-ratio: 1024\/1024;\" \/><\/figure>\n<\/figure>\n\n\n\n<figure class=\"wp-block-gallery has-nested-images columns-default is-cropped wp-block-gallery-2 is-layout-flex wp-block-gallery-is-layout-flex\">\n<figure class=\"wp-block-image size-large\"><img decoding=\"async\" width=\"1024\" height=\"672\" data-id=\"128849\" data-src=\"https:\/\/gazetaregionalna.com\/wp-content\/uploads\/2024\/09\/Skra-Wisla-1-1024x672.jpg\" alt=\"\" class=\"wp-image-128849 lazyload\" data-srcset=\"https:\/\/gazetaregionalna.com\/wp-content\/uploads\/2024\/09\/Skra-Wisla-1-1024x672.jpg 1024w, https:\/\/gazetaregionalna.com\/wp-content\/uploads\/2024\/09\/Skra-Wisla-1-300x197.jpg 300w, https:\/\/gazetaregionalna.com\/wp-content\/uploads\/2024\/09\/Skra-Wisla-1-768x504.jpg 768w, https:\/\/gazetaregionalna.com\/wp-content\/uploads\/2024\/09\/Skra-Wisla-1.jpg 1200w\" data-sizes=\"(max-width: 1024px) 100vw, 1024px\" src=\"data:image\/svg+xml;base64,PHN2ZyB3aWR0aD0iMSIgaGVpZ2h0PSIxIiB4bWxucz0iaHR0cDovL3d3dy53My5vcmcvMjAwMC9zdmciPjwvc3ZnPg==\" style=\"--smush-placeholder-width: 1024px; --smush-placeholder-aspect-ratio: 1024\/672;\" \/><\/figure>\n\n\n\n<figure class=\"wp-block-image size-large\"><img decoding=\"async\" width=\"1024\" height=\"695\" data-id=\"128850\" data-src=\"https:\/\/gazetaregionalna.com\/wp-content\/uploads\/2024\/09\/Skra-Wisla-17-1024x695.jpg\" alt=\"\" class=\"wp-image-128850 lazyload\" data-srcset=\"https:\/\/gazetaregionalna.com\/wp-content\/uploads\/2024\/09\/Skra-Wisla-17-1024x695.jpg 1024w, https:\/\/gazetaregionalna.com\/wp-content\/uploads\/2024\/09\/Skra-Wisla-17-300x204.jpg 300w, https:\/\/gazetaregionalna.com\/wp-content\/uploads\/2024\/09\/Skra-Wisla-17-768x522.jpg 768w, https:\/\/gazetaregionalna.com\/wp-content\/uploads\/2024\/09\/Skra-Wisla-17.jpg 1200w\" data-sizes=\"(max-width: 1024px) 100vw, 1024px\" src=\"data:image\/svg+xml;base64,PHN2ZyB3aWR0aD0iMSIgaGVpZ2h0PSIxIiB4bWxucz0iaHR0cDovL3d3dy53My5vcmcvMjAwMC9zdmciPjwvc3ZnPg==\" style=\"--smush-placeholder-width: 1024px; --smush-placeholder-aspect-ratio: 1024\/695;\" \/><\/figure>\n<\/figure>\n\n\n\n<figure class=\"wp-block-image size-large\"><img decoding=\"async\" width=\"1024\" height=\"1024\" data-src=\"https:\/\/gazetaregionalna.com\/wp-content\/uploads\/2024\/04\/DMK-Invest-4-1024x1024.jpg\" alt=\"\" class=\"wp-image-123885 lazyload\" data-srcset=\"https:\/\/gazetaregionalna.com\/wp-content\/uploads\/2024\/04\/DMK-Invest-4-1024x1024.jpg 1024w, https:\/\/gazetaregionalna.com\/wp-content\/uploads\/2024\/04\/DMK-Invest-4-300x300.jpg 300w, https:\/\/gazetaregionalna.com\/wp-content\/uploads\/2024\/04\/DMK-Invest-4-150x150.jpg 150w, https:\/\/gazetaregionalna.com\/wp-content\/uploads\/2024\/04\/DMK-Invest-4-768x768.jpg 768w, https:\/\/gazetaregionalna.com\/wp-content\/uploads\/2024\/04\/DMK-Invest-4-1536x1536.jpg 1536w, https:\/\/gazetaregionalna.com\/wp-content\/uploads\/2024\/04\/DMK-Invest-4-2048x2048.jpg 2048w, https:\/\/gazetaregionalna.com\/wp-content\/uploads\/2024\/04\/DMK-Invest-4-215x215.jpg 215w, https:\/\/gazetaregionalna.com\/wp-content\/uploads\/2024\/04\/DMK-Invest-4-scaled.jpg 1600w\" data-sizes=\"(max-width: 1024px) 100vw, 1024px\" src=\"data:image\/svg+xml;base64,PHN2ZyB3aWR0aD0iMSIgaGVpZ2h0PSIxIiB4bWxucz0iaHR0cDovL3d3dy53My5vcmcvMjAwMC9zdmciPjwvc3ZnPg==\" style=\"--smush-placeholder-width: 1024px; --smush-placeholder-aspect-ratio: 1024\/1024;\" \/><\/figure>\n","protected":false},"excerpt":{"rendered":"<p>Skra Cz\u0119stochowa w pi\u0105tek o godz. 16 rozegra ostatni ligowy mecz w 2024 roku w 2. lidze. W zaleg\u0142ym spotkaniu zmierzy si\u0119 z \u0141KS-em<\/p>\n","protected":false},"author":15,"featured_media":128849,"comment_status":"closed","ping_status":"open","sticky":false,"template":"","format":"standard","meta":{"_monsterinsights_skip_tracking":false,"_monsterinsights_sitenote_active":false,"_monsterinsights_sitenote_note":"","_monsterinsights_sitenote_category":0,"_uf_show_specific_survey":0,"_uf_disable_surveys":false,"footnotes":""},"categories":[94,6,5],"tags":[],"class_list":["post-131172","post","type-post","status-publish","format-standard","has-post-thumbnail","hentry","category-polecane","category-pilka-nozna","category-sport"],"_links":{"self":[{"href":"https:\/\/gazetaregionalna.com\/index.php?rest_route=\/wp\/v2\/posts\/131172","targetHints":{"allow":["GET"]}}],"collection":[{"href":"https:\/\/gazetaregionalna.com\/index.php?rest_route=\/wp\/v2\/posts"}],"about":[{"href":"https:\/\/gazetaregionalna.com\/index.php?rest_route=\/wp\/v2\/types\/post"}],"author":[{"embeddable":true,"href":"https:\/\/gazetaregionalna.com\/index.php?rest_route=\/wp\/v2\/users\/15"}],"replies":[{"embeddable":true,"href":"https:\/\/gazetaregionalna.com\/index.php?rest_route=%2Fwp%2Fv2%2Fcomments&post=131172"}],"version-history":[{"count":1,"href":"https:\/\/gazetaregionalna.com\/index.php?rest_route=\/wp\/v2\/posts\/131172\/revisions"}],"predecessor-version":[{"id":131173,"href":"https:\/\/gazetaregionalna.com\/index.php?rest_route=\/wp\/v2\/posts\/131172\/revisions\/131173"}],"wp:featuredmedia":[{"embeddable":true,"href":"https:\/\/gazetaregionalna.com\/index.php?rest_route=\/wp\/v2\/media\/128849"}],"wp:attachment":[{"href":"https:\/\/gazetaregionalna.com\/index.php?rest_route=%2Fwp%2Fv2%2Fmedia&parent=131172"}],"wp:term":[{"taxonomy":"category","embeddable":true,"href":"https:\/\/gazetaregionalna.com\/index.php?rest_route=%2Fwp%2Fv2%2Fcategories&post=131172"},{"taxonomy":"post_tag","embeddable":true,"href":"https:\/\/gazetaregionalna.com\/index.php?rest_route=%2Fwp%2Fv2%2Ftags&post=131172"}],"curies":[{"name":"wp","href":"https:\/\/api.w.org\/{rel}","templated":true}]}}