{"id":13081,"date":"2020-06-02T09:59:52","date_gmt":"2020-06-02T09:59:52","guid":{"rendered":"https:\/\/gazetaregionalna.com\/?p=13081"},"modified":"2020-06-03T09:14:29","modified_gmt":"2020-06-03T09:14:29","slug":"mzdit-naprawia-ulice","status":"publish","type":"post","link":"https:\/\/gazetaregionalna.com\/?p=13081","title":{"rendered":"MZDiT naprawia ulice"},"content":{"rendered":"\n<h2 class=\"wp-block-heading\"> Do pi\u0105tku kierowcy musz\u0105 si\u0119 liczy\u0107 z utrudnieniami na\u00a0Wrzosowiaku\u00a0i w \u015ar\u00f3dmie\u015bciu. <\/h2>\n\n\n\n<p>Miejski Zarz\u0105d Dr\u00f3g i Transportu prowadzi remont na dw\u00f3ch ulicach: Bohater\u00f3w Katynia oraz POW. Ta ostatnia ulica jest remontowana\u00a0w zakresie\u00a0od ul. Focha do ul. Kopernika.  <\/p>\n\n\n\n<p> W obu przypadkach na drogach&nbsp;wymieniana&nbsp;jest nawierzchnia. Koniec prac zapowiedziano na 5 czerwca.  <\/p>\n\n\n\n<p>(Fot. IBS)<\/p>\n","protected":false},"excerpt":{"rendered":"<p>Do pi\u0105tku kierowcy musz\u0105 si\u0119 liczy\u0107 z utrudnieniami na\u00a0Wrzosowiaku\u00a0i w \u015ar\u00f3dmie\u015bciu. Miejski Zarz\u0105d Dr\u00f3g i Transportu prowadzi remont na dw\u00f3ch ulicach: Bohater\u00f3w Katynia oraz<\/p>\n","protected":false},"author":7,"featured_media":13082,"comment_status":"open","ping_status":"open","sticky":false,"template":"","format":"standard","meta":{"_monsterinsights_skip_tracking":false,"_monsterinsights_sitenote_active":false,"_monsterinsights_sitenote_note":"","_monsterinsights_sitenote_category":0,"_uf_show_specific_survey":0,"_uf_disable_surveys":false,"footnotes":""},"categories":[94,3,2],"tags":[],"class_list":["post-13081","post","type-post","status-publish","format-standard","has-post-thumbnail","hentry","category-polecane","category-czestochowa-informacje","category-wiadomosci"],"_links":{"self":[{"href":"https:\/\/gazetaregionalna.com\/index.php?rest_route=\/wp\/v2\/posts\/13081","targetHints":{"allow":["GET"]}}],"collection":[{"href":"https:\/\/gazetaregionalna.com\/index.php?rest_route=\/wp\/v2\/posts"}],"about":[{"href":"https:\/\/gazetaregionalna.com\/index.php?rest_route=\/wp\/v2\/types\/post"}],"author":[{"embeddable":true,"href":"https:\/\/gazetaregionalna.com\/index.php?rest_route=\/wp\/v2\/users\/7"}],"replies":[{"embeddable":true,"href":"https:\/\/gazetaregionalna.com\/index.php?rest_route=%2Fwp%2Fv2%2Fcomments&post=13081"}],"version-history":[{"count":3,"href":"https:\/\/gazetaregionalna.com\/index.php?rest_route=\/wp\/v2\/posts\/13081\/revisions"}],"predecessor-version":[{"id":13157,"href":"https:\/\/gazetaregionalna.com\/index.php?rest_route=\/wp\/v2\/posts\/13081\/revisions\/13157"}],"wp:featuredmedia":[{"embeddable":true,"href":"https:\/\/gazetaregionalna.com\/index.php?rest_route=\/wp\/v2\/media\/13082"}],"wp:attachment":[{"href":"https:\/\/gazetaregionalna.com\/index.php?rest_route=%2Fwp%2Fv2%2Fmedia&parent=13081"}],"wp:term":[{"taxonomy":"category","embeddable":true,"href":"https:\/\/gazetaregionalna.com\/index.php?rest_route=%2Fwp%2Fv2%2Fcategories&post=13081"},{"taxonomy":"post_tag","embeddable":true,"href":"https:\/\/gazetaregionalna.com\/index.php?rest_route=%2Fwp%2Fv2%2Ftags&post=13081"}],"curies":[{"name":"wp","href":"https:\/\/api.w.org\/{rel}","templated":true}]}}