{"id":13075,"date":"2020-06-02T09:44:40","date_gmt":"2020-06-02T09:44:40","guid":{"rendered":"https:\/\/gazetaregionalna.com\/?p=13075"},"modified":"2020-06-03T09:15:15","modified_gmt":"2020-06-03T09:15:15","slug":"swieto-mlodej-sztuki-w-lublincu-zobacz-obrazy-mlodych-artystow","status":"publish","type":"post","link":"https:\/\/gazetaregionalna.com\/?p=13075","title":{"rendered":"\u015awi\u0119to M\u0142odej Sztuki w Lubli\u0144cu. Zobacz obrazy m\u0142odych artyst\u00f3w"},"content":{"rendered":"\n<p>W kilku miejscach Lubli\u0144ca mo\u017cna zobaczy\u0107 dzie\u0142a artyst\u00f3w dzia\u0142aj\u0105cych w sekcjach: malarstwa emocjonalnego, plastyki, ceramiki i r\u0119kodzie\u0142a Miejskiego Domu Kultury. To nowa ods\u0142ona \u015awi\u0119ta M\u0142odej Sztuki, kt\u00f3re co roku go\u015bci\u0142o w MDK. Tym razem sytuacja epidemiczna spowodowa\u0142a, \u017ce do wystawy organizatorzy musieli podej\u015b\u0107 nieszablonowo i wymy\u015bli\u0107 spos\u00f3b, jak w nowych warunkach dotrze\u0107 do odbiorc\u00f3w sztuki.<\/p>\n\n\n\n<figure class=\"wp-block-image size-large\"><img decoding=\"async\" width=\"540\" height=\"960\" data-src=\"https:\/\/gazetaregionalna.com\/wp-content\/uploads\/2020\/06\/mis1.jpg\" alt=\"\" class=\"wp-image-13077 lazyload\" data-srcset=\"https:\/\/gazetaregionalna.com\/wp-content\/uploads\/2020\/06\/mis1.jpg 540w, https:\/\/gazetaregionalna.com\/wp-content\/uploads\/2020\/06\/mis1-169x300.jpg 169w, https:\/\/gazetaregionalna.com\/wp-content\/uploads\/2020\/06\/mis1-236x420.jpg 236w\" data-sizes=\"(max-width: 540px) 100vw, 540px\" src=\"data:image\/svg+xml;base64,PHN2ZyB3aWR0aD0iMSIgaGVpZ2h0PSIxIiB4bWxucz0iaHR0cDovL3d3dy53My5vcmcvMjAwMC9zdmciPjwvc3ZnPg==\" style=\"--smush-placeholder-width: 540px; --smush-placeholder-aspect-ratio: 540\/960;\" \/><\/figure>\n\n\n\n<p><br> W poniedzia\u0142ek wystawy w ramach \u015awi\u0119ta M\u0142odej Sztuki #NaMie\u015bcie pojawi\u0142y si\u0119 w Parku Le\u015bnym, na bulwarze Grotowskiego oraz na lublinieckim rynku. Orygina\u0142y prac zawis\u0142y w nowej przestrzeni wystawienniczej, czyli w drzwiach Miejskiego Domu Kultury.<\/p>\n\n\n\n<figure class=\"wp-block-image size-large\"><img decoding=\"async\" width=\"960\" height=\"720\" data-src=\"https:\/\/gazetaregionalna.com\/wp-content\/uploads\/2020\/06\/mis2.jpg\" alt=\"\" class=\"wp-image-13078 lazyload\" data-srcset=\"https:\/\/gazetaregionalna.com\/wp-content\/uploads\/2020\/06\/mis2.jpg 960w, https:\/\/gazetaregionalna.com\/wp-content\/uploads\/2020\/06\/mis2-300x225.jpg 300w, https:\/\/gazetaregionalna.com\/wp-content\/uploads\/2020\/06\/mis2-768x576.jpg 768w, https:\/\/gazetaregionalna.com\/wp-content\/uploads\/2020\/06\/mis2-80x60.jpg 80w, https:\/\/gazetaregionalna.com\/wp-content\/uploads\/2020\/06\/mis2-265x198.jpg 265w, https:\/\/gazetaregionalna.com\/wp-content\/uploads\/2020\/06\/mis2-696x522.jpg 696w, https:\/\/gazetaregionalna.com\/wp-content\/uploads\/2020\/06\/mis2-560x420.jpg 560w\" data-sizes=\"(max-width: 960px) 100vw, 960px\" src=\"data:image\/svg+xml;base64,PHN2ZyB3aWR0aD0iMSIgaGVpZ2h0PSIxIiB4bWxucz0iaHR0cDovL3d3dy53My5vcmcvMjAwMC9zdmciPjwvc3ZnPg==\" style=\"--smush-placeholder-width: 960px; --smush-placeholder-aspect-ratio: 960\/720;\" \/><\/figure>\n\n\n\n<p><br> Jaka informuje MDK, dzi\u0119ki kreatywno\u015bci i wsp\u00f3\u0142pracy z instruktorami: Marzen\u0105 Zaj\u0105c, Dorot\u0105 Swat, Ann\u0105 Ba\u0142dyg\u0105 i Monik\u0105 Klimz\u0105-Gryc &#8211; uda\u0142o si\u0119 wypracowa\u0107 nowe rozwi\u0105zania, aby Festiwal mimo trudnej sytuacji jednak si\u0119 odby\u0142. <br> Prace zosta\u0142y przygotowane przez dzieci w domach. Jedni tworzyli z tego, co mieli pod r\u0119k\u0105, inni otrzymali specjalne paczki z materia\u0142ami. Wszystkim w pracy przy\u015bwieca\u0142o has\u0142o &#8222;Razem nie nudzi MISIE&#8221;. Na wystawie mo\u017cemy zobaczy\u0107 ca\u0142\u0105 kolekcj\u0119 MISI\u00d3W, kt\u00f3re kojarz\u0105 si\u0119 ze wsparciem, dobrymi chwilami, z towarzyszeniem.<\/p>\n\n\n\n<p><br> Wystawa #NaMie\u015bcie dost\u0119pna b\u0119dzie do odwo\u0142ania.<br> (IBS, Fot. MDK Lubliniec)<\/p>\n","protected":false},"excerpt":{"rendered":"<p>W kilku miejscach Lubli\u0144ca mo\u017cna zobaczy\u0107 dzie\u0142a artyst\u00f3w dzia\u0142aj\u0105cych w sekcjach: malarstwa emocjonalnego, plastyki, ceramiki i r\u0119kodzie\u0142a Miejskiego Domu Kultury. To nowa ods\u0142ona \u015awi\u0119ta<\/p>\n","protected":false},"author":7,"featured_media":13079,"comment_status":"open","ping_status":"open","sticky":false,"template":"","format":"standard","meta":{"_monsterinsights_skip_tracking":false,"_monsterinsights_sitenote_active":false,"_monsterinsights_sitenote_note":"","_monsterinsights_sitenote_category":0,"_uf_show_specific_survey":0,"_uf_disable_surveys":false,"footnotes":""},"categories":[12,25,94,2,13],"tags":[],"class_list":["post-13075","post","type-post","status-publish","format-standard","has-post-thumbnail","hentry","category-kultura-i-rozrywka","category-lubliniec","category-polecane","category-wiadomosci","category-wydarzenia"],"_links":{"self":[{"href":"https:\/\/gazetaregionalna.com\/index.php?rest_route=\/wp\/v2\/posts\/13075","targetHints":{"allow":["GET"]}}],"collection":[{"href":"https:\/\/gazetaregionalna.com\/index.php?rest_route=\/wp\/v2\/posts"}],"about":[{"href":"https:\/\/gazetaregionalna.com\/index.php?rest_route=\/wp\/v2\/types\/post"}],"author":[{"embeddable":true,"href":"https:\/\/gazetaregionalna.com\/index.php?rest_route=\/wp\/v2\/users\/7"}],"replies":[{"embeddable":true,"href":"https:\/\/gazetaregionalna.com\/index.php?rest_route=%2Fwp%2Fv2%2Fcomments&post=13075"}],"version-history":[{"count":2,"href":"https:\/\/gazetaregionalna.com\/index.php?rest_route=\/wp\/v2\/posts\/13075\/revisions"}],"predecessor-version":[{"id":13080,"href":"https:\/\/gazetaregionalna.com\/index.php?rest_route=\/wp\/v2\/posts\/13075\/revisions\/13080"}],"wp:featuredmedia":[{"embeddable":true,"href":"https:\/\/gazetaregionalna.com\/index.php?rest_route=\/wp\/v2\/media\/13079"}],"wp:attachment":[{"href":"https:\/\/gazetaregionalna.com\/index.php?rest_route=%2Fwp%2Fv2%2Fmedia&parent=13075"}],"wp:term":[{"taxonomy":"category","embeddable":true,"href":"https:\/\/gazetaregionalna.com\/index.php?rest_route=%2Fwp%2Fv2%2Fcategories&post=13075"},{"taxonomy":"post_tag","embeddable":true,"href":"https:\/\/gazetaregionalna.com\/index.php?rest_route=%2Fwp%2Fv2%2Ftags&post=13075"}],"curies":[{"name":"wp","href":"https:\/\/api.w.org\/{rel}","templated":true}]}}