{"id":130747,"date":"2024-11-21T08:36:05","date_gmt":"2024-11-21T08:36:05","guid":{"rendered":"https:\/\/gazetaregionalna.com\/?p=130747"},"modified":"2024-11-21T08:36:07","modified_gmt":"2024-11-21T08:36:07","slug":"mlynek","status":"publish","type":"post","link":"https:\/\/gazetaregionalna.com\/?p=130747","title":{"rendered":"M\u0142ynek do zada\u0144 specjalnych"},"content":{"rendered":"\n<h2 class=\"wp-block-heading\"><strong>Nie ma aromatycznej, pysznej kawy bez odpowiedniego m\u0142ynka. To stopie\u0144 zmielenia ziaren znacz\u0105co wp\u0142ywa na smak naparu. Inaczej powinna by\u0107 zmielona kawa pod alternatywne metody parzenia, a inaczej do ekspresu. O ile w przypadku modeli z wbudowanym m\u0142ynkiem u\u017cytkownik musi jedynie ustawi\u0107 stopie\u0144 mielenia, tak do zaparzenia w kawiarce, chemexie, aeropressie, czy ekspresie przelewowym kawa powinna by\u0107 zmielona w odpowiedni spos\u00f3b. Sprawd\u017a, jakie modele m\u0142ynk\u00f3w mo\u017cna znale\u017a\u0107 na rynku i kt\u00f3ry spe\u0142ni Twoje oczekiwania.<\/strong><\/h2>\n\n\n\n<h2 class=\"wp-block-heading\">Mielenie r\u0119czne czy automatyczne?<\/h2>\n\n\n\n<p>M\u0142ynki do kawy mo\u017cna podzieli\u0107 na r\u00f3\u017cne kategorie. Najcz\u0119\u015bciej wyr\u00f3\u017cnia si\u0119 je na podstawie mechanizmu mielenia. Kategoryzuj\u0105c je w ten spos\u00f3b, mo\u017cna wyr\u00f3\u017cni\u0107:<\/p>\n\n\n\n<ul class=\"wp-block-list\">\n<li>m\u0142ynki r\u0119czne \u2013 manualne modele, w kt\u00f3rych mieli si\u0119 kaw\u0119 za pomoc\u0105 korbki. S\u0105 stosunkowo ciche, \u0142atwe w u\u017cytku, estetyczne i praktyczne. Pozwalaj\u0105 na precyzyjne dostosowanie grubo\u015bci mielenia, ale wymagaj\u0105 u\u017cycia nieco si\u0142y i wi\u0119cej czasu. Cz\u0119sto wybierane przez mi\u0142o\u015bnik\u00f3w kawy, kt\u00f3rzy ceni\u0105 sobie tradycyjne metody parzenia lub lubi\u0105 anga\u017cowa\u0107 si\u0119 w ten proces od pocz\u0105tku do ko\u0144ca.<\/li>\n\n\n\n<li>m\u0142ynki elektryczne &#8211; automatycznie miel\u0105 kaw\u0119, zgodnie z ustawieniami u\u017cytkownika. Najcz\u0119\u015bciej korzystaj\u0105 z nich kawiarnie, ze wzgl\u0119du na du\u017ce wymiary i spor\u0105 ilo\u015b\u0107 parzonych codziennie kaw. Sprawdzaj\u0105 si\u0119 w codziennym u\u017cytkowaniu w biurach, gdzie kaw\u0119 przygotowuje si\u0119 regularnie. Mniejsze modele przeznaczone do u\u017cytku domowego to rozwi\u0105zanie, kt\u00f3re sprawdzi si\u0119 w szczeg\u00f3lno\u015bci osobom pocz\u0105tkuj\u0105cym. Wiele ciekawych modeli m\u0142ynk\u00f3w w dobrych cenach kupisz w sklepie <a href=\"https:\/\/coffeelove.pl\/\" target=\"_blank\" rel=\"noopener\">https:\/\/coffeelove.pl\/<\/a>.<\/li>\n<\/ul>\n\n\n\n<h2 class=\"wp-block-heading\">M\u0142ynki \u017carnowe i no\u017cowe<\/h2>\n\n\n\n<p>M\u0142ynki mo\u017cna r\u00f3wnie\u017c podzieli\u0107 ze wzgl\u0119du na rodzaj ostrza. Najcz\u0119\u015bciej konsumenci decyduj\u0105 si\u0119 na modele \u017carnowe. Charakteryzuj\u0105 si\u0119 du\u017c\u0105 trwa\u0142o\u015bci\u0105 i precyzj\u0105 mielenia. Daj\u0105 r\u00f3wnomierne efekty, co jest kluczowe przy metodach parzenia wymagaj\u0105cych dok\u0142adno\u015bci, jak na przyk\u0142ad pod espresso, kawiarka, czy metody przelewowe. \u017barna wewn\u0105trz m\u0142ynka obracaj\u0105 si\u0119 i mia\u017cd\u017c\u0105 kaw\u0119, dzi\u0119ki czemu zachowuje ona sw\u00f3j smak i aromat. Mog\u0105 by\u0107 stalowe lub ceramiczne. Takie rozwi\u0105zanie jest trwa\u0142e a m\u0142ynek z pewno\u015bci\u0105 pos\u0142u\u017cy przez d\u0142ugie lata. Szerok\u0105 ofert\u0119 produkt\u00f3w znajdziesz w sklepie <a href=\"https:\/\/coffeelove.pl\/pl\/c\/Mlynki\/66\" target=\"_blank\" rel=\"noopener\">https:\/\/coffeelove.pl\/pl\/c\/Mlynki\/66<\/a>.<\/p>\n\n\n\n<p>M\u0142ynki udarowe (no\u017cowe) maj\u0105 we wn\u0119trzu ostrza, kt\u00f3re tn\u0105 ziarna na kawa\u0142ki. Podczas procesu wzrasta temperatura, dlatego nie mo\u017cna przesadza\u0107 z d\u0142ugo\u015bci\u0105 mielenia, bo kawa b\u0119dzie gorzka. S\u0105 ta\u0144szym rozwi\u0105zaniem ni\u017c modele \u017carnowe, ale tak\u017ce mniej precyzyjnym. Nie zawsze stopie\u0144 zmielenia b\u0119dzie odpowiada\u0142 konsumentowi. Je\u017celi po zmieleniu tego typu sprz\u0119tem, kawa Ci nie smakuje, postaw na model \u017carnowy. W wielu przypadkach to w\u0142a\u015bnie nieodpowiednie mielenie negatywnie wp\u0142ywa na smak naparu.<\/p>\n","protected":false},"excerpt":{"rendered":"<p>Nie ma aromatycznej, pysznej kawy bez odpowiedniego m\u0142ynka. To stopie\u0144 zmielenia ziaren znacz\u0105co wp\u0142ywa na smak naparu. Inaczej powinna by\u0107 zmielona kawa pod alternatywne<\/p>\n","protected":false},"author":5,"featured_media":130749,"comment_status":"closed","ping_status":"open","sticky":false,"template":"","format":"standard","meta":{"_monsterinsights_skip_tracking":false,"_monsterinsights_sitenote_active":false,"_monsterinsights_sitenote_note":"","_monsterinsights_sitenote_category":0,"_uf_show_specific_survey":0,"_uf_disable_surveys":false,"footnotes":""},"categories":[1329,16,32],"tags":[7980,9346,9347],"class_list":["post-130747","post","type-post","status-publish","format-standard","has-post-thumbnail","hentry","category-gadgets","category-gastronomia","category-wyposazenie-wnetrz","tag-kawa","tag-mielenie","tag-ziarna-kawy"],"_links":{"self":[{"href":"https:\/\/gazetaregionalna.com\/index.php?rest_route=\/wp\/v2\/posts\/130747","targetHints":{"allow":["GET"]}}],"collection":[{"href":"https:\/\/gazetaregionalna.com\/index.php?rest_route=\/wp\/v2\/posts"}],"about":[{"href":"https:\/\/gazetaregionalna.com\/index.php?rest_route=\/wp\/v2\/types\/post"}],"author":[{"embeddable":true,"href":"https:\/\/gazetaregionalna.com\/index.php?rest_route=\/wp\/v2\/users\/5"}],"replies":[{"embeddable":true,"href":"https:\/\/gazetaregionalna.com\/index.php?rest_route=%2Fwp%2Fv2%2Fcomments&post=130747"}],"version-history":[{"count":1,"href":"https:\/\/gazetaregionalna.com\/index.php?rest_route=\/wp\/v2\/posts\/130747\/revisions"}],"predecessor-version":[{"id":130748,"href":"https:\/\/gazetaregionalna.com\/index.php?rest_route=\/wp\/v2\/posts\/130747\/revisions\/130748"}],"wp:featuredmedia":[{"embeddable":true,"href":"https:\/\/gazetaregionalna.com\/index.php?rest_route=\/wp\/v2\/media\/130749"}],"wp:attachment":[{"href":"https:\/\/gazetaregionalna.com\/index.php?rest_route=%2Fwp%2Fv2%2Fmedia&parent=130747"}],"wp:term":[{"taxonomy":"category","embeddable":true,"href":"https:\/\/gazetaregionalna.com\/index.php?rest_route=%2Fwp%2Fv2%2Fcategories&post=130747"},{"taxonomy":"post_tag","embeddable":true,"href":"https:\/\/gazetaregionalna.com\/index.php?rest_route=%2Fwp%2Fv2%2Ftags&post=130747"}],"curies":[{"name":"wp","href":"https:\/\/api.w.org\/{rel}","templated":true}]}}