{"id":130538,"date":"2024-11-14T19:17:23","date_gmt":"2024-11-14T19:17:23","guid":{"rendered":"https:\/\/gazetaregionalna.com\/?p=130538"},"modified":"2024-11-14T19:20:35","modified_gmt":"2024-11-14T19:20:35","slug":"skra-nie-zagra-w-weekend-mecz-z-lks-em-ii-zostal-przelozony","status":"publish","type":"post","link":"https:\/\/gazetaregionalna.com\/?p=130538","title":{"rendered":"Skra nie zagra w weekend. Mecz z \u0141KS-em II zosta\u0142 prze\u0142o\u017cony"},"content":{"rendered":"\n<p>Planowany na 15 listopada mecz 2. ligi mi\u0119dzy Skr\u0105 Cz\u0119stochowa i \u0141KS-em II \u0141\u00f3d\u017a zosta\u0142 prze\u0142o\u017cony. Dru\u017cyny zagraj\u0105 w Cz\u0119stochowie 29 listopada o godz. 16.<\/p>\n\n\n\n<p>W pi\u0105tek pi\u0142karze Skry Cz\u0119stochowa mieli zmierzy\u0107 si\u0119 w meczu 18. kolejki Betclic 2. ligi z \u0141KS-em II \u0141\u00f3d\u017a. Spotkanie zosta\u0142o jednak prze\u0142o\u017cone na 29 listopada. Powodem s\u0105 powo\u0142ania zawodnik\u00f3w \u0141KS-u II do m\u0142odzie\u017cowej reprezentacji Polski.<\/p>\n\n\n\n<p>Skra w ostatnim meczu przegra\u0142a w Lubinie z Zag\u0142\u0119biem II. Na p\u00f3\u0142metku rozgrywek cz\u0119stochowscy pi\u0142karze zajmuj\u0105 przedostatnie, 17. miejsce. Cz\u0119stochowianie w 17. spotkaniach wygrali 6 mecz\u00f3w, 1 zremisowali i doznali 10 pora\u017cek. Po 17. meczach maj\u0105 na koncie 12 punkt\u00f3w. Przypomnijmy, \u017ce Skra zaczyna\u0142a sezon z -7 punktami i na pocz\u0105tku rundy jesiennej musia\u0142a odrabia\u0107 \u201ekarne\u201d straty&#8230;<\/p>\n\n\n\n<p>Kibice Skry maj\u0105 nadziej, \u017ce w ostatnich meczach 2024 roku pi\u0142karze Skry poprawi\u0105 sw\u00f3j dorobek punktowy, a w rundzie wiosennej zapewni\u0105 sobie utrzymanie.<\/p>\n\n\n\n<p>AK, fot: AK<\/p>\n\n\n\n<p>Partnerami relacji sportowych sportowych s\u0105:<\/p>\n\n\n\n<p>Servecom.pl &#8211; Multimedia i Komputery (www.servecom.pl)<\/p>\n\n\n\n<p>DMK Invest materia\u0142y budowlane Konopiska (www.dmkinvest.pl)<\/p>\n\n\n\n<figure class=\"wp-block-image size-large\"><img decoding=\"async\" width=\"1024\" height=\"714\" data-src=\"https:\/\/gazetaregionalna.com\/wp-content\/uploads\/2024\/09\/Skra-Cz-1024x714.jpg\" alt=\"\" class=\"wp-image-128243 lazyload\" data-srcset=\"https:\/\/gazetaregionalna.com\/wp-content\/uploads\/2024\/09\/Skra-Cz-1024x714.jpg 1024w, https:\/\/gazetaregionalna.com\/wp-content\/uploads\/2024\/09\/Skra-Cz-300x209.jpg 300w, https:\/\/gazetaregionalna.com\/wp-content\/uploads\/2024\/09\/Skra-Cz-768x536.jpg 768w, https:\/\/gazetaregionalna.com\/wp-content\/uploads\/2024\/09\/Skra-Cz.jpg 1200w\" data-sizes=\"(max-width: 1024px) 100vw, 1024px\" src=\"data:image\/svg+xml;base64,PHN2ZyB3aWR0aD0iMSIgaGVpZ2h0PSIxIiB4bWxucz0iaHR0cDovL3d3dy53My5vcmcvMjAwMC9zdmciPjwvc3ZnPg==\" style=\"--smush-placeholder-width: 1024px; --smush-placeholder-aspect-ratio: 1024\/714;\" \/><\/figure>\n\n\n\n<figure class=\"wp-block-image size-large is-resized\"><img decoding=\"async\" width=\"1024\" height=\"1024\" data-src=\"https:\/\/gazetaregionalna.com\/wp-content\/uploads\/2024\/11\/Servecom-1024x1024.jpeg\" alt=\"\" class=\"wp-image-130374 lazyload\" style=\"--smush-placeholder-width: 1024px; --smush-placeholder-aspect-ratio: 1024\/1024;width:840px;height:auto\" data-srcset=\"https:\/\/gazetaregionalna.com\/wp-content\/uploads\/2024\/11\/Servecom-1024x1024.jpeg 1024w, https:\/\/gazetaregionalna.com\/wp-content\/uploads\/2024\/11\/Servecom-300x300.jpeg 300w, https:\/\/gazetaregionalna.com\/wp-content\/uploads\/2024\/11\/Servecom-150x150.jpeg 150w, https:\/\/gazetaregionalna.com\/wp-content\/uploads\/2024\/11\/Servecom-768x768.jpeg 768w, https:\/\/gazetaregionalna.com\/wp-content\/uploads\/2024\/11\/Servecom-215x215.jpeg 215w, https:\/\/gazetaregionalna.com\/wp-content\/uploads\/2024\/11\/Servecom.jpeg 1200w\" data-sizes=\"(max-width: 1024px) 100vw, 1024px\" src=\"data:image\/svg+xml;base64,PHN2ZyB3aWR0aD0iMSIgaGVpZ2h0PSIxIiB4bWxucz0iaHR0cDovL3d3dy53My5vcmcvMjAwMC9zdmciPjwvc3ZnPg==\" \/><\/figure>\n\n\n\n<figure class=\"wp-block-image size-large\"><img decoding=\"async\" width=\"1024\" height=\"1024\" data-src=\"https:\/\/gazetaregionalna.com\/wp-content\/uploads\/2024\/04\/DMK-Invest-3-1024x1024.jpg\" alt=\"\" class=\"wp-image-123884 lazyload\" data-srcset=\"https:\/\/gazetaregionalna.com\/wp-content\/uploads\/2024\/04\/DMK-Invest-3-1024x1024.jpg 1024w, https:\/\/gazetaregionalna.com\/wp-content\/uploads\/2024\/04\/DMK-Invest-3-300x300.jpg 300w, https:\/\/gazetaregionalna.com\/wp-content\/uploads\/2024\/04\/DMK-Invest-3-150x150.jpg 150w, https:\/\/gazetaregionalna.com\/wp-content\/uploads\/2024\/04\/DMK-Invest-3-768x768.jpg 768w, https:\/\/gazetaregionalna.com\/wp-content\/uploads\/2024\/04\/DMK-Invest-3-1536x1536.jpg 1536w, https:\/\/gazetaregionalna.com\/wp-content\/uploads\/2024\/04\/DMK-Invest-3-2048x2048.jpg 2048w, https:\/\/gazetaregionalna.com\/wp-content\/uploads\/2024\/04\/DMK-Invest-3-215x215.jpg 215w, https:\/\/gazetaregionalna.com\/wp-content\/uploads\/2024\/04\/DMK-Invest-3-scaled.jpg 1600w\" data-sizes=\"(max-width: 1024px) 100vw, 1024px\" src=\"data:image\/svg+xml;base64,PHN2ZyB3aWR0aD0iMSIgaGVpZ2h0PSIxIiB4bWxucz0iaHR0cDovL3d3dy53My5vcmcvMjAwMC9zdmciPjwvc3ZnPg==\" style=\"--smush-placeholder-width: 1024px; --smush-placeholder-aspect-ratio: 1024\/1024;\" \/><\/figure>\n","protected":false},"excerpt":{"rendered":"<p>Planowany na 15 listopada mecz 2. ligi mi\u0119dzy Skr\u0105 Cz\u0119stochowa i \u0141KS-em II \u0141\u00f3d\u017a zosta\u0142 prze\u0142o\u017cony. Dru\u017cyny zagraj\u0105 w Cz\u0119stochowie 29 listopada o godz.<\/p>\n","protected":false},"author":15,"featured_media":128243,"comment_status":"closed","ping_status":"open","sticky":false,"template":"","format":"standard","meta":{"_monsterinsights_skip_tracking":false,"_monsterinsights_sitenote_active":false,"_monsterinsights_sitenote_note":"","_monsterinsights_sitenote_category":0,"_uf_show_specific_survey":0,"_uf_disable_surveys":false,"footnotes":""},"categories":[5,6],"tags":[],"class_list":["post-130538","post","type-post","status-publish","format-standard","has-post-thumbnail","hentry","category-sport","category-pilka-nozna"],"_links":{"self":[{"href":"https:\/\/gazetaregionalna.com\/index.php?rest_route=\/wp\/v2\/posts\/130538","targetHints":{"allow":["GET"]}}],"collection":[{"href":"https:\/\/gazetaregionalna.com\/index.php?rest_route=\/wp\/v2\/posts"}],"about":[{"href":"https:\/\/gazetaregionalna.com\/index.php?rest_route=\/wp\/v2\/types\/post"}],"author":[{"embeddable":true,"href":"https:\/\/gazetaregionalna.com\/index.php?rest_route=\/wp\/v2\/users\/15"}],"replies":[{"embeddable":true,"href":"https:\/\/gazetaregionalna.com\/index.php?rest_route=%2Fwp%2Fv2%2Fcomments&post=130538"}],"version-history":[{"count":1,"href":"https:\/\/gazetaregionalna.com\/index.php?rest_route=\/wp\/v2\/posts\/130538\/revisions"}],"predecessor-version":[{"id":130539,"href":"https:\/\/gazetaregionalna.com\/index.php?rest_route=\/wp\/v2\/posts\/130538\/revisions\/130539"}],"wp:featuredmedia":[{"embeddable":true,"href":"https:\/\/gazetaregionalna.com\/index.php?rest_route=\/wp\/v2\/media\/128243"}],"wp:attachment":[{"href":"https:\/\/gazetaregionalna.com\/index.php?rest_route=%2Fwp%2Fv2%2Fmedia&parent=130538"}],"wp:term":[{"taxonomy":"category","embeddable":true,"href":"https:\/\/gazetaregionalna.com\/index.php?rest_route=%2Fwp%2Fv2%2Fcategories&post=130538"},{"taxonomy":"post_tag","embeddable":true,"href":"https:\/\/gazetaregionalna.com\/index.php?rest_route=%2Fwp%2Fv2%2Ftags&post=130538"}],"curies":[{"name":"wp","href":"https:\/\/api.w.org\/{rel}","templated":true}]}}