{"id":130513,"date":"2024-11-13T06:49:52","date_gmt":"2024-11-13T06:49:52","guid":{"rendered":"https:\/\/gazetaregionalna.com\/?p=130513"},"modified":"2024-11-13T06:49:53","modified_gmt":"2024-11-13T06:49:53","slug":"nowy-radiowoz-dla-czestochowskiej-strazy-miejskiej-ma-sluzyc-mieszkankom-i-mieszkancom-czestochowy","status":"publish","type":"post","link":"https:\/\/gazetaregionalna.com\/?p=130513","title":{"rendered":"Nowy radiow\u00f3z dla cz\u0119stochowskiej Stra\u017cy Miejskiej. Ma s\u0142u\u017cy\u0107 mieszkankom i mieszka\u0144com Cz\u0119stochowy"},"content":{"rendered":"\n<p>Flota radiowoz\u00f3w cz\u0119stochowskiej Stra\u017cy Miejskiej wzbogaci\u0142a si\u0119 o Daci\u0119 Duster. We wtorek komendant cz\u0119stochowskiej Stra\u017cy Miejskiej Artur Ho\u0142ubiczko odebra\u0142 z r\u0105k prezydenta Krzysztofa Matyjaszczyka kluczyki do nowego pojazdu.<\/p>\n\n\n\n<p>W pa\u017adzierniku 2024 roku stra\u017cnicy miejscy otrzymali elektrycznego Hyundai Kona. Kolejnym nowym pojazdem jest hybryda Dacia Duster, kt\u00f3ra pozwoli zmniejszy\u0107 zu\u017cycie paliwa. Nowy radiow\u00f3z ma by\u0107 wykorzystywany przez stra\u017cnik\u00f3w miejskich przy: realizacji telefonicznych zg\u0142osze\u0144 od mieszkanek i mieszka\u0144c\u00f3w Cz\u0119stochowy oraz ich pisemnych skarg, podejmowaniu interwencji z miejskiego monitoringu wizyjnego Cz\u0119stochowy, patrolowaniu ulic miasta, zabezpieczaniu imprez miejskich, imprez masowych oraz innych wydarze\u0144 plenerowych oraz przy obserwowaniu punkt\u00f3w niebezpiecznych i zagro\u017conych.<\/p>\n\n\n\n<p>Wraz z przekazaniem nowego radiowozu cz\u0119stochowskiej Stra\u017cy Miejskiej odby\u0142o si\u0119 te\u017c przekazanie elektrycznego pojazdu dla Centrum Zarz\u0105dzania Kryzysowego.<\/p>\n\n\n\n<p>\u0179r\u00f3d\u0142o: www.sm.czestochowa.pl  <\/p>\n","protected":false},"excerpt":{"rendered":"<p>Flota radiowoz\u00f3w cz\u0119stochowskiej Stra\u017cy Miejskiej wzbogaci\u0142a si\u0119 o Daci\u0119 Duster. We wtorek komendant cz\u0119stochowskiej Stra\u017cy Miejskiej Artur Ho\u0142ubiczko odebra\u0142 z r\u0105k prezydenta Krzysztofa Matyjaszczyka<\/p>\n","protected":false},"author":25,"featured_media":130514,"comment_status":"closed","ping_status":"open","sticky":false,"template":"","format":"standard","meta":{"_monsterinsights_skip_tracking":false,"_monsterinsights_sitenote_active":false,"_monsterinsights_sitenote_note":"","_monsterinsights_sitenote_category":0,"_uf_show_specific_survey":0,"_uf_disable_surveys":false,"footnotes":""},"categories":[94,3,2],"tags":[],"class_list":["post-130513","post","type-post","status-publish","format-standard","has-post-thumbnail","hentry","category-polecane","category-czestochowa-informacje","category-wiadomosci"],"_links":{"self":[{"href":"https:\/\/gazetaregionalna.com\/index.php?rest_route=\/wp\/v2\/posts\/130513","targetHints":{"allow":["GET"]}}],"collection":[{"href":"https:\/\/gazetaregionalna.com\/index.php?rest_route=\/wp\/v2\/posts"}],"about":[{"href":"https:\/\/gazetaregionalna.com\/index.php?rest_route=\/wp\/v2\/types\/post"}],"author":[{"embeddable":true,"href":"https:\/\/gazetaregionalna.com\/index.php?rest_route=\/wp\/v2\/users\/25"}],"replies":[{"embeddable":true,"href":"https:\/\/gazetaregionalna.com\/index.php?rest_route=%2Fwp%2Fv2%2Fcomments&post=130513"}],"version-history":[{"count":1,"href":"https:\/\/gazetaregionalna.com\/index.php?rest_route=\/wp\/v2\/posts\/130513\/revisions"}],"predecessor-version":[{"id":130515,"href":"https:\/\/gazetaregionalna.com\/index.php?rest_route=\/wp\/v2\/posts\/130513\/revisions\/130515"}],"wp:featuredmedia":[{"embeddable":true,"href":"https:\/\/gazetaregionalna.com\/index.php?rest_route=\/wp\/v2\/media\/130514"}],"wp:attachment":[{"href":"https:\/\/gazetaregionalna.com\/index.php?rest_route=%2Fwp%2Fv2%2Fmedia&parent=130513"}],"wp:term":[{"taxonomy":"category","embeddable":true,"href":"https:\/\/gazetaregionalna.com\/index.php?rest_route=%2Fwp%2Fv2%2Fcategories&post=130513"},{"taxonomy":"post_tag","embeddable":true,"href":"https:\/\/gazetaregionalna.com\/index.php?rest_route=%2Fwp%2Fv2%2Ftags&post=130513"}],"curies":[{"name":"wp","href":"https:\/\/api.w.org\/{rel}","templated":true}]}}