{"id":130330,"date":"2024-11-06T22:04:38","date_gmt":"2024-11-06T22:04:38","guid":{"rendered":"https:\/\/gazetaregionalna.com\/?p=130330"},"modified":"2024-11-06T22:07:48","modified_gmt":"2024-11-06T22:07:48","slug":"szkolenia-strzeleckie-i-proobronne","status":"publish","type":"post","link":"https:\/\/gazetaregionalna.com\/?p=130330","title":{"rendered":"Szkolenia strzeleckie i proobronne dla uczni\u00f3w szk\u00f3\u0142 mundurowych oraz doros\u0142ych bez do\u015bwiadczenia strzeleckiego. Tego jeszcze w Cz\u0119stochowie nie by\u0142o!"},"content":{"rendered":"\n<h2 class=\"wp-block-heading\">Fundacja Ultra Systema organizuje dwa projekty: \u201eZosta\u0144 \u017co\u0142nierzem\u201d i \u201eStrzelaj z nami\u201d. Za ich spraw\u0105 ju\u017c listopadzie w Cz\u0119stochowie odb\u0119d\u0105 si\u0119 szkolenia strzeleckie oraz proobronne.<\/h2>\n\n\n\n<p><a href=\"https:\/\/www.facebook.com\/p\/Fundacja-Ultra-Systema-100086987952182\/\" target=\"_blank\" rel=\"noopener\">Fundacja Ultra Systema<\/a> zosta\u0142a powo\u0142ana w celu dzia\u0142ania na rzecz obronno\u015bci Polski, a tak\u017ce<br>propagowania strzelectwa. Wsp\u00f3\u0142pracuje m.in. z WOT oraz cz\u0119stochowskimi szko\u0142ami,<br>prowadz\u0105c szkolenia, pokazy, warsztaty. Cz\u0142onkowie Fundacji anga\u017cuj\u0105 si\u0119 w rozw\u00f3j umiej\u0119tno\u015bci<br>strzelania, stawiaj\u0105c sobie za cel zaszczepienie w ludziach pasji strzelectwa sportowego oraz<br>s\u0142u\u017cby wojskowej.<\/p>\n\n\n\n<figure class=\"wp-block-image size-full\"><img decoding=\"async\" width=\"790\" height=\"787\" data-src=\"https:\/\/gazetaregionalna.com\/wp-content\/uploads\/2024\/11\/LOGO-ULTRA-SYSTEMA-JPG-HD.jpg\" alt=\"\" class=\"wp-image-130335 lazyload\" data-srcset=\"https:\/\/gazetaregionalna.com\/wp-content\/uploads\/2024\/11\/LOGO-ULTRA-SYSTEMA-JPG-HD.jpg 790w, https:\/\/gazetaregionalna.com\/wp-content\/uploads\/2024\/11\/LOGO-ULTRA-SYSTEMA-JPG-HD-300x300.jpg 300w, https:\/\/gazetaregionalna.com\/wp-content\/uploads\/2024\/11\/LOGO-ULTRA-SYSTEMA-JPG-HD-150x150.jpg 150w, https:\/\/gazetaregionalna.com\/wp-content\/uploads\/2024\/11\/LOGO-ULTRA-SYSTEMA-JPG-HD-768x765.jpg 768w, https:\/\/gazetaregionalna.com\/wp-content\/uploads\/2024\/11\/LOGO-ULTRA-SYSTEMA-JPG-HD-215x215.jpg 215w\" data-sizes=\"(max-width: 790px) 100vw, 790px\" src=\"data:image\/svg+xml;base64,PHN2ZyB3aWR0aD0iMSIgaGVpZ2h0PSIxIiB4bWxucz0iaHR0cDovL3d3dy53My5vcmcvMjAwMC9zdmciPjwvc3ZnPg==\" style=\"--smush-placeholder-width: 790px; --smush-placeholder-aspect-ratio: 790\/787;\" \/><figcaption class=\"wp-element-caption\">archiwum Fundacji Ultra Systema<\/figcaption><\/figure>\n\n\n\n<p>Teraz za spraw\u0105 nowych projekt\u00f3w Fundacji Ultra System mo\u017cna spr\u00f3bowa\u0107 swoich si\u0142 w budowie schronienia i pozyskiwaniu wody, a tak\u017ce pozna\u0107 tajniki orientacji w terenie oraz topografii wojskowej. Uczestnicy poszerz\u0105 swoj\u0105 wiedz\u0119 o NATO i roli Polski w Sojuszu. Odb\u0119d\u0105 te\u017c trening strzelecki: po wprowadzeniu teoretycznym przejd\u0105 trening bezstrza\u0142owy, m.in. na strzelnicy multimedialnej w Zespole Szk\u00f3\u0142 im. Kochanowskiego. Na koniec zaplanowano zaj\u0119cia na strzelnicy: strzelanie z wybranych jednostek broni kr\u00f3tkiej i d\u0142ugiej zako\u0144czy trzydniowe szkolenie.<\/p>\n\n\n\n<p>Do udzia\u0142u w projekcie \u201eZosta\u0144 \u017co\u0142nierzem \u2013 szkolenie strzeleckie i proobronne\u201d Fundacja zaprasza<br>najlepszych uczni\u00f3w najstarszych klas mundurowych z cz\u0119stochowskich szk\u00f3\u0142 \u015brednich. Aby<br>zakwalifikowa\u0107 si\u0119 do udzia\u0142u, ka\u017cdy ch\u0119tny musi uzyska\u0107 rekomendacj\u0119 od swoich nauczycieli.<br>&#8211; W ten spos\u00f3b chcemy nagrodzi\u0107 osoby wyr\u00f3\u017cniaj\u0105ce si\u0119 wynikami i postaw\u0105 &#8211; podkre\u015blaj\u0105 organizatorzy. Trzydniowe zaj\u0119cia przewidziano w terminie od 13 do 15 listopada.<\/p>\n\n\n\n<figure class=\"wp-block-image size-large\"><img decoding=\"async\" width=\"1024\" height=\"461\" data-src=\"https:\/\/gazetaregionalna.com\/wp-content\/uploads\/2024\/11\/US1-1024x461.jpeg\" alt=\"\" class=\"wp-image-130336 lazyload\" data-srcset=\"https:\/\/gazetaregionalna.com\/wp-content\/uploads\/2024\/11\/US1-1024x461.jpeg 1024w, https:\/\/gazetaregionalna.com\/wp-content\/uploads\/2024\/11\/US1-300x135.jpeg 300w, https:\/\/gazetaregionalna.com\/wp-content\/uploads\/2024\/11\/US1-768x346.jpeg 768w, https:\/\/gazetaregionalna.com\/wp-content\/uploads\/2024\/11\/US1.jpeg 1200w\" data-sizes=\"(max-width: 1024px) 100vw, 1024px\" src=\"data:image\/svg+xml;base64,PHN2ZyB3aWR0aD0iMSIgaGVpZ2h0PSIxIiB4bWxucz0iaHR0cDovL3d3dy53My5vcmcvMjAwMC9zdmciPjwvc3ZnPg==\" style=\"--smush-placeholder-width: 1024px; --smush-placeholder-aspect-ratio: 1024\/461;\" \/><figcaption class=\"wp-element-caption\">archiwum Fundacji Ultra Systema<\/figcaption><\/figure>\n\n\n\n<p>Z kolei projekt \u201eStrzelaj z nami \u2013 podstawowe szkolenie strzeleckie i proobronne dla doros\u0142ych\u201d jest adresowany do tych, kt\u00f3rzy maj\u0105 ma\u0142e do\u015bwiadczenie strzeleckie lub nie maj\u0105 go w og\u00f3le. Udzia\u0142 w nim jest bezp\u0142atny, a szczeg\u00f3\u0142y dotycz\u0105ce rekrutacji znajduj\u0105 si\u0119 na stronie <a href=\"https:\/\/www.ultrasystema.pl\/\" target=\"_blank\" rel=\"noopener\">www.ultrasystema.pl<\/a>. To szkolenie odbywa\u0107 si\u0119 b\u0119dzie od 20 do 22 listopada.<br><br>Partnerami powy\u017cszych projekt\u00f3w s\u0105: Zesp\u00f3\u0142 Szk\u00f3\u0142 im. Kochanowskiego w Cz\u0119stochowie,<br>Urz\u0105d Miasta Cz\u0119stochowy, JuraPark Biskupice i ContraTac.<\/p>\n\n\n\n<figure class=\"wp-block-image size-large\"><img decoding=\"async\" width=\"1024\" height=\"939\" data-src=\"https:\/\/gazetaregionalna.com\/wp-content\/uploads\/2024\/11\/US3-1024x939.jpeg\" alt=\"\" class=\"wp-image-130333 lazyload\" data-srcset=\"https:\/\/gazetaregionalna.com\/wp-content\/uploads\/2024\/11\/US3-1024x939.jpeg 1024w, https:\/\/gazetaregionalna.com\/wp-content\/uploads\/2024\/11\/US3-300x275.jpeg 300w, https:\/\/gazetaregionalna.com\/wp-content\/uploads\/2024\/11\/US3-768x704.jpeg 768w, https:\/\/gazetaregionalna.com\/wp-content\/uploads\/2024\/11\/US3.jpeg 1200w\" data-sizes=\"(max-width: 1024px) 100vw, 1024px\" src=\"data:image\/svg+xml;base64,PHN2ZyB3aWR0aD0iMSIgaGVpZ2h0PSIxIiB4bWxucz0iaHR0cDovL3d3dy53My5vcmcvMjAwMC9zdmciPjwvc3ZnPg==\" style=\"--smush-placeholder-width: 1024px; --smush-placeholder-aspect-ratio: 1024\/939;\" \/><figcaption class=\"wp-element-caption\">archiwum Fundacji Ultra Systema<\/figcaption><\/figure>\n\n\n\n<p>Projekty wsp\u00f3\u0142finansowane ze \u015brodk\u00f3w Ministerstwa Obrony Narodowej w ramach programu \u201eI Ty<br>mo\u017cesz zosta\u0107 \u017co\u0142nierzem NATO \u2013 szkolenia strzeleckie i proobronne \u2013 25 lat obecno\u015bci w<br>Sojuszu\u201d.<\/p>\n\n\n\n<p>Jednym z partner\u00f3w medialnych tych dzia\u0142a\u0144 jest redakcja &#8222;Gazety Regionalnej&#8221;.<\/p>\n\n\n\n<p><strong>red., mat. Fundacji Ultra Systema<\/strong><\/p>\n","protected":false},"excerpt":{"rendered":"<p>Fundacja Ultra Systema organizuje dwa projekty: \u201eZosta\u0144 \u017co\u0142nierzem\u201d i \u201eStrzelaj z nami\u201d. Za ich spraw\u0105 ju\u017c listopadzie w Cz\u0119stochowie odb\u0119d\u0105 si\u0119 szkolenia strzeleckie oraz<\/p>\n","protected":false},"author":11,"featured_media":130334,"comment_status":"closed","ping_status":"open","sticky":false,"template":"","format":"standard","meta":{"_monsterinsights_skip_tracking":false,"_monsterinsights_sitenote_active":false,"_monsterinsights_sitenote_note":"","_monsterinsights_sitenote_category":0,"_uf_show_specific_survey":0,"_uf_disable_surveys":false,"footnotes":""},"categories":[2,44,3,41,94],"tags":[144,9300,2919,4953],"class_list":["post-130330","post","type-post","status-publish","format-standard","has-post-thumbnail","hentry","category-wiadomosci","category-bezpieczenstwo","category-czestochowa-informacje","category-edukacja","category-polecane","tag-czestochowa","tag-fundacja-ultra-systema","tag-projekt","tag-szkolenia"],"_links":{"self":[{"href":"https:\/\/gazetaregionalna.com\/index.php?rest_route=\/wp\/v2\/posts\/130330","targetHints":{"allow":["GET"]}}],"collection":[{"href":"https:\/\/gazetaregionalna.com\/index.php?rest_route=\/wp\/v2\/posts"}],"about":[{"href":"https:\/\/gazetaregionalna.com\/index.php?rest_route=\/wp\/v2\/types\/post"}],"author":[{"embeddable":true,"href":"https:\/\/gazetaregionalna.com\/index.php?rest_route=\/wp\/v2\/users\/11"}],"replies":[{"embeddable":true,"href":"https:\/\/gazetaregionalna.com\/index.php?rest_route=%2Fwp%2Fv2%2Fcomments&post=130330"}],"version-history":[{"count":4,"href":"https:\/\/gazetaregionalna.com\/index.php?rest_route=\/wp\/v2\/posts\/130330\/revisions"}],"predecessor-version":[{"id":130338,"href":"https:\/\/gazetaregionalna.com\/index.php?rest_route=\/wp\/v2\/posts\/130330\/revisions\/130338"}],"wp:featuredmedia":[{"embeddable":true,"href":"https:\/\/gazetaregionalna.com\/index.php?rest_route=\/wp\/v2\/media\/130334"}],"wp:attachment":[{"href":"https:\/\/gazetaregionalna.com\/index.php?rest_route=%2Fwp%2Fv2%2Fmedia&parent=130330"}],"wp:term":[{"taxonomy":"category","embeddable":true,"href":"https:\/\/gazetaregionalna.com\/index.php?rest_route=%2Fwp%2Fv2%2Fcategories&post=130330"},{"taxonomy":"post_tag","embeddable":true,"href":"https:\/\/gazetaregionalna.com\/index.php?rest_route=%2Fwp%2Fv2%2Ftags&post=130330"}],"curies":[{"name":"wp","href":"https:\/\/api.w.org\/{rel}","templated":true}]}}