{"id":130326,"date":"2024-11-06T21:37:10","date_gmt":"2024-11-06T21:37:10","guid":{"rendered":"https:\/\/gazetaregionalna.com\/?p=130326"},"modified":"2024-11-06T21:37:11","modified_gmt":"2024-11-06T21:37:11","slug":"pozar-przy-ul-baczynskiego","status":"publish","type":"post","link":"https:\/\/gazetaregionalna.com\/?p=130326","title":{"rendered":"Po\u017car mieszkania przy ul. Baczy\u0144skiego w Cz\u0119stochowie. Nie \u017cyje 63-latek"},"content":{"rendered":"\n<h2 class=\"wp-block-heading\">Do tragicznego w skutkach po\u017caru dosz\u0142o w nocy, 5 listopada przy ul. Baczy\u0144skiego w Cz\u0119stochowie. Stra\u017cacy wynie\u015bli z mieszkania nieprzytomn\u0105 67-latk\u0119, kt\u00f3ra trafi\u0142a do szpitala. Niestety, wewn\u0105trz odnale\u017ali cia\u0142o 63-latka. <\/h2>\n\n\n\n<p>5 listopada oko\u0142o 22.15 s\u0142u\u017cby ratownicze zosta\u0142y powiadomione o po\u017carze mieszkania przy ul. Baczy\u0144skiego w Cz\u0119stochowie. Policjanci i stra\u017cacy natychmiast przyjechali pod wskazany adres.  Okaza\u0142o si\u0119, \u017ce ogie\u0144 zaj\u0105\u0142 ca\u0142e mieszkanie na pi\u0105tym pi\u0119trze. Podj\u0119to wi\u0119c decyzj\u0119 o ewakuowaniu mieszka\u0144c\u00f3w.<\/p>\n\n\n\n<p>Podczas akcji stra\u017cacy odnale\u017ali w mieszkaniu nieprzytomn\u0105 67-letni\u0105 kobiet\u0119, kt\u00f3ra trafi\u0142a do szpitala. Niestety, w \u015brodku natrafili tak\u017ce na cia\u0142o 63-latka.<\/p>\n\n\n\n<p>Na miejscu \u015bledczy, pod nadzorem prokuratora, przeprowadzili ogl\u0119dziny. Wszelkie okoliczno\u015bci i przebieg tego tragicznego po\u017caru, zostan\u0105 wyja\u015bnione w trwaj\u0105cym post\u0119powaniu.<\/p>\n\n\n\n<p>Przy okazji tej tragedii KMP w Cz\u0119stochowie alarmuje, \u017ce w sezonie grzewczym dochodzi do cz\u0119stych zatru\u0107 tlenkiem w\u0119gla. -Czad, to cichy zab\u00f3jca, kt\u00f3ry dzia\u0142a bardzo szybko. Zach\u0119camy do monta\u017cu w domach czujnik\u00f3w, kt\u00f3re w por\u0119 zaalarmuj\u0105 o niebezpiecze\u0144stwie. To niewielki stosunkowo niewielki koszt, si\u0119gaj\u0105cy kilkudziesi\u0119ciu z\u0142otych, kt\u00f3ry jednak mo\u017ce uratowa\u0107 niejedno \u017cycie &#8211; ostrzegaj\u0105 mundurowi.<\/p>\n\n\n\n<p><strong>red., mat. KMP w Cz\u0119stochowie<\/strong><\/p>\n","protected":false},"excerpt":{"rendered":"<p>Do tragicznego w skutkach po\u017caru dosz\u0142o w nocy, 5 listopada przy ul. Baczy\u0144skiego w Cz\u0119stochowie. Stra\u017cacy wynie\u015bli z mieszkania nieprzytomn\u0105 67-latk\u0119, kt\u00f3ra trafi\u0142a do<\/p>\n","protected":false},"author":11,"featured_media":130328,"comment_status":"closed","ping_status":"open","sticky":false,"template":"","format":"standard","meta":{"_monsterinsights_skip_tracking":false,"_monsterinsights_sitenote_active":false,"_monsterinsights_sitenote_note":"","_monsterinsights_sitenote_category":0,"_uf_show_specific_survey":0,"_uf_disable_surveys":false,"footnotes":""},"categories":[44,3,2],"tags":[144,7209,103,3540,2842],"class_list":["post-130326","post","type-post","status-publish","format-standard","has-post-thumbnail","hentry","category-bezpieczenstwo","category-czestochowa-informacje","category-wiadomosci","tag-czestochowa","tag-kmp-w-czestochowie","tag-policja","tag-pozar","tag-straz-pozarna"],"_links":{"self":[{"href":"https:\/\/gazetaregionalna.com\/index.php?rest_route=\/wp\/v2\/posts\/130326","targetHints":{"allow":["GET"]}}],"collection":[{"href":"https:\/\/gazetaregionalna.com\/index.php?rest_route=\/wp\/v2\/posts"}],"about":[{"href":"https:\/\/gazetaregionalna.com\/index.php?rest_route=\/wp\/v2\/types\/post"}],"author":[{"embeddable":true,"href":"https:\/\/gazetaregionalna.com\/index.php?rest_route=\/wp\/v2\/users\/11"}],"replies":[{"embeddable":true,"href":"https:\/\/gazetaregionalna.com\/index.php?rest_route=%2Fwp%2Fv2%2Fcomments&post=130326"}],"version-history":[{"count":1,"href":"https:\/\/gazetaregionalna.com\/index.php?rest_route=\/wp\/v2\/posts\/130326\/revisions"}],"predecessor-version":[{"id":130327,"href":"https:\/\/gazetaregionalna.com\/index.php?rest_route=\/wp\/v2\/posts\/130326\/revisions\/130327"}],"wp:featuredmedia":[{"embeddable":true,"href":"https:\/\/gazetaregionalna.com\/index.php?rest_route=\/wp\/v2\/media\/130328"}],"wp:attachment":[{"href":"https:\/\/gazetaregionalna.com\/index.php?rest_route=%2Fwp%2Fv2%2Fmedia&parent=130326"}],"wp:term":[{"taxonomy":"category","embeddable":true,"href":"https:\/\/gazetaregionalna.com\/index.php?rest_route=%2Fwp%2Fv2%2Fcategories&post=130326"},{"taxonomy":"post_tag","embeddable":true,"href":"https:\/\/gazetaregionalna.com\/index.php?rest_route=%2Fwp%2Fv2%2Ftags&post=130326"}],"curies":[{"name":"wp","href":"https:\/\/api.w.org\/{rel}","templated":true}]}}