{"id":130268,"date":"2024-11-04T22:15:22","date_gmt":"2024-11-04T22:15:22","guid":{"rendered":"https:\/\/gazetaregionalna.com\/?p=130268"},"modified":"2024-11-04T22:15:24","modified_gmt":"2024-11-04T22:15:24","slug":"wernisaz-wystawy-niko-raica","status":"publish","type":"post","link":"https:\/\/gazetaregionalna.com\/?p=130268","title":{"rendered":"Miejska Galeria Sztuki. Wernisa\u017c wystawy Niko Rai\u010da &#8222;We Are Only Our Monuments&#8221;"},"content":{"rendered":"\n<h2 class=\"wp-block-heading\">We wtorek, 5 listopada Miejska Galeria Sztuki zaprasza na dwa wydarzenia, kt\u00f3rych bohaterem b\u0119dzie chorwacki artysta Niko Rai\u010d. Wernisa\u017c wystawy jego tw\u00f3rczo\u015bci poprzedzi bowiem promocja kalendarza artystycznego 2025.<\/h2>\n\n\n\n<p>Niko Rai\u010d to chorwacki artysta pracuj\u0105cy w Wielkiej Brytanii, Polsce i Austrii. Otrzyma\u0142 dyplom z malarstwa na Uniwersytecie Jana D\u0142ugosza w Cz\u0119stochowie (studia 2018-2023, PL), a nast\u0119pnie, po otrzymaniu austriackiego grantu mobilno\u015bci akademickiej (2018-2023), uko\u0144czy\u0142 studia w Royal College of Art (2024, Wielka Brytania). Pod wp\u0142ywem edukacji muzycznej w Konserwatorium Johanna Josepha Fuxa (AT, 2003-2018) artysta \u0142\u0105czy w swojej tw\u00f3rczo\u015bci elementy sztuk wizualnych z kreacj\u0105 d\u017awi\u0119ku.<\/p>\n\n\n\n<p>Do ostatnich jego projekt\u00f3w nalez\u0105 m.in. indywidualna wystawa \u201eThe light the day dany\u201d w Brompton Cemetery Chapel (2024, Londyn), coroczna wystawa SustainLab w Royal College of Art (2024, Londyn), inscenizacja \u201eMuzycznej Kolacji\u201d w Muzeum Sztuki Nowoczesnej w Warszawie (2023, Warszawa).<\/p>\n\n\n\n<p>Teraz pora na wystaw\u0119 \u201eWe Are Only Our Monuments\u201d prezentowan\u0105 w <a href=\"https:\/\/www.facebook.com\/profile.php?id=100048445875514\" target=\"_blank\" rel=\"noopener\">Miejskiej Galerii Sztuki<\/a>. Na ekspozycj\u0119 sk\u0142ada si\u0119 cykl prac wykonanych technik\u0105 cyjanotypii. &#8211; Cyjanotypia, kt\u00f3ra jest w istocie delikatn\u0105 gr\u0105 \u015bwiat\u0142a i czasu \u2013 jawi si\u0119 jako medium wykraczaj\u0105ce poza zwyk\u0142\u0105 reprezentacj\u0119. Zach\u0119ca do g\u0142\u0119bszego zaanga\u017cowania w to, co niewidzialne. Prace prezentowane na wystawie nale\u017cy traktowa\u0107 jak obszar bada\u0144 nad t\u0105 z\u0142o\u017con\u0105 relacj\u0105, ujawniaj\u0105c\u0105, w jaki spos\u00f3b sztuka mo\u017ce s\u0142u\u017cy\u0107 zar\u00f3wno jako lustro, jak i pomost dla niewidzialnych si\u0142, kt\u00f3re kszta\u0142tuj\u0105 nasz \u015bwiat &#8211; napisano na stronie instytucji.<\/p>\n\n\n\n<p>Obrazy Niko Rai\u010da powsta\u0142y w r\u00f3\u017cnych \u015brodowiskach, miejscach publicznych, porach dnia i warunkach pogodowych. P\u0142\u00f3tno staje si\u0119 \u017cywym archiwum chwilowych wra\u017ce\u0144, rejestruj\u0105c wszystko, od odcisk\u00f3w kropel deszczu, fa\u0142d powierzchni po efemeryczne gesty.<\/p>\n\n\n\n<p>Wernisa\u017c wystawy poprzedzi promocja kalendarza artystycznego 2025 z pracami Rai\u010da zrealizowanymi w ramach projektu \u201eChromatic Code\u201d z 2023, w kt\u00f3rym obrazy wsp\u00f3\u0142istniej\u0105 z dzie\u0142ami muzycznymi. Utwory muzyczne stworzy\u0142o dwunastu kompozytor\u00f3w z Royal College of Music i s\u0105 one udost\u0119pnione za pomoc\u0105 kod\u00f3w QR. Wydawc\u0105 kalendarza jest PWS Konstanta S.A., firma z bran\u017cy ubezpieczeniowej. <\/p>\n\n\n\n<p>Promocja kalendarza odb\u0119dzie si\u0119 o godz. 17.30 w sali kina OKF. Sam wernisa\u017c odb\u0119dzie si\u0119 ju\u017c w Sali \u015al\u0105skiej galerii. Pocz\u0105tek o godz. 18. Szczeg\u00f3\u0142y: <a href=\"https:\/\/galeria.czest.pl\/\" target=\"_blank\" rel=\"noopener\">galeria.czest.pl<\/a>.<\/p>\n\n\n\n<p><strong>red., mat. MGS<\/strong><\/p>\n","protected":false},"excerpt":{"rendered":"<p>We wtorek, 5 listopada Miejska Galeria Sztuki zaprasza na dwa wydarzenia, kt\u00f3rych bohaterem b\u0119dzie chorwacki artysta Niko Rai\u010d. Wernisa\u017c wystawy jego tw\u00f3rczo\u015bci poprzedzi bowiem<\/p>\n","protected":false},"author":11,"featured_media":130269,"comment_status":"closed","ping_status":"open","sticky":false,"template":"","format":"standard","meta":{"_monsterinsights_skip_tracking":false,"_monsterinsights_sitenote_active":false,"_monsterinsights_sitenote_note":"","_monsterinsights_sitenote_category":0,"_uf_show_specific_survey":0,"_uf_disable_surveys":false,"footnotes":""},"categories":[12,3,94,2],"tags":[144,643,1467,187],"class_list":["post-130268","post","type-post","status-publish","format-standard","has-post-thumbnail","hentry","category-kultura-i-rozrywka","category-czestochowa-informacje","category-polecane","category-wiadomosci","tag-czestochowa","tag-miejska-galeria-sztuki","tag-wernisaz","tag-wystawa"],"_links":{"self":[{"href":"https:\/\/gazetaregionalna.com\/index.php?rest_route=\/wp\/v2\/posts\/130268","targetHints":{"allow":["GET"]}}],"collection":[{"href":"https:\/\/gazetaregionalna.com\/index.php?rest_route=\/wp\/v2\/posts"}],"about":[{"href":"https:\/\/gazetaregionalna.com\/index.php?rest_route=\/wp\/v2\/types\/post"}],"author":[{"embeddable":true,"href":"https:\/\/gazetaregionalna.com\/index.php?rest_route=\/wp\/v2\/users\/11"}],"replies":[{"embeddable":true,"href":"https:\/\/gazetaregionalna.com\/index.php?rest_route=%2Fwp%2Fv2%2Fcomments&post=130268"}],"version-history":[{"count":1,"href":"https:\/\/gazetaregionalna.com\/index.php?rest_route=\/wp\/v2\/posts\/130268\/revisions"}],"predecessor-version":[{"id":130270,"href":"https:\/\/gazetaregionalna.com\/index.php?rest_route=\/wp\/v2\/posts\/130268\/revisions\/130270"}],"wp:featuredmedia":[{"embeddable":true,"href":"https:\/\/gazetaregionalna.com\/index.php?rest_route=\/wp\/v2\/media\/130269"}],"wp:attachment":[{"href":"https:\/\/gazetaregionalna.com\/index.php?rest_route=%2Fwp%2Fv2%2Fmedia&parent=130268"}],"wp:term":[{"taxonomy":"category","embeddable":true,"href":"https:\/\/gazetaregionalna.com\/index.php?rest_route=%2Fwp%2Fv2%2Fcategories&post=130268"},{"taxonomy":"post_tag","embeddable":true,"href":"https:\/\/gazetaregionalna.com\/index.php?rest_route=%2Fwp%2Fv2%2Ftags&post=130268"}],"curies":[{"name":"wp","href":"https:\/\/api.w.org\/{rel}","templated":true}]}}