{"id":130249,"date":"2024-11-04T20:35:13","date_gmt":"2024-11-04T20:35:13","guid":{"rendered":"https:\/\/gazetaregionalna.com\/?p=130249"},"modified":"2024-11-04T20:35:14","modified_gmt":"2024-11-04T20:35:14","slug":"art-price-po-raz-drugi","status":"publish","type":"post","link":"https:\/\/gazetaregionalna.com\/?p=130249","title":{"rendered":"Art Price po raz drugi w cz\u0119stochowskiej Konduktorowni. Trzydniowe targi sztuki rozpoczn\u0105 si\u0119 9 listopada"},"content":{"rendered":"\n<h2 class=\"wp-block-heading\">W Konduktorowni, siedzibie Regionalnego Towarzystwa Zach\u0119ty Sztuk Pi\u0119knych w Cz\u0119stochowie odb\u0119dzie si\u0119 druga edycja Art Price. Targi sztuki rozpoczn\u0105 si\u0119 9 listopada.<\/h2>\n\n\n\n<p>Impreza b\u0119dzie mia\u0142a charakter targ\u00f3w sztuki. Zaprezentowane zostan\u0105 prace kilku artyst\u00f3w zwi\u0105zanych z <a href=\"https:\/\/www.facebook.com\/RegionalneTowarzystwoZachetySztukPieknych\" target=\"_blank\" rel=\"noopener\">Konduktorowni\u0105<\/a> i zaanga\u017cowanych w dzia\u0142alno\u015b\u0107 Regionalnego Towarzystwa Zach\u0119ty Sztuk Pi\u0119knych w Cz\u0119stochowie. &#8211; Wystawione dzie\u0142a b\u0119dzie mo\u017cna naby\u0107 w bardzo atrakcyjnych cenach autorskich. B\u0119dzie to r\u00f3wnie\u017c okazja do spotkania i bezpo\u015bredniej rozmowy z artystami, kt\u00f3rzy ch\u0119tnie odpowiedz\u0105 na wszystkie pytania. Opowiedz\u0105 o tym, jak powstaj\u0105 ich prace oraz co ich inspiruje i pobudza do tw\u00f3rczego dzia\u0142ania. Podpowiedz\u0105 i doradz\u0105, co wybra\u0107 aby ozdobi\u0107 i wzbogaci\u0107 swoje wn\u0119trze &#8211; zapowiadaj\u0105 organizatorzy.<\/p>\n\n\n\n<p>Cz\u0119\u015b\u0107 dochod\u00f3w zostanie przekazana na dzia\u0142alno\u015b\u0107 statutow\u0105 RTZSP w Cz\u0119stochowie.<\/p>\n\n\n\n<p>W tegorocznym projekcie udzia\u0142 wezm\u0105: Bartosz Fr\u0105czek, Tomasz Lubaszka, Redi Bo, Magdalena St\u0119pniak, Ma\u0142gorzata St\u0119pniak, Theseus (Aleksandra Cupia\u0142 &amp; Szymon Parafiniak) i Justyna Warwas.<\/p>\n\n\n\n<figure class=\"wp-block-image size-large\"><img decoding=\"async\" width=\"724\" height=\"1024\" data-src=\"https:\/\/gazetaregionalna.com\/wp-content\/uploads\/2024\/11\/ART-PRICE-poster-A3-724x1024.jpg\" alt=\"\" class=\"wp-image-130250 lazyload\" data-srcset=\"https:\/\/gazetaregionalna.com\/wp-content\/uploads\/2024\/11\/ART-PRICE-poster-A3-724x1024.jpg 724w, https:\/\/gazetaregionalna.com\/wp-content\/uploads\/2024\/11\/ART-PRICE-poster-A3-212x300.jpg 212w, https:\/\/gazetaregionalna.com\/wp-content\/uploads\/2024\/11\/ART-PRICE-poster-A3-768x1086.jpg 768w, https:\/\/gazetaregionalna.com\/wp-content\/uploads\/2024\/11\/ART-PRICE-poster-A3-1086x1536.jpg 1086w, https:\/\/gazetaregionalna.com\/wp-content\/uploads\/2024\/11\/ART-PRICE-poster-A3-scaled.jpg 1131w\" data-sizes=\"(max-width: 724px) 100vw, 724px\" src=\"data:image\/svg+xml;base64,PHN2ZyB3aWR0aD0iMSIgaGVpZ2h0PSIxIiB4bWxucz0iaHR0cDovL3d3dy53My5vcmcvMjAwMC9zdmciPjwvc3ZnPg==\" style=\"--smush-placeholder-width: 724px; --smush-placeholder-aspect-ratio: 724\/1024;\" \/><figcaption class=\"wp-element-caption\">mat. prasowe<\/figcaption><\/figure>\n\n\n\n<p><strong>Program drugiej edycji ART PRICE:<\/strong><\/p>\n\n\n\n<p>9.11.2024 godz.16.00 otwarcie targ\u00f3w<\/p>\n\n\n\n<p>10.11.2024 godz. 16.00-20.00 &#8211; godziny dla zwiedzaj\u0105cych<\/p>\n\n\n\n<p>11.11. 2024 godz. 16.00-20.00 &#8211; godziny dla zwiedzaj\u0105cych, zako\u0144czenie targ\u00f3w<\/p>\n\n\n\n<p><strong>red.<\/strong><\/p>\n","protected":false},"excerpt":{"rendered":"<p>W Konduktorowni, siedzibie Regionalnego Towarzystwa Zach\u0119ty Sztuk Pi\u0119knych w Cz\u0119stochowie odb\u0119dzie si\u0119 druga edycja Art Price. Targi sztuki rozpoczn\u0105 si\u0119 9 listopada. Impreza b\u0119dzie<\/p>\n","protected":false},"author":11,"featured_media":130252,"comment_status":"closed","ping_status":"open","sticky":false,"template":"","format":"standard","meta":{"_monsterinsights_skip_tracking":false,"_monsterinsights_sitenote_active":false,"_monsterinsights_sitenote_note":"","_monsterinsights_sitenote_category":0,"_uf_show_specific_survey":0,"_uf_disable_surveys":false,"footnotes":""},"categories":[12,3,2],"tags":[144,2359,353,8535],"class_list":["post-130249","post","type-post","status-publish","format-standard","has-post-thumbnail","hentry","category-kultura-i-rozrywka","category-czestochowa-informacje","category-wiadomosci","tag-czestochowa","tag-konduktorownia","tag-sztuka","tag-targi-sztuki"],"_links":{"self":[{"href":"https:\/\/gazetaregionalna.com\/index.php?rest_route=\/wp\/v2\/posts\/130249","targetHints":{"allow":["GET"]}}],"collection":[{"href":"https:\/\/gazetaregionalna.com\/index.php?rest_route=\/wp\/v2\/posts"}],"about":[{"href":"https:\/\/gazetaregionalna.com\/index.php?rest_route=\/wp\/v2\/types\/post"}],"author":[{"embeddable":true,"href":"https:\/\/gazetaregionalna.com\/index.php?rest_route=\/wp\/v2\/users\/11"}],"replies":[{"embeddable":true,"href":"https:\/\/gazetaregionalna.com\/index.php?rest_route=%2Fwp%2Fv2%2Fcomments&post=130249"}],"version-history":[{"count":2,"href":"https:\/\/gazetaregionalna.com\/index.php?rest_route=\/wp\/v2\/posts\/130249\/revisions"}],"predecessor-version":[{"id":130253,"href":"https:\/\/gazetaregionalna.com\/index.php?rest_route=\/wp\/v2\/posts\/130249\/revisions\/130253"}],"wp:featuredmedia":[{"embeddable":true,"href":"https:\/\/gazetaregionalna.com\/index.php?rest_route=\/wp\/v2\/media\/130252"}],"wp:attachment":[{"href":"https:\/\/gazetaregionalna.com\/index.php?rest_route=%2Fwp%2Fv2%2Fmedia&parent=130249"}],"wp:term":[{"taxonomy":"category","embeddable":true,"href":"https:\/\/gazetaregionalna.com\/index.php?rest_route=%2Fwp%2Fv2%2Fcategories&post=130249"},{"taxonomy":"post_tag","embeddable":true,"href":"https:\/\/gazetaregionalna.com\/index.php?rest_route=%2Fwp%2Fv2%2Ftags&post=130249"}],"curies":[{"name":"wp","href":"https:\/\/api.w.org\/{rel}","templated":true}]}}