{"id":129928,"date":"2024-10-25T09:35:12","date_gmt":"2024-10-25T09:35:12","guid":{"rendered":"https:\/\/gazetaregionalna.com\/?p=129928"},"modified":"2024-10-25T09:35:17","modified_gmt":"2024-10-25T09:35:17","slug":"bransoletka","status":"publish","type":"post","link":"https:\/\/gazetaregionalna.com\/?p=129928","title":{"rendered":"Czerwona bransoletka z kamieniami naturalnymi \u2013 Tw\u00f3j talizman szcz\u0119\u015bcia"},"content":{"rendered":"\n<h2 class=\"wp-block-heading\"><strong>Znasz to uczucie, kiedy zak\u0142adasz co\u015b wyj\u0105tkowego i od razu czujesz, \u017ce dzie\u0144 mo\u017ce by\u0107 lepszy? Dla mnie tak\u0105 rol\u0119 odgrywaj\u0105 czerwone bransoletki z kamieniami naturalnymi. Co\u015b w nich jest \u2013 to nie tylko dodatek do stylizacji, ale r\u00f3wnie\u017c pewna energia, kt\u00f3ra towarzyszy nam przez ca\u0142y dzie\u0144. Mo\u017ce to symbolika koloru, mo\u017ce moc kamieni\u2026 a mo\u017ce po prostu to my same w te rzeczy wierzymy, nadaj\u0105c im szczeg\u00f3lne znaczenie?<\/strong><\/h2>\n\n\n\n<h2 class=\"wp-block-heading\">Si\u0142a czerwieni \u2013 dlaczego warto j\u0105 mie\u0107 blisko siebie?<\/h2>\n\n\n\n<p>Czerwie\u0144 to kolor, kt\u00f3ry kojarzy si\u0119 z \u017cyciem, mi\u0142o\u015bci\u0105, ale i ochron\u0105. Kiedy\u015b pomy\u015bla\u0142am: \u201edlaczego nie spr\u00f3bowa\u0107 nosi\u0107 czego\u015b, co ma w sobie tak mocn\u0105 energi\u0119?\u201d. Zak\u0142adaj\u0105c <a href=\"https:\/\/prana.pl\/pol_m_Bransoletki-srebrne_Bransoletki-czerwone-743.html\" target=\"_blank\" rel=\"noopener\">czerwone bransoletki na szcz\u0119\u015bcie<\/a>, zawsze mam wra\u017cenie, \u017ce dodaj\u0119 sobie odwagi. I nie chodzi tylko o mod\u0119 \u2013 chocia\u017c wiadomo, \u017ce czerwone dodatki zawsze robi\u0105 wra\u017cenie \u2013 ale bardziej o to uczucie, kt\u00f3re mi towarzyszy. Gdzie\u015b kiedy\u015b czyta\u0142am, \u017ce czerwie\u0144 chroni przed z\u0142ymi energiami, a ja po prostu zacz\u0119\u0142am w to wierzy\u0107.<\/p>\n\n\n\n<p>Czy faktycznie czerwona bransoletka mo\u017ce mnie chroni\u0107? Nie wiem. Ale wiem, \u017ce czuj\u0119 si\u0119 z ni\u0105 lepiej, pewniej. Czasem sama wiara w co\u015b jest wystarczaj\u0105co silna, \u017ceby dzia\u0142a\u0142o. Kiedy\u015b, po wyj\u0105tkowo trudnym spotkaniu, poczu\u0142am, \u017ce ta czerwona bransoletka da\u0142a mi si\u0142\u0119, kt\u00f3rej w sobie nie widzia\u0142am wcze\u015bniej. Troch\u0119 jakby przypomina\u0142a mi, \u017ce wszystko b\u0119dzie dobrze.<\/p>\n\n\n\n<h2 class=\"wp-block-heading\">Granat \u2013 kamie\u0144, kt\u00f3ry zawsze dodaje mi energii<\/h2>\n\n\n\n<p>Jednym z moich ulubionych kamieni jest granat. Pami\u0119tam, jak znalaz\u0142am bransoletk\u0119 z granatem na jednym z targ\u00f3w r\u0119kodzie\u0142a. To by\u0142o co\u015b! G\u0142\u0119bokie odcienie czerwieni, niemal wpadaj\u0105ce w burgund, od razu przyci\u0105gn\u0119\u0142y m\u00f3j wzrok. Kupi\u0142am j\u0105 bez zastanowienia i od tamtej pory nosz\u0119, gdy potrzebuj\u0119 wsparcia. Czy to dzia\u0142a? Nie wiem, ale czuj\u0119 si\u0119 z ni\u0105 inaczej. Jakby przypomina\u0142a mi, \u017ce mam si\u0142\u0119, by przej\u015b\u0107 przez trudno\u015bci. Zdarza\u0142o mi si\u0119 zak\u0142ada\u0107 j\u0105 na wa\u017cne wydarzenia, spotkania, kt\u00f3re wymaga\u0142y ode mnie pe\u0142nego skupienia i odwagi. Zawsze wtedy czu\u0142am, \u017ce granat w jaki\u015b spos\u00f3b pomaga\u0142 mi trzyma\u0107 si\u0119 na nogach.<\/p>\n\n\n\n<p><\/p>\n\n\n\n<figure class=\"wp-block-image size-full is-resized\"><img decoding=\"async\" width=\"1000\" height=\"667\" data-src=\"https:\/\/gazetaregionalna.com\/wp-content\/uploads\/2024\/10\/3795_bransoletka_rubin1000x667.jpg\" alt=\"\" class=\"wp-image-129929 lazyload\" style=\"--smush-placeholder-width: 1000px; --smush-placeholder-aspect-ratio: 1000\/667;width:565px;height:auto\" data-srcset=\"https:\/\/gazetaregionalna.com\/wp-content\/uploads\/2024\/10\/3795_bransoletka_rubin1000x667.jpg 1000w, https:\/\/gazetaregionalna.com\/wp-content\/uploads\/2024\/10\/3795_bransoletka_rubin1000x667-300x200.jpg 300w, https:\/\/gazetaregionalna.com\/wp-content\/uploads\/2024\/10\/3795_bransoletka_rubin1000x667-768x512.jpg 768w\" data-sizes=\"(max-width: 1000px) 100vw, 1000px\" src=\"data:image\/svg+xml;base64,PHN2ZyB3aWR0aD0iMSIgaGVpZ2h0PSIxIiB4bWxucz0iaHR0cDovL3d3dy53My5vcmcvMjAwMC9zdmciPjwvc3ZnPg==\" \/><\/figure>\n\n\n\n<p><\/p>\n\n\n\n<h2 class=\"wp-block-heading\">Rubin \u2013 kamie\u0144 mi\u0142o\u015bci i ochrony<\/h2>\n\n\n\n<p>Rubin to kolejny z tych kamieni, kt\u00f3re od razu kojarz\u0105 mi si\u0119 z czym\u015b wi\u0119cej ni\u017c tylko bi\u017cuteri\u0105. Kiedy\u015b podczas podr\u00f3\u017cy do Tajlandii dowiedzia\u0142am si\u0119, \u017ce rubiny s\u0105 tam uwa\u017cane za kamienie ochronne, a noszenie ich blisko cia\u0142a ma nas chroni\u0107 przed negatywn\u0105 energi\u0105. My\u015blisz, \u017ce to dzia\u0142a? Nie wiem, ale odk\u0105d mam swoj\u0105 rubinow\u0105 bransoletk\u0119, czuj\u0119 si\u0119 bardziej chroniona \u2013 mo\u017ce to kwestia samej wiary w te wszystkie legendy, kt\u00f3re s\u0142ysza\u0142am.<\/p>\n\n\n\n<p>Cz\u0119sto zak\u0142adam j\u0105 na wa\u017cne okazje \u2013 uroczysto\u015bci, spotkania rodzinne, ale tak\u017ce wtedy, gdy po prostu chc\u0119 czu\u0107, \u017ce mam przy sobie co\u015b wyj\u0105tkowego. Rubin to dla mnie kamie\u0144, kt\u00f3ry \u0142\u0105czy w sobie mi\u0142o\u015b\u0107 i ochron\u0119, a bransoletka z rubinem zawsze jest jak taki osobisty talizman.<\/p>\n\n\n\n<h2 class=\"wp-block-heading\">Noszenie bransoletki \u2013 ma\u0142e przypomnienie o sile<\/h2>\n\n\n\n<p>Nie wiem, jak to jest u ciebie, ale dla mnie bi\u017cuteria cz\u0119sto ma symboliczne znaczenie. Mo\u017ce dlatego tak bardzo przywi\u0105zuj\u0119 si\u0119 do rzeczy, kt\u00f3re nosz\u0119. Czerwona bransoletka z kamieniem naturalnym to taki ma\u0142y przypominacz o tym, \u017ce si\u0142a jest we mnie. Czasem patrz\u0119 na ni\u0105 w trakcie dnia i my\u015bl\u0119: \u201eokej, dasz rad\u0119\u201d. Mo\u017ce to tylko bi\u017cuteria, ale dla mnie ma w sobie co\u015b wi\u0119cej.<\/p>\n\n\n\n<p>Zreszt\u0105, to te\u017c fajne uczucie, gdy kto\u015b zapyta: \u201ewow, sk\u0105d masz tak\u0105 bransoletk\u0119?\u201d. Wtedy mog\u0119 opowiedzie\u0107 o jej historii, o kamieniach, kt\u00f3re maj\u0105 swoje w\u0142asne legendy, i o tym, dlaczego tak bardzo lubi\u0119 j\u0105 nosi\u0107. Ka\u017cda bransoletka ma swoj\u0105 histori\u0119, a ta czerwona \u2013 swoj\u0105 osobist\u0105 moc. Osobi\u015bcie, nie wyobra\u017cam sobie codziennych wyzwa\u0144 bez mojej ulubionej bransoletki. A Ty? Mo\u017ce warto spr\u00f3bowa\u0107 i przekona\u0107 si\u0119, jakie uczucia obudzi w Tobie czerwona bransoletka z naturalnym kamieniem?<\/p>\n","protected":false},"excerpt":{"rendered":"<p>Znasz to uczucie, kiedy zak\u0142adasz co\u015b wyj\u0105tkowego i od razu czujesz, \u017ce dzie\u0144 mo\u017ce by\u0107 lepszy? Dla mnie tak\u0105 rol\u0119 odgrywaj\u0105 czerwone bransoletki z<\/p>\n","protected":false},"author":5,"featured_media":129931,"comment_status":"closed","ping_status":"open","sticky":false,"template":"","format":"standard","meta":{"_monsterinsights_skip_tracking":false,"_monsterinsights_sitenote_active":false,"_monsterinsights_sitenote_note":"","_monsterinsights_sitenote_category":0,"_uf_show_specific_survey":0,"_uf_disable_surveys":false,"footnotes":""},"categories":[1329],"tags":[9273,9274,9272],"class_list":["post-129928","post","type-post","status-publish","format-standard","has-post-thumbnail","hentry","category-gadgets","tag-czerwona-bransoletka","tag-kamienie-naturalne","tag-talizman-szczescia"],"_links":{"self":[{"href":"https:\/\/gazetaregionalna.com\/index.php?rest_route=\/wp\/v2\/posts\/129928","targetHints":{"allow":["GET"]}}],"collection":[{"href":"https:\/\/gazetaregionalna.com\/index.php?rest_route=\/wp\/v2\/posts"}],"about":[{"href":"https:\/\/gazetaregionalna.com\/index.php?rest_route=\/wp\/v2\/types\/post"}],"author":[{"embeddable":true,"href":"https:\/\/gazetaregionalna.com\/index.php?rest_route=\/wp\/v2\/users\/5"}],"replies":[{"embeddable":true,"href":"https:\/\/gazetaregionalna.com\/index.php?rest_route=%2Fwp%2Fv2%2Fcomments&post=129928"}],"version-history":[{"count":1,"href":"https:\/\/gazetaregionalna.com\/index.php?rest_route=\/wp\/v2\/posts\/129928\/revisions"}],"predecessor-version":[{"id":129930,"href":"https:\/\/gazetaregionalna.com\/index.php?rest_route=\/wp\/v2\/posts\/129928\/revisions\/129930"}],"wp:featuredmedia":[{"embeddable":true,"href":"https:\/\/gazetaregionalna.com\/index.php?rest_route=\/wp\/v2\/media\/129931"}],"wp:attachment":[{"href":"https:\/\/gazetaregionalna.com\/index.php?rest_route=%2Fwp%2Fv2%2Fmedia&parent=129928"}],"wp:term":[{"taxonomy":"category","embeddable":true,"href":"https:\/\/gazetaregionalna.com\/index.php?rest_route=%2Fwp%2Fv2%2Fcategories&post=129928"},{"taxonomy":"post_tag","embeddable":true,"href":"https:\/\/gazetaregionalna.com\/index.php?rest_route=%2Fwp%2Fv2%2Ftags&post=129928"}],"curies":[{"name":"wp","href":"https:\/\/api.w.org\/{rel}","templated":true}]}}