{"id":129679,"date":"2024-10-19T16:23:26","date_gmt":"2024-10-19T16:23:26","guid":{"rendered":"https:\/\/gazetaregionalna.com\/?p=129679"},"modified":"2024-10-19T16:23:28","modified_gmt":"2024-10-19T16:23:28","slug":"wygrana-siatkarzy-eco-team-azs-ujd-stoelzle-w-nowej-hali","status":"publish","type":"post","link":"https:\/\/gazetaregionalna.com\/?p=129679","title":{"rendered":"Wygrana siatkarzy Eco-Team AZS UJD Stoelzle w nowej hali"},"content":{"rendered":"\n<p>W sobotnim meczu siatkarskiej 2. ligi zawodnicy Eco-Team AZS UJD Stoelzle Cz\u0119stochowa pokonali Tub\u0105dzin MOSiR Volley Sieradz 3:1.<\/p>\n\n\n\n<p>Dla cz\u0119stochowskich siatkarzy by\u0142 to pierwszy mecz w hali Akademickiego Centrum Sportu UJD. Cz\u0119stochowianie pokonali Tub\u0105dzin 3:1 i zdobyli kolejne 3 punkty.<\/p>\n\n\n\n<p>Dla cz\u0119stochowian by\u0142o to 3 zwyci\u0119stwo w sezonie.<\/p>\n\n\n\n<p>AK, fot: AK<\/p>\n\n\n\n<p>Partnerami relacji sportowych s\u0105:<\/p>\n\n\n\n<p>DMK Invest materia\u0142y budowlane Konopiska (www.dmkinvest.pl)<\/p>\n\n\n\n<p>Fonex. Alarmy i monitoringi (www.fonex.pl)<\/p>\n\n\n\n<p><\/p>\n","protected":false},"excerpt":{"rendered":"<p>W sobotnim meczu siatkarskiej 2. ligi zawodnicy Eco-Team AZS UJD Stoelzle Cz\u0119stochowa pokonali Tub\u0105dzin MOSiR Volley Sieradz 3:1. Dla cz\u0119stochowskich siatkarzy by\u0142 to pierwszy<\/p>\n","protected":false},"author":15,"featured_media":116734,"comment_status":"closed","ping_status":"open","sticky":false,"template":"","format":"standard","meta":{"_monsterinsights_skip_tracking":false,"_monsterinsights_sitenote_active":false,"_monsterinsights_sitenote_note":"","_monsterinsights_sitenote_category":0,"_uf_show_specific_survey":0,"_uf_disable_surveys":false,"footnotes":""},"categories":[5,8],"tags":[],"class_list":["post-129679","post","type-post","status-publish","format-standard","has-post-thumbnail","hentry","category-sport","category-siatkowka"],"_links":{"self":[{"href":"https:\/\/gazetaregionalna.com\/index.php?rest_route=\/wp\/v2\/posts\/129679","targetHints":{"allow":["GET"]}}],"collection":[{"href":"https:\/\/gazetaregionalna.com\/index.php?rest_route=\/wp\/v2\/posts"}],"about":[{"href":"https:\/\/gazetaregionalna.com\/index.php?rest_route=\/wp\/v2\/types\/post"}],"author":[{"embeddable":true,"href":"https:\/\/gazetaregionalna.com\/index.php?rest_route=\/wp\/v2\/users\/15"}],"replies":[{"embeddable":true,"href":"https:\/\/gazetaregionalna.com\/index.php?rest_route=%2Fwp%2Fv2%2Fcomments&post=129679"}],"version-history":[{"count":1,"href":"https:\/\/gazetaregionalna.com\/index.php?rest_route=\/wp\/v2\/posts\/129679\/revisions"}],"predecessor-version":[{"id":129680,"href":"https:\/\/gazetaregionalna.com\/index.php?rest_route=\/wp\/v2\/posts\/129679\/revisions\/129680"}],"wp:featuredmedia":[{"embeddable":true,"href":"https:\/\/gazetaregionalna.com\/index.php?rest_route=\/wp\/v2\/media\/116734"}],"wp:attachment":[{"href":"https:\/\/gazetaregionalna.com\/index.php?rest_route=%2Fwp%2Fv2%2Fmedia&parent=129679"}],"wp:term":[{"taxonomy":"category","embeddable":true,"href":"https:\/\/gazetaregionalna.com\/index.php?rest_route=%2Fwp%2Fv2%2Fcategories&post=129679"},{"taxonomy":"post_tag","embeddable":true,"href":"https:\/\/gazetaregionalna.com\/index.php?rest_route=%2Fwp%2Fv2%2Ftags&post=129679"}],"curies":[{"name":"wp","href":"https:\/\/api.w.org\/{rel}","templated":true}]}}