{"id":129272,"date":"2024-10-13T07:51:37","date_gmt":"2024-10-13T07:51:37","guid":{"rendered":"https:\/\/gazetaregionalna.com\/?p=129272"},"modified":"2024-10-13T07:51:38","modified_gmt":"2024-10-13T07:51:38","slug":"kibice-ze-stowarzyszenia-wieczny-rakow-pamietaja-o-trenerze-i-legendzie-rakowa-zbigniewie-doboszu","status":"publish","type":"post","link":"https:\/\/gazetaregionalna.com\/?p=129272","title":{"rendered":"Kibice ze Stowarzyszenia Wieczny Rak\u00f3w pami\u0119taj\u0105 o trenerze i legendzie Rakowa Zbigniewie Doboszu"},"content":{"rendered":"\n<p>12 pa\u017adziernika kibice ze Stowarzyszenia Wieczny Rak\u00f3w upami\u0119tnili trenera Zbigniewa Dobosza, kt\u00f3ry jest legend\u0105 Rakowa. Jako pierwszy cz\u0119stochowski szkoleniowiec awansowa\u0142 z Rakowem do najwy\u017cszej polskiej ligi.<\/p>\n\n\n\n<p>Kibice najpierw spotkali si\u0119 na mszy \u015bwi\u0119tej w intencji \u015bp. trenera Zbigniewa Dobosza. Nast\u0119pnie przeszli przed obelisk znajduj\u0105cy si\u0119 w pobli\u017cu stadionu i z\u0142o\u017cyli kwiaty.<\/p>\n\n\n\n<p>Na koniec odby\u0142 si\u0119 mecz pi\u0142ki no\u017cnej. Kibice zagrali z by\u0142ymi pi\u0142karzami, kt\u00f3rych trenowa\u0142 Zbigniew Dobosz.<\/p>\n\n\n\n<p>AK, fot: AK<\/p>\n\n\n\n<p><\/p>\n","protected":false},"excerpt":{"rendered":"<p>12 pa\u017adziernika kibice ze Stowarzyszenia Wieczny Rak\u00f3w upami\u0119tnili trenera Zbigniewa Dobosza, kt\u00f3ry jest legend\u0105 Rakowa. Jako pierwszy cz\u0119stochowski szkoleniowiec awansowa\u0142 z Rakowem do najwy\u017cszej<\/p>\n","protected":false},"author":15,"featured_media":127092,"comment_status":"closed","ping_status":"open","sticky":false,"template":"","format":"standard","meta":{"_monsterinsights_skip_tracking":false,"_monsterinsights_sitenote_active":false,"_monsterinsights_sitenote_note":"","_monsterinsights_sitenote_category":0,"_uf_show_specific_survey":0,"_uf_disable_surveys":false,"footnotes":""},"categories":[5,6],"tags":[],"class_list":["post-129272","post","type-post","status-publish","format-standard","has-post-thumbnail","hentry","category-sport","category-pilka-nozna"],"_links":{"self":[{"href":"https:\/\/gazetaregionalna.com\/index.php?rest_route=\/wp\/v2\/posts\/129272","targetHints":{"allow":["GET"]}}],"collection":[{"href":"https:\/\/gazetaregionalna.com\/index.php?rest_route=\/wp\/v2\/posts"}],"about":[{"href":"https:\/\/gazetaregionalna.com\/index.php?rest_route=\/wp\/v2\/types\/post"}],"author":[{"embeddable":true,"href":"https:\/\/gazetaregionalna.com\/index.php?rest_route=\/wp\/v2\/users\/15"}],"replies":[{"embeddable":true,"href":"https:\/\/gazetaregionalna.com\/index.php?rest_route=%2Fwp%2Fv2%2Fcomments&post=129272"}],"version-history":[{"count":1,"href":"https:\/\/gazetaregionalna.com\/index.php?rest_route=\/wp\/v2\/posts\/129272\/revisions"}],"predecessor-version":[{"id":129273,"href":"https:\/\/gazetaregionalna.com\/index.php?rest_route=\/wp\/v2\/posts\/129272\/revisions\/129273"}],"wp:featuredmedia":[{"embeddable":true,"href":"https:\/\/gazetaregionalna.com\/index.php?rest_route=\/wp\/v2\/media\/127092"}],"wp:attachment":[{"href":"https:\/\/gazetaregionalna.com\/index.php?rest_route=%2Fwp%2Fv2%2Fmedia&parent=129272"}],"wp:term":[{"taxonomy":"category","embeddable":true,"href":"https:\/\/gazetaregionalna.com\/index.php?rest_route=%2Fwp%2Fv2%2Fcategories&post=129272"},{"taxonomy":"post_tag","embeddable":true,"href":"https:\/\/gazetaregionalna.com\/index.php?rest_route=%2Fwp%2Fv2%2Ftags&post=129272"}],"curies":[{"name":"wp","href":"https:\/\/api.w.org\/{rel}","templated":true}]}}