{"id":129246,"date":"2024-10-12T20:59:05","date_gmt":"2024-10-12T20:59:05","guid":{"rendered":"https:\/\/gazetaregionalna.com\/?p=129246"},"modified":"2024-10-12T20:59:06","modified_gmt":"2024-10-12T20:59:06","slug":"festiwal-wiedzy-i-kultury-europejskiej-13-14-pazdziernika","status":"publish","type":"post","link":"https:\/\/gazetaregionalna.com\/?p=129246","title":{"rendered":"FESTIWAL WIEDZY I KULTURY EUROPEJSKIEJ 13-14 pa\u017adziernika."},"content":{"rendered":"\n<p>W niedziel\u0119 rozpocznie si\u0119 organizowany przez Uniwersytet Jana D\u0142ugosza w Cz\u0119stochowie Festiwal Wiedzy i Kultury Europejskiej. Impreza, kt\u00f3ra b\u0119dzie odbywa\u0107 si\u0119 w centrum akademickim przy ul. Zbierskiego jest  pe\u0142na atrakcji potrwa 2 dni<\/p>\n\n\n\n<p>Program niedzieli 13 pa\u017adziernika:<\/p>\n\n\n\n<p><strong>12.00-12.15 \u00a0\u2013 Prezentacja wydarze\u0144 i atrakcji<\/strong><br><strong>12.15-12.30 \u00a0\u2013 Europejskie Show \u2013 Pokazy taneczne (Hiszpania , cz. I)<\/strong><br><strong>12.30-13.30 \u00a0\u2013 Wyst\u0119py przedszkoli<\/strong><br><strong>13.30-14.00 \u00a0\u2013 Europejskie Show \u2013 Pokazy taneczne (Francja, cz. I)<\/strong><br><strong>14.00-14.30 \u2013 \u00a0Uroczysta Ceremonia Otwarcia Festiwalu<\/strong><br><strong>14.30-15.30 \u2013 \u00a0Koncert Muzyki Europejskiej w wykonaniu Zespo\u0142u Wokalnego Katedry Muzyki i Ch\u00f3ru Akademickiego Uniwersytetu Jana D\u0142ugosza w Cz\u0119stochowie<\/strong><br><strong>15.30-16.00 \u2013 Freestyle \u2013 Pokazy na scenie i interaktywne warsztaty z publiczno\u015bci\u0105\u00a0<\/strong><br><strong>16.00-16.20 \u2013 Raper MIKSER \u2013 &#8222;Europa da si\u0119 lubi\u0107&#8221;<\/strong><br><strong>16.20-16.40 \u2013 Europejskie Show \u2013 Pokazy taneczne (Niemcy, cz. I)<\/strong><br><strong>16.40-17.00 \u2013 Freestyle \u2013 Pokazy na scenie i Interaktywne warsztaty z publiczno\u015bci\u0105\u00a0<\/strong><br><strong>17.00-17.15 \u2013 Wr\u0119czenie nagr\u00f3d i podzi\u0119kowania dla przedszkoli<\/strong><br><strong>17:15-17:30 \u2013 Raper MIKSER \u2013 &#8222;Europa da si\u0119 lubi\u0107&#8221; cz. II<\/strong><br><strong>17.30-18.00 \u2013 Zesp\u00f3\u0142 Ludowy \u2013 koncert na fina\u0142<\/strong><\/p>\n\n\n\n<p>W poniedzia\u0142ek natomiast zapraszamy do budynku Uniwersytetu przy Waszyngtona na Forum Uniwersyteckie &#8221; Razem w Unii Europejskiej&#8221;<\/p>\n\n\n\n<p><strong>9:00-9:15: Uroczyste otwarcie Forum<br>9:15-10:15: Panel I: Inicjatywa Uniwersytet\u00f3w Europejskich.<br>Prowadz\u0105cy: dr hab. in\u017c. Marcin Sosnowski, prof. UJD<br>10:15-10:30: Przerwa kawowa.<br>10:30-11:30: Panel II: Umi\u0119dzynarodowienie nauki.<br>Prowadz\u0105cy: dr hab. Bogus\u0142aw Przywora, prof. UJD<br>11:30-11:45: Wyst\u0119p artystyczny.<br>11:45-12:45: Panel III: Kultura, sztuka i sport &#8211; uniwersalny j\u0119zyk Europy.<br>Prowadz\u0105cy: dr hab. Jakub Jakubowski, prof. UJD<br>12:45-13:15: Przerwa na lunch.<br>13:15-14:00: Panel IV: Wsp\u00f3\u0142praca z partnerami na linii nauka-przemys\u0142.<br>Prowadz\u0105cy: dr Kordian Chamerski<br>14:00-14:45: Panel V: Wsp\u00f3lne kszta\u0142cenie na rzecz rozwoju i integracji region\u00f3w.<br>Prowadz\u0105cy: dr Anna Nowik-Zaj\u0105c, prof. UJD<br>14:45-15:30: Panel VI: Program Erasmus+.<br>Prowadz\u0105cy: mgr Agnieszka Je\u017c-Jakubczak<\/strong><\/p>\n\n\n\n<p>Zapraszamy do uczestnictwa, co wa\u017cne wej\u015bcie na imprez\u0119 jest ca\u0142kowicie darmowe. <\/p>\n\n\n\n<p><\/p>\n","protected":false},"excerpt":{"rendered":"<p>W niedziel\u0119 rozpocznie si\u0119 organizowany przez Uniwersytet Jana D\u0142ugosza w Cz\u0119stochowie Festiwal Wiedzy i Kultury Europejskiej. Impreza, kt\u00f3ra b\u0119dzie odbywa\u0107 si\u0119 w centrum akademickim<\/p>\n","protected":false},"author":2,"featured_media":129265,"comment_status":"closed","ping_status":"open","sticky":false,"template":"","format":"standard","meta":{"_monsterinsights_skip_tracking":false,"_monsterinsights_sitenote_active":false,"_monsterinsights_sitenote_note":"","_monsterinsights_sitenote_category":0,"_uf_show_specific_survey":0,"_uf_disable_surveys":false,"footnotes":""},"categories":[41],"tags":[7631],"class_list":["post-129246","post","type-post","status-publish","format-standard","has-post-thumbnail","hentry","category-edukacja","tag-uniwersytet-jana-dlugosza"],"_links":{"self":[{"href":"https:\/\/gazetaregionalna.com\/index.php?rest_route=\/wp\/v2\/posts\/129246","targetHints":{"allow":["GET"]}}],"collection":[{"href":"https:\/\/gazetaregionalna.com\/index.php?rest_route=\/wp\/v2\/posts"}],"about":[{"href":"https:\/\/gazetaregionalna.com\/index.php?rest_route=\/wp\/v2\/types\/post"}],"author":[{"embeddable":true,"href":"https:\/\/gazetaregionalna.com\/index.php?rest_route=\/wp\/v2\/users\/2"}],"replies":[{"embeddable":true,"href":"https:\/\/gazetaregionalna.com\/index.php?rest_route=%2Fwp%2Fv2%2Fcomments&post=129246"}],"version-history":[{"count":2,"href":"https:\/\/gazetaregionalna.com\/index.php?rest_route=\/wp\/v2\/posts\/129246\/revisions"}],"predecessor-version":[{"id":129266,"href":"https:\/\/gazetaregionalna.com\/index.php?rest_route=\/wp\/v2\/posts\/129246\/revisions\/129266"}],"wp:featuredmedia":[{"embeddable":true,"href":"https:\/\/gazetaregionalna.com\/index.php?rest_route=\/wp\/v2\/media\/129265"}],"wp:attachment":[{"href":"https:\/\/gazetaregionalna.com\/index.php?rest_route=%2Fwp%2Fv2%2Fmedia&parent=129246"}],"wp:term":[{"taxonomy":"category","embeddable":true,"href":"https:\/\/gazetaregionalna.com\/index.php?rest_route=%2Fwp%2Fv2%2Fcategories&post=129246"},{"taxonomy":"post_tag","embeddable":true,"href":"https:\/\/gazetaregionalna.com\/index.php?rest_route=%2Fwp%2Fv2%2Ftags&post=129246"}],"curies":[{"name":"wp","href":"https:\/\/api.w.org\/{rel}","templated":true}]}}