{"id":129240,"date":"2024-10-12T18:22:11","date_gmt":"2024-10-12T18:22:11","guid":{"rendered":"https:\/\/gazetaregionalna.com\/?p=129240"},"modified":"2024-10-12T21:00:28","modified_gmt":"2024-10-12T21:00:28","slug":"winnica-sitak-elzbieta-i-grzegorz-sitakowie","status":"publish","type":"post","link":"https:\/\/gazetaregionalna.com\/?p=129240","title":{"rendered":"Winnica Si&#8217;Tak \u2013 El\u017cbieta i Grzegorz Sitakowie. Najlepsze wina prosto z jurajskiego Olsztyn"},"content":{"rendered":"\n<h2 class=\"wp-block-heading\">To miejsce narodzi\u0142o si\u0119 z pasji i mi\u0142o\u015bci do wina. Winnica Grzegorza Sitaka to tak\u017ce efekt wyniku naturalnego rozwini\u0119cia rodzinnego biznesu i idei promowania kultury.<\/h2>\n\n\n\n<p>W 2007 roku u podn\u00f3\u017ca ruin zamkowych stan\u0119\u0142a jedna z najcenniejszych budowli architektury drewnianej Jury \u2013 modrzewiowy Spichlerz z 1783 roku przeniesiony z Borowna. Wzorowo odrestaurowany obiekt<br>doskonale wkomponowa\u0142 si\u0119 w jurajski krajobraz. Jego w\u0142a\u015bciciele otrzymali w 2008 roku najwy\u017csz\u0105 nagrod\u0119 Generalnego Konserwatora Zabytk\u00f3w \u2013 \u201eZabytek Zadbany\u201d. Modrzewiowy Spichlerz jest jednym z najbardziej warto\u015bciowych przyk\u0142ad\u00f3w staropolskiej architektury ludowej. Obecnie znajduje si\u0119 tam<br>klimatyczna restauracja, kt\u00f3rej w\u0142a\u015bcicielami s\u0105 El\u017cbieta i Grzegorz Sitakowie.<\/p>\n\n\n\n<figure class=\"wp-block-image size-large\"><img decoding=\"async\" width=\"1024\" height=\"683\" data-src=\"https:\/\/gazetaregionalna.com\/wp-content\/uploads\/2024\/10\/DSC09995-1024x683.jpg\" alt=\"\" class=\"wp-image-129250 lazyload\" data-srcset=\"https:\/\/gazetaregionalna.com\/wp-content\/uploads\/2024\/10\/DSC09995-1024x683.jpg 1024w, https:\/\/gazetaregionalna.com\/wp-content\/uploads\/2024\/10\/DSC09995-300x200.jpg 300w, https:\/\/gazetaregionalna.com\/wp-content\/uploads\/2024\/10\/DSC09995-768x512.jpg 768w, https:\/\/gazetaregionalna.com\/wp-content\/uploads\/2024\/10\/DSC09995.jpg 1200w\" data-sizes=\"(max-width: 1024px) 100vw, 1024px\" src=\"data:image\/svg+xml;base64,PHN2ZyB3aWR0aD0iMSIgaGVpZ2h0PSIxIiB4bWxucz0iaHR0cDovL3d3dy53My5vcmcvMjAwMC9zdmciPjwvc3ZnPg==\" style=\"--smush-placeholder-width: 1024px; --smush-placeholder-aspect-ratio: 1024\/683;\" \/><\/figure>\n\n\n\n<h2 class=\"wp-block-heading\">Pionierskie dokonania<\/h2>\n\n\n\n<p>-Najpierw by\u0142a restauracja, p\u00f3\u017aniej narodzi\u0142a si\u0119 my\u015bl o produkcji w\u0142asnego wina. Od idei do realizacji nied\u0142uga droga, kilkana\u015bcie lat temu nasadzili\u015bmy pierwsze winoro\u015bla. Jednak zanim do tego dosz\u0142o odwiedzi\u0142 nas Wiktor Szpak, kt\u00f3ry prowadzi Winnic\u0119 Jasiel, i kt\u00f3rego wina  s\u0105 znane oraz cenione nie tylko w Polsce. Wiktor pobra\u0142 pr\u00f3bki ziemi do badania, a potem wybra\u0142 teren pod winnic\u0119, na zboczu, po przeciwnej stronie spichlerza \u2013 zdradza Grzegorz Sitak, olszty\u0144ski przedsi\u0119biorca i w\u0142a\u015bciciel restauracji <a href=\"https:\/\/www.facebook.com\/spichlerzolsztyn\" target=\"_blank\" rel=\"noopener\">Spichlerz<\/a>.<\/p>\n\n\n\n<p>Co ciekawe: przed laty zanim poch\u0142on\u0119\u0142o go prowadzenie restauracji i winiarstwo, przyczyni\u0142 si\u0119 do rozpropagowania pirotechniki cywilnej i widowiskowej w Polsce.<\/p>\n\n\n\n<figure class=\"wp-block-image size-large\"><img decoding=\"async\" width=\"1024\" height=\"683\" data-src=\"https:\/\/gazetaregionalna.com\/wp-content\/uploads\/2024\/10\/DSC00065-1024x683.jpg\" alt=\"\" class=\"wp-image-129248 lazyload\" data-srcset=\"https:\/\/gazetaregionalna.com\/wp-content\/uploads\/2024\/10\/DSC00065-1024x683.jpg 1024w, https:\/\/gazetaregionalna.com\/wp-content\/uploads\/2024\/10\/DSC00065-300x200.jpg 300w, https:\/\/gazetaregionalna.com\/wp-content\/uploads\/2024\/10\/DSC00065-768x512.jpg 768w, https:\/\/gazetaregionalna.com\/wp-content\/uploads\/2024\/10\/DSC00065.jpg 1200w\" data-sizes=\"(max-width: 1024px) 100vw, 1024px\" src=\"data:image\/svg+xml;base64,PHN2ZyB3aWR0aD0iMSIgaGVpZ2h0PSIxIiB4bWxucz0iaHR0cDovL3d3dy53My5vcmcvMjAwMC9zdmciPjwvc3ZnPg==\" style=\"--smush-placeholder-width: 1024px; --smush-placeholder-aspect-ratio: 1024\/683;\" \/><\/figure>\n\n\n\n<p>Wymy\u015bli\u0142 te\u017c i stworzy\u0142 pierwsz\u0105 w kraju imprez\u0119 masow\u0105 pod szyldem \u201eMi\u0119dzynarodowy Pokaz Pirotechniki i Laser\u00f3w\u201d (wydarzenie odbywa\u0142o si\u0119 w latach 90. na b\u0142oniach olszty\u0144skiego zamku i gromadzi\u0142o ponad dwustutysi\u0119czn\u0105 publiczno\u015b\u0107). Za t\u0119 dzia\u0142alno\u015b\u0107 zebra\u0142 prawie wszystkie<br>europejskie nagrody dla pirotechnik\u00f3w.<\/p>\n\n\n\n<p>Dzi\u015b Grzegorz Sitak pionierem jest r\u00f3wnie\u017c w kwestii win, bo te polskie ci\u0105gle nale\u017c\u0105 do rzadko\u015bci. Ta pasja mocno si\u0119 rozwija.<\/p>\n\n\n\n<figure class=\"wp-block-image size-large\"><img decoding=\"async\" width=\"1024\" height=\"683\" data-src=\"https:\/\/gazetaregionalna.com\/wp-content\/uploads\/2024\/10\/DSC00056-1024x683.jpg\" alt=\"\" class=\"wp-image-129254 lazyload\" data-srcset=\"https:\/\/gazetaregionalna.com\/wp-content\/uploads\/2024\/10\/DSC00056-1024x683.jpg 1024w, https:\/\/gazetaregionalna.com\/wp-content\/uploads\/2024\/10\/DSC00056-300x200.jpg 300w, https:\/\/gazetaregionalna.com\/wp-content\/uploads\/2024\/10\/DSC00056-768x512.jpg 768w, https:\/\/gazetaregionalna.com\/wp-content\/uploads\/2024\/10\/DSC00056.jpg 1200w\" data-sizes=\"(max-width: 1024px) 100vw, 1024px\" src=\"data:image\/svg+xml;base64,PHN2ZyB3aWR0aD0iMSIgaGVpZ2h0PSIxIiB4bWxucz0iaHR0cDovL3d3dy53My5vcmcvMjAwMC9zdmciPjwvc3ZnPg==\" style=\"--smush-placeholder-width: 1024px; --smush-placeholder-aspect-ratio: 1024\/683;\" \/><\/figure>\n\n\n\n<h2 class=\"wp-block-heading\">Seyval, muskat, sibera i nie tylko<\/h2>\n\n\n\n<p>Winnica zaczyna\u0142a od 2 tys. krzak\u00f3w, a aktualnie liczba nasadze\u0144 wzros\u0142a do ponad 3 tys. W sezonie, w olszty\u0144skiej winnicy produkowanych jest do ok. 3 tys. litr\u00f3w wina! \u2013 Produkujemy wino bia\u0142e i czerwone ze szczep\u00f3w seyval, muskat, sibera, rondo, regent i dorse \u2013 wylicza w\u0142a\u015bciciel winnicy. Ka\u017cdy rz\u0105d winoro\u015bli zaczyna si\u0119 i ko\u0144czy krzewem r\u00f3\u017canym. Nie chodzi tu tylko o efekt wizualny: r\u00f3\u017ce jako ro\u015bliny delikatne i wymagaj\u0105ce szczeg\u00f3lnej opieki, stanowi\u0105 wyznacznik stanu zdrowia winoro\u015bli. Tym samym, je\u015bli r\u00f3\u017ce zaczynaj\u0105 chorowa\u0107, to znak, \u017ce trzeba zada\u0107 o dobrostan winoro\u015bli. <\/p>\n\n\n\n<figure class=\"wp-block-image size-large\"><img decoding=\"async\" width=\"1024\" height=\"683\" data-src=\"https:\/\/gazetaregionalna.com\/wp-content\/uploads\/2024\/10\/DSC00054-1024x683.jpg\" alt=\"\" class=\"wp-image-129253 lazyload\" data-srcset=\"https:\/\/gazetaregionalna.com\/wp-content\/uploads\/2024\/10\/DSC00054-1024x683.jpg 1024w, https:\/\/gazetaregionalna.com\/wp-content\/uploads\/2024\/10\/DSC00054-300x200.jpg 300w, https:\/\/gazetaregionalna.com\/wp-content\/uploads\/2024\/10\/DSC00054-768x512.jpg 768w, https:\/\/gazetaregionalna.com\/wp-content\/uploads\/2024\/10\/DSC00054.jpg 1200w\" data-sizes=\"(max-width: 1024px) 100vw, 1024px\" src=\"data:image\/svg+xml;base64,PHN2ZyB3aWR0aD0iMSIgaGVpZ2h0PSIxIiB4bWxucz0iaHR0cDovL3d3dy53My5vcmcvMjAwMC9zdmciPjwvc3ZnPg==\" style=\"--smush-placeholder-width: 1024px; --smush-placeholder-aspect-ratio: 1024\/683;\" \/><\/figure>\n\n\n\n<p>Co bardzo wa\u017cne: w wszystko powstaje tu na miejscu. Winnica zapewnia produkt ca\u0142kowicie lokalny, stanowi\u0105cy wizyt\u00f3wk\u0119 jurajskiego regionu. <a href=\"https:\/\/www.facebook.com\/winnicasitak\" target=\"_blank\" rel=\"noopener\">Winnica Si\u2019Tak <\/a>posiada wi\u0119c w\u0142asne t\u0142ocznie, prasy, kadzie do<br>procesu fermentacji czy sedymentacji\u2026 \u2013 Wszystko robimy sami, to nasz w\u0142asny, regionalny wyr\u00f3b \u2013 zaznacza Grzegorz Sitak. \u2013 W dzia\u0142aniach tych wspiera nas c\u00f3rka Kamila \u2013 malarka, kt\u00f3rej wizerunki<br>obraz\u00f3w widniej\u0105 na etykietach butelek z winem \u2013 dodaje (tu podkre\u015blmy, \u017ce dzi\u0119ki temu ka\u017cda butelka to dzie\u0142o sztuki).<\/p>\n\n\n\n<h2 class=\"wp-block-heading\">Magia smaku polskiego wina<\/h2>\n\n\n\n<p>Warto doda\u0107, \u017ce wina z winnicy Si\u2019Tak od pocz\u0105tku promuj\u0105 Jurajski Festiwal Sztuki i Wina (w tym roku impreza doczeka\u0142a si\u0119 \u00f3smej ods\u0142ony). \u2013 Czuj\u0119 si\u0119 odpowiedzialny za ten festiwal. To ja podsun\u0105\u0142em<br>ten pomys\u0142. Jako przyk\u0142ad pokaza\u0142em inne \u015bwi\u0119ta wina i zaproponowa\u0142em, \u017ceby podobna impreza odbywa\u0142a si\u0119 tak\u017ce u nas. Idea spodoba\u0142a si\u0119 i tak od kilku lat Jurajski Festiwal Sztuki i Wina przyci\u0105ga turyst\u00f3w z r\u00f3\u017cnych stron kraju \u2013 podkre\u015bla inicjator imprezy.<\/p>\n\n\n\n<figure class=\"wp-block-image size-large\"><img decoding=\"async\" width=\"712\" height=\"1024\" data-src=\"https:\/\/gazetaregionalna.com\/wp-content\/uploads\/2024\/10\/plakat-B1-Si-Tak-712x1024.jpg\" alt=\"\" class=\"wp-image-129251 lazyload\" data-srcset=\"https:\/\/gazetaregionalna.com\/wp-content\/uploads\/2024\/10\/plakat-B1-Si-Tak-712x1024.jpg 712w, https:\/\/gazetaregionalna.com\/wp-content\/uploads\/2024\/10\/plakat-B1-Si-Tak-209x300.jpg 209w, https:\/\/gazetaregionalna.com\/wp-content\/uploads\/2024\/10\/plakat-B1-Si-Tak-768x1105.jpg 768w, https:\/\/gazetaregionalna.com\/wp-content\/uploads\/2024\/10\/plakat-B1-Si-Tak-1068x1536.jpg 1068w, https:\/\/gazetaregionalna.com\/wp-content\/uploads\/2024\/10\/plakat-B1-Si-Tak-scaled.jpg 1112w\" data-sizes=\"(max-width: 712px) 100vw, 712px\" src=\"data:image\/svg+xml;base64,PHN2ZyB3aWR0aD0iMSIgaGVpZ2h0PSIxIiB4bWxucz0iaHR0cDovL3d3dy53My5vcmcvMjAwMC9zdmciPjwvc3ZnPg==\" style=\"--smush-placeholder-width: 712px; --smush-placeholder-aspect-ratio: 712\/1024;\" \/><\/figure>\n\n\n\n<p>Rodzina Sitak\u00f3w uczy smaku polskiego wina. Wino produkowane w winnicy Si&#8217;Tak mo\u017cna zar\u00f3wno degustowa\u0107, jak i zakupi\u0107 w Restauracji Spichlerz w Olsztynie, kt\u00f3rej widok rozpo\u015bciera si\u0119 nie tylko na ruiny czternastowiecznego zamku, ale i same winoro\u015bla (szczeg\u00f3\u0142y www.spichlerz.net).<\/p>\n\n\n\n<p>Do dyspozycji go\u015bci jest r\u00f3wnie\u017c wykuta w skale wapiennej piwnica, tam przechowywane s\u0105 wina, kt\u00f3re le\u017cakuj\u0105 zar\u00f3wno w kadziach, beczkach, jak i butelkach. Tu dzieje si\u0119 ca\u0142a magia produkcji.<\/p>\n\n\n\n<p><strong>red.<\/strong><\/p>\n\n\n\n<p>Czytaj tak\u017ce: <a href=\"https:\/\/gazetaregionalna.com\/hubertus-2024-swieto\/\">Hubertus 2024. Widowiskowe \u015bwi\u0119to je\u017ad\u017ac\u00f3w, my\u015bliwych i le\u015bnik\u00f3w<\/a><\/p>\n\n\n\n<figure class=\"wp-block-gallery has-nested-images columns-default is-cropped wp-block-gallery-1 is-layout-flex wp-block-gallery-is-layout-flex\">\n<figure class=\"wp-block-image size-large\"><img decoding=\"async\" width=\"1024\" height=\"683\" data-id=\"129260\" data-src=\"https:\/\/gazetaregionalna.com\/wp-content\/uploads\/2024\/10\/DSC00067-1024x683.jpg\" alt=\"\" class=\"wp-image-129260 lazyload\" data-srcset=\"https:\/\/gazetaregionalna.com\/wp-content\/uploads\/2024\/10\/DSC00067-1024x683.jpg 1024w, https:\/\/gazetaregionalna.com\/wp-content\/uploads\/2024\/10\/DSC00067-300x200.jpg 300w, https:\/\/gazetaregionalna.com\/wp-content\/uploads\/2024\/10\/DSC00067-768x512.jpg 768w, https:\/\/gazetaregionalna.com\/wp-content\/uploads\/2024\/10\/DSC00067.jpg 1200w\" data-sizes=\"(max-width: 1024px) 100vw, 1024px\" src=\"data:image\/svg+xml;base64,PHN2ZyB3aWR0aD0iMSIgaGVpZ2h0PSIxIiB4bWxucz0iaHR0cDovL3d3dy53My5vcmcvMjAwMC9zdmciPjwvc3ZnPg==\" style=\"--smush-placeholder-width: 1024px; --smush-placeholder-aspect-ratio: 1024\/683;\" \/><\/figure>\n\n\n\n<figure class=\"wp-block-image size-large\"><img decoding=\"async\" width=\"1024\" height=\"683\" data-id=\"129257\" data-src=\"https:\/\/gazetaregionalna.com\/wp-content\/uploads\/2024\/10\/DSC00063-1024x683.jpg\" alt=\"\" class=\"wp-image-129257 lazyload\" data-srcset=\"https:\/\/gazetaregionalna.com\/wp-content\/uploads\/2024\/10\/DSC00063-1024x683.jpg 1024w, https:\/\/gazetaregionalna.com\/wp-content\/uploads\/2024\/10\/DSC00063-300x200.jpg 300w, https:\/\/gazetaregionalna.com\/wp-content\/uploads\/2024\/10\/DSC00063-768x512.jpg 768w, https:\/\/gazetaregionalna.com\/wp-content\/uploads\/2024\/10\/DSC00063.jpg 1200w\" data-sizes=\"(max-width: 1024px) 100vw, 1024px\" src=\"data:image\/svg+xml;base64,PHN2ZyB3aWR0aD0iMSIgaGVpZ2h0PSIxIiB4bWxucz0iaHR0cDovL3d3dy53My5vcmcvMjAwMC9zdmciPjwvc3ZnPg==\" style=\"--smush-placeholder-width: 1024px; --smush-placeholder-aspect-ratio: 1024\/683;\" \/><\/figure>\n\n\n\n<figure class=\"wp-block-image size-large\"><img decoding=\"async\" width=\"1024\" height=\"683\" data-id=\"129256\" data-src=\"https:\/\/gazetaregionalna.com\/wp-content\/uploads\/2024\/10\/DSC00060-1024x683.jpg\" alt=\"\" class=\"wp-image-129256 lazyload\" data-srcset=\"https:\/\/gazetaregionalna.com\/wp-content\/uploads\/2024\/10\/DSC00060-1024x683.jpg 1024w, https:\/\/gazetaregionalna.com\/wp-content\/uploads\/2024\/10\/DSC00060-300x200.jpg 300w, https:\/\/gazetaregionalna.com\/wp-content\/uploads\/2024\/10\/DSC00060-768x512.jpg 768w, https:\/\/gazetaregionalna.com\/wp-content\/uploads\/2024\/10\/DSC00060.jpg 1200w\" data-sizes=\"(max-width: 1024px) 100vw, 1024px\" src=\"data:image\/svg+xml;base64,PHN2ZyB3aWR0aD0iMSIgaGVpZ2h0PSIxIiB4bWxucz0iaHR0cDovL3d3dy53My5vcmcvMjAwMC9zdmciPjwvc3ZnPg==\" style=\"--smush-placeholder-width: 1024px; --smush-placeholder-aspect-ratio: 1024\/683;\" \/><\/figure>\n\n\n\n<figure class=\"wp-block-image size-large\"><img decoding=\"async\" width=\"1024\" height=\"683\" data-id=\"129255\" data-src=\"https:\/\/gazetaregionalna.com\/wp-content\/uploads\/2024\/10\/DSC00058-1024x683.jpg\" alt=\"\" class=\"wp-image-129255 lazyload\" data-srcset=\"https:\/\/gazetaregionalna.com\/wp-content\/uploads\/2024\/10\/DSC00058-1024x683.jpg 1024w, https:\/\/gazetaregionalna.com\/wp-content\/uploads\/2024\/10\/DSC00058-300x200.jpg 300w, https:\/\/gazetaregionalna.com\/wp-content\/uploads\/2024\/10\/DSC00058-768x512.jpg 768w, https:\/\/gazetaregionalna.com\/wp-content\/uploads\/2024\/10\/DSC00058.jpg 1200w\" data-sizes=\"(max-width: 1024px) 100vw, 1024px\" src=\"data:image\/svg+xml;base64,PHN2ZyB3aWR0aD0iMSIgaGVpZ2h0PSIxIiB4bWxucz0iaHR0cDovL3d3dy53My5vcmcvMjAwMC9zdmciPjwvc3ZnPg==\" style=\"--smush-placeholder-width: 1024px; --smush-placeholder-aspect-ratio: 1024\/683;\" \/><\/figure>\n\n\n\n<figure class=\"wp-block-image size-large\"><img decoding=\"async\" width=\"1024\" height=\"683\" data-id=\"129247\" data-src=\"https:\/\/gazetaregionalna.com\/wp-content\/uploads\/2024\/10\/DSC00061-1024x683.jpg\" alt=\"\" class=\"wp-image-129247 lazyload\" data-srcset=\"https:\/\/gazetaregionalna.com\/wp-content\/uploads\/2024\/10\/DSC00061-1024x683.jpg 1024w, https:\/\/gazetaregionalna.com\/wp-content\/uploads\/2024\/10\/DSC00061-300x200.jpg 300w, https:\/\/gazetaregionalna.com\/wp-content\/uploads\/2024\/10\/DSC00061-768x512.jpg 768w, https:\/\/gazetaregionalna.com\/wp-content\/uploads\/2024\/10\/DSC00061.jpg 1200w\" data-sizes=\"(max-width: 1024px) 100vw, 1024px\" src=\"data:image\/svg+xml;base64,PHN2ZyB3aWR0aD0iMSIgaGVpZ2h0PSIxIiB4bWxucz0iaHR0cDovL3d3dy53My5vcmcvMjAwMC9zdmciPjwvc3ZnPg==\" style=\"--smush-placeholder-width: 1024px; --smush-placeholder-aspect-ratio: 1024\/683;\" \/><\/figure>\n\n\n\n<figure class=\"wp-block-image size-large\"><img decoding=\"async\" width=\"1024\" height=\"683\" data-id=\"129243\" data-src=\"https:\/\/gazetaregionalna.com\/wp-content\/uploads\/2024\/10\/DSC00053-1024x683.jpg\" alt=\"\" class=\"wp-image-129243 lazyload\" data-srcset=\"https:\/\/gazetaregionalna.com\/wp-content\/uploads\/2024\/10\/DSC00053-1024x683.jpg 1024w, https:\/\/gazetaregionalna.com\/wp-content\/uploads\/2024\/10\/DSC00053-300x200.jpg 300w, https:\/\/gazetaregionalna.com\/wp-content\/uploads\/2024\/10\/DSC00053-768x512.jpg 768w, https:\/\/gazetaregionalna.com\/wp-content\/uploads\/2024\/10\/DSC00053.jpg 1200w\" data-sizes=\"(max-width: 1024px) 100vw, 1024px\" src=\"data:image\/svg+xml;base64,PHN2ZyB3aWR0aD0iMSIgaGVpZ2h0PSIxIiB4bWxucz0iaHR0cDovL3d3dy53My5vcmcvMjAwMC9zdmciPjwvc3ZnPg==\" style=\"--smush-placeholder-width: 1024px; --smush-placeholder-aspect-ratio: 1024\/683;\" \/><\/figure>\n\n\n\n<figure data-wp-context=\"{&quot;imageId&quot;:&quot;69f0a90739f50&quot;}\" data-wp-interactive=\"core\/image\" data-wp-key=\"69f0a90739f50\" class=\"wp-block-image size-full wp-lightbox-container\"><img decoding=\"async\" width=\"1200\" height=\"800\" data-wp-class--hide=\"state.isContentHidden\" data-wp-class--show=\"state.isContentVisible\" data-wp-init=\"callbacks.setButtonStyles\" data-wp-on--click=\"actions.showLightbox\" data-wp-on--load=\"callbacks.setButtonStyles\" data-wp-on-window--resize=\"callbacks.setButtonStyles\" data-id=\"129261\" data-src=\"https:\/\/gazetaregionalna.com\/wp-content\/uploads\/2024\/10\/DSC09999.jpg\" alt=\"\" class=\"wp-image-129261 lazyload\" data-srcset=\"https:\/\/gazetaregionalna.com\/wp-content\/uploads\/2024\/10\/DSC09999.jpg 1200w, https:\/\/gazetaregionalna.com\/wp-content\/uploads\/2024\/10\/DSC09999-300x200.jpg 300w, https:\/\/gazetaregionalna.com\/wp-content\/uploads\/2024\/10\/DSC09999-1024x683.jpg 1024w, https:\/\/gazetaregionalna.com\/wp-content\/uploads\/2024\/10\/DSC09999-768x512.jpg 768w\" data-sizes=\"(max-width: 1200px) 100vw, 1200px\" src=\"data:image\/svg+xml;base64,PHN2ZyB3aWR0aD0iMSIgaGVpZ2h0PSIxIiB4bWxucz0iaHR0cDovL3d3dy53My5vcmcvMjAwMC9zdmciPjwvc3ZnPg==\" style=\"--smush-placeholder-width: 1200px; --smush-placeholder-aspect-ratio: 1200\/800;\" \/><button\n\t\t\tclass=\"lightbox-trigger\"\n\t\t\ttype=\"button\"\n\t\t\taria-haspopup=\"dialog\"\n\t\t\taria-label=\"Powi\u0119ksz\"\n\t\t\tdata-wp-init=\"callbacks.initTriggerButton\"\n\t\t\tdata-wp-on--click=\"actions.showLightbox\"\n\t\t\tdata-wp-style--right=\"state.imageButtonRight\"\n\t\t\tdata-wp-style--top=\"state.imageButtonTop\"\n\t\t>\n\t\t\t<svg xmlns=\"http:\/\/www.w3.org\/2000\/svg\" width=\"12\" height=\"12\" fill=\"none\" viewBox=\"0 0 12 12\">\n\t\t\t\t<path fill=\"#fff\" d=\"M2 0a2 2 0 0 0-2 2v2h1.5V2a.5.5 0 0 1 .5-.5h2V0H2Zm2 10.5H2a.5.5 0 0 1-.5-.5V8H0v2a2 2 0 0 0 2 2h2v-1.5ZM8 12v-1.5h2a.5.5 0 0 0 .5-.5V8H12v2a2 2 0 0 1-2 2H8Zm2-12a2 2 0 0 1 2 2v2h-1.5V2a.5.5 0 0 0-.5-.5H8V0h2Z\" \/>\n\t\t\t<\/svg>\n\t\t<\/button><\/figure>\n<\/figure>\n","protected":false},"excerpt":{"rendered":"<p>To miejsce narodzi\u0142o si\u0119 z pasji i mi\u0142o\u015bci do wina. Winnica Grzegorza Sitaka to tak\u017ce efekt wyniku naturalnego rozwini\u0119cia rodzinnego biznesu i idei promowania<\/p>\n","protected":false},"author":11,"featured_media":129252,"comment_status":"closed","ping_status":"open","sticky":false,"template":"","format":"standard","meta":{"_monsterinsights_skip_tracking":false,"_monsterinsights_sitenote_active":false,"_monsterinsights_sitenote_note":"","_monsterinsights_sitenote_category":0,"_uf_show_specific_survey":0,"_uf_disable_surveys":false,"footnotes":""},"categories":[12,94,4,2],"tags":[9244,201,3207,9245],"class_list":["post-129240","post","type-post","status-publish","format-standard","has-post-thumbnail","hentry","category-kultura-i-rozrywka","category-polecane","category-region","category-wiadomosci","tag-grzegorz-sitak","tag-olsztyn","tag-restauracja-spichlerz","tag-winnica-sitak"],"_links":{"self":[{"href":"https:\/\/gazetaregionalna.com\/index.php?rest_route=\/wp\/v2\/posts\/129240","targetHints":{"allow":["GET"]}}],"collection":[{"href":"https:\/\/gazetaregionalna.com\/index.php?rest_route=\/wp\/v2\/posts"}],"about":[{"href":"https:\/\/gazetaregionalna.com\/index.php?rest_route=\/wp\/v2\/types\/post"}],"author":[{"embeddable":true,"href":"https:\/\/gazetaregionalna.com\/index.php?rest_route=\/wp\/v2\/users\/11"}],"replies":[{"embeddable":true,"href":"https:\/\/gazetaregionalna.com\/index.php?rest_route=%2Fwp%2Fv2%2Fcomments&post=129240"}],"version-history":[{"count":5,"href":"https:\/\/gazetaregionalna.com\/index.php?rest_route=\/wp\/v2\/posts\/129240\/revisions"}],"predecessor-version":[{"id":129269,"href":"https:\/\/gazetaregionalna.com\/index.php?rest_route=\/wp\/v2\/posts\/129240\/revisions\/129269"}],"wp:featuredmedia":[{"embeddable":true,"href":"https:\/\/gazetaregionalna.com\/index.php?rest_route=\/wp\/v2\/media\/129252"}],"wp:attachment":[{"href":"https:\/\/gazetaregionalna.com\/index.php?rest_route=%2Fwp%2Fv2%2Fmedia&parent=129240"}],"wp:term":[{"taxonomy":"category","embeddable":true,"href":"https:\/\/gazetaregionalna.com\/index.php?rest_route=%2Fwp%2Fv2%2Fcategories&post=129240"},{"taxonomy":"post_tag","embeddable":true,"href":"https:\/\/gazetaregionalna.com\/index.php?rest_route=%2Fwp%2Fv2%2Ftags&post=129240"}],"curies":[{"name":"wp","href":"https:\/\/api.w.org\/{rel}","templated":true}]}}