{"id":129204,"date":"2024-10-11T06:26:33","date_gmt":"2024-10-11T06:26:33","guid":{"rendered":"https:\/\/gazetaregionalna.com\/?p=129204"},"modified":"2024-10-11T06:26:35","modified_gmt":"2024-10-11T06:26:35","slug":"targi-pracy-w-siedzibie-osrodka-szkolenia-i-wychowania-ohp","status":"publish","type":"post","link":"https:\/\/gazetaregionalna.com\/?p=129204","title":{"rendered":"Targi Pracy w siedzibie O\u015brodka Szkolenia i Wychowania OHP"},"content":{"rendered":"\n<p>W czwartek w siedzibie O\u015brodka Szkolenia i Wychowania OHP w Cz\u0119stochowie odby\u0142 si\u0119 Targi pracy. <\/p>\n\n\n\n<p>Targi zosta\u0142y zorganizowane przez OHP Centrum Edukacji i Pracy M\u0142odzie\u017cy oraz Powiatowy Urz\u0105d Pracy w Cz\u0119stochowie.<\/p>\n\n\n\n<p>By\u0142o kilkadziesi\u0105t stoisk z ofertami pracy, a w\u015br\u00f3d nich s\u0142u\u017cby mundurowe: Stra\u017c Miejska, Policja, Wojsko, S\u0142u\u017cba Wi\u0119zienna.  <\/p>\n","protected":false},"excerpt":{"rendered":"<p>W czwartek w siedzibie O\u015brodka Szkolenia i Wychowania OHP w Cz\u0119stochowie odby\u0142 si\u0119 Targi pracy. Targi zosta\u0142y zorganizowane przez OHP Centrum Edukacji i Pracy<\/p>\n","protected":false},"author":25,"featured_media":129205,"comment_status":"closed","ping_status":"open","sticky":false,"template":"","format":"standard","meta":{"_monsterinsights_skip_tracking":false,"_monsterinsights_sitenote_active":false,"_monsterinsights_sitenote_note":"","_monsterinsights_sitenote_category":0,"_uf_show_specific_survey":0,"_uf_disable_surveys":false,"footnotes":""},"categories":[2,3],"tags":[],"class_list":["post-129204","post","type-post","status-publish","format-standard","has-post-thumbnail","hentry","category-wiadomosci","category-czestochowa-informacje"],"_links":{"self":[{"href":"https:\/\/gazetaregionalna.com\/index.php?rest_route=\/wp\/v2\/posts\/129204","targetHints":{"allow":["GET"]}}],"collection":[{"href":"https:\/\/gazetaregionalna.com\/index.php?rest_route=\/wp\/v2\/posts"}],"about":[{"href":"https:\/\/gazetaregionalna.com\/index.php?rest_route=\/wp\/v2\/types\/post"}],"author":[{"embeddable":true,"href":"https:\/\/gazetaregionalna.com\/index.php?rest_route=\/wp\/v2\/users\/25"}],"replies":[{"embeddable":true,"href":"https:\/\/gazetaregionalna.com\/index.php?rest_route=%2Fwp%2Fv2%2Fcomments&post=129204"}],"version-history":[{"count":1,"href":"https:\/\/gazetaregionalna.com\/index.php?rest_route=\/wp\/v2\/posts\/129204\/revisions"}],"predecessor-version":[{"id":129206,"href":"https:\/\/gazetaregionalna.com\/index.php?rest_route=\/wp\/v2\/posts\/129204\/revisions\/129206"}],"wp:featuredmedia":[{"embeddable":true,"href":"https:\/\/gazetaregionalna.com\/index.php?rest_route=\/wp\/v2\/media\/129205"}],"wp:attachment":[{"href":"https:\/\/gazetaregionalna.com\/index.php?rest_route=%2Fwp%2Fv2%2Fmedia&parent=129204"}],"wp:term":[{"taxonomy":"category","embeddable":true,"href":"https:\/\/gazetaregionalna.com\/index.php?rest_route=%2Fwp%2Fv2%2Fcategories&post=129204"},{"taxonomy":"post_tag","embeddable":true,"href":"https:\/\/gazetaregionalna.com\/index.php?rest_route=%2Fwp%2Fv2%2Ftags&post=129204"}],"curies":[{"name":"wp","href":"https:\/\/api.w.org\/{rel}","templated":true}]}}