{"id":129167,"date":"2024-10-09T10:16:39","date_gmt":"2024-10-09T10:16:39","guid":{"rendered":"https:\/\/gazetaregionalna.com\/?p=129167"},"modified":"2024-10-09T10:17:11","modified_gmt":"2024-10-09T10:17:11","slug":"male-tgd-juz-12-pazdziernika","status":"publish","type":"post","link":"https:\/\/gazetaregionalna.com\/?p=129167","title":{"rendered":"Ma\u0142e TGD ju\u017c 12 pa\u017adziernika w Cz\u0119stochowie. Mamy podw\u00f3jne zaproszenie na ten koncert [KONKURS]"},"content":{"rendered":"\n<h2 class=\"wp-block-heading\">Zesp\u00f3\u0142 dzieci\u0119cy Ma\u0142e TGD odwiedzi Filharmoni\u0119 Cz\u0119stochowsk\u0105. W sobot\u0119, 12 pa\u017adziernika wyst\u0105pi tam dwukrotnie: o godz. 14.30 i 17.30. Organizator koncertu Impresariat Adria Art ufundowa\u0142 jedno podw\u00f3jne zaproszenie na p\u00f3\u017aniejsz\u0105 godzin\u0119. Mo\u017cna o nie zagra\u0107 w konkursie.<\/h2>\n\n\n\n<p>Ma\u0142e TGD to najpopularniejszy zesp\u00f3\u0142 dzieci\u0119cy w Polsce wykonuj\u0105cy muzyk\u0119 pop z ponadczasowym przes\u0142aniem. Grupa koncertuje od wielu lat, a w 2024 r., po raz pierwszy w historii, przygotowa\u0142a niesamowite widowisko muzyczne i wyruszy\u0142a w wielk\u0105 tras\u0119 koncertow\u0105. Na widz\u00f3w czeka niezapomniany show, kt\u00f3ry udowodni, \u017ce Dzie\u0144 Dziecka mo\u017ce trwa\u0107 ca\u0142y rok!<\/p>\n\n\n\n<p>W 2017 r. grupa Ma\u0142e TGD wyda\u0142a debiutanck\u0105 p\u0142yt\u0119 \u201eG\u00f3ry do g\u00f3ry\u201d, a w 2019 r. ukaza\u0142 si\u0119 drugi album \u2013 zatytu\u0142owany \u201eWyspa skarb\u00f3w\u201d. Dwa lata p\u00f3\u017aniej, w okresie pandemii, pojawi\u0142 si\u0119 kr\u0105\u017cek \u201eOnline\u201d. Wszystkie utwory zespo\u0142u to porywaj\u0105ce, energiczne i pe\u0142ne rado\u015bci piosenki, kt\u00f3re w lekki i przyjemny spos\u00f3b przekazuj\u0105 wa\u017cne tre\u015bci.<\/p>\n\n\n\n<figure class=\"wp-block-image size-full\"><img decoding=\"async\" width=\"773\" height=\"479\" data-src=\"https:\/\/gazetaregionalna.com\/wp-content\/uploads\/2024\/10\/TGD.jpg\" alt=\"\" class=\"wp-image-129069 lazyload\" data-srcset=\"https:\/\/gazetaregionalna.com\/wp-content\/uploads\/2024\/10\/TGD.jpg 773w, https:\/\/gazetaregionalna.com\/wp-content\/uploads\/2024\/10\/TGD-300x186.jpg 300w, https:\/\/gazetaregionalna.com\/wp-content\/uploads\/2024\/10\/TGD-768x476.jpg 768w\" data-sizes=\"(max-width: 773px) 100vw, 773px\" src=\"data:image\/svg+xml;base64,PHN2ZyB3aWR0aD0iMSIgaGVpZ2h0PSIxIiB4bWxucz0iaHR0cDovL3d3dy53My5vcmcvMjAwMC9zdmciPjwvc3ZnPg==\" style=\"--smush-placeholder-width: 773px; --smush-placeholder-aspect-ratio: 773\/479;\" \/><figcaption class=\"wp-element-caption\">Ma\u0142e TGD (mat. Adria Art)<\/figcaption><\/figure>\n\n\n\n<p>Na pocz\u0105tku 2020 r. wspomniany album \u201eWyspa skarb\u00f3w\u201d zosta\u0142 nominowany do Fryderyka w kategorii muzyka dzieci\u0119ca i m\u0142odzie\u017cowa.<\/p>\n\n\n\n<p>Najwi\u0119kszy hit Ma\u0142ego TGD to z pewno\u015bci\u0105 utw\u00f3r \u201eG\u00f3ry do g\u00f3ry\u201d, rozpoczynaj\u0105cy si\u0119 s\u0142owami \u201ePi\u0119kny \u015bwiat przemierzasz po male\u0144ku [\u2026]\u201d. Teledysk do tego utworu zgromadzi\u0142 ju\u017c ponad 100 milion\u00f3w wy\u015bwietle\u0144 na YouTube!<\/p>\n\n\n\n<p>Dzieciaki koncertuj\u0105 na \u017cywo, a ka\u017cdy wyst\u0119p Ma\u0142ego TGD to mn\u00f3stwo skocznych utwor\u00f3w, przebojowych fraz i wyj\u0105tkowe dzieci\u0119ce g\u0142osy.<\/p>\n\n\n\n<p>W 2024 r. Ma\u0142e TGD wyruszy\u0142o w swoj\u0105 pierwsz\u0105 tras\u0119 koncertow\u0105 pod nazw\u0105 \u201eDzie\u0144 Dziecka przez ca\u0142y rok\u201d. Z tej okazji zosta\u0142 przygotowany niezwyk\u0142y show, pe\u0142en efekt\u00f3w specjalnych i wizualizacji. Dzi\u0119ki temu udzia\u0142 w koncercie Ma\u0142ego TGD stanie si\u0119 niezapomnianym prze\u017cyciem zar\u00f3wno dla dzieci, jak i doros\u0142ych.<\/p>\n\n\n\n<figure class=\"wp-block-image size-full\"><img decoding=\"async\" width=\"595\" height=\"842\" data-src=\"https:\/\/gazetaregionalna.com\/wp-content\/uploads\/2024\/10\/A4_Male-TGD_Dzien-Dziecka-przez-caly-rok.jpg\" alt=\"\" class=\"wp-image-129067 lazyload\" data-srcset=\"https:\/\/gazetaregionalna.com\/wp-content\/uploads\/2024\/10\/A4_Male-TGD_Dzien-Dziecka-przez-caly-rok.jpg 595w, https:\/\/gazetaregionalna.com\/wp-content\/uploads\/2024\/10\/A4_Male-TGD_Dzien-Dziecka-przez-caly-rok-212x300.jpg 212w\" data-sizes=\"(max-width: 595px) 100vw, 595px\" src=\"data:image\/svg+xml;base64,PHN2ZyB3aWR0aD0iMSIgaGVpZ2h0PSIxIiB4bWxucz0iaHR0cDovL3d3dy53My5vcmcvMjAwMC9zdmciPjwvc3ZnPg==\" style=\"--smush-placeholder-width: 595px; --smush-placeholder-aspect-ratio: 595\/842;\" \/><figcaption class=\"wp-element-caption\">Ma\u0142e TGD<\/figcaption><\/figure>\n\n\n\n<p>Mali i duzi cz\u0119stochowianie pos\u0142uchaj\u0105 \u201eG\u00f3ry do g\u00f3ry\u201d i innych pi\u0119knych piosenek ju\u017c w sobot\u0119, 12 pa\u017adziernika. Ma\u0142e TGD wyst\u0105pi na scenie Filharmonii Cz\u0119stochowskiej. Koncerty b\u0119d\u0105 dwa: o godz. 14.30 i 17.30. Zaprasza na nie Impresariat <a href=\"https:\/\/www.facebook.com\/adriaartpl\" target=\"_blank\" rel=\"noreferrer noopener\">Adria Art<\/a>. Bilety mo\u017cna kupi\u0107 na: <a href=\"https:\/\/adria-art.pl\/wydarzenia\/3458\/koncerty-koncert-male-tgd-dzien-dziecka-przez-caly-rok\" target=\"_blank\" rel=\"noreferrer noopener\">adria-art.pl<\/a>.<\/p>\n\n\n\n<p>Uwaga: bilety ulgowe przys\u0142uguj\u0105 dzieciom 12. roku \u017cycia w\u0142\u0105cznie. Osoby w wieku 16 i 17 lat mog\u0105 wej\u015b\u0107 na koncert samodzielnie, ale z o\u015bwiadczeniem od rodzica lub opiekuna prawnego. Osoby poni\u017cej 16. roku \u017cycia na koncert mog\u0105 wej\u015b\u0107 wy\u0142\u0105cznie w towarzystwie rodzica lub opiekuna prawnego. W trakcie koncertu s\u0105 stosowane efekty audiowizualne, w tym dynamicznie zmieniaj\u0105ce si\u0119 o\u015bwietlenie.<\/p>\n\n\n\n<figure class=\"wp-block-image size-full\"><img decoding=\"async\" width=\"814\" height=\"477\" data-src=\"https:\/\/gazetaregionalna.com\/wp-content\/uploads\/2024\/10\/TGD3.jpg\" alt=\"\" class=\"wp-image-129072 lazyload\" data-srcset=\"https:\/\/gazetaregionalna.com\/wp-content\/uploads\/2024\/10\/TGD3.jpg 814w, https:\/\/gazetaregionalna.com\/wp-content\/uploads\/2024\/10\/TGD3-300x176.jpg 300w, https:\/\/gazetaregionalna.com\/wp-content\/uploads\/2024\/10\/TGD3-768x450.jpg 768w, https:\/\/gazetaregionalna.com\/wp-content\/uploads\/2024\/10\/TGD3-184x109.jpg 184w\" data-sizes=\"(max-width: 814px) 100vw, 814px\" src=\"data:image\/svg+xml;base64,PHN2ZyB3aWR0aD0iMSIgaGVpZ2h0PSIxIiB4bWxucz0iaHR0cDovL3d3dy53My5vcmcvMjAwMC9zdmciPjwvc3ZnPg==\" style=\"--smush-placeholder-width: 814px; --smush-placeholder-aspect-ratio: 814\/477;\" \/><figcaption class=\"wp-element-caption\">Ma\u0142e TGD (mat. Adria Art)<\/figcaption><\/figure>\n\n\n\n<h2 class=\"wp-block-heading\">Wygraj zaproszenie na ten koncert!<\/h2>\n\n\n\n<p>Impresariat Adria Art przekaza\u0142 dla Czytelnik\u00f3w jedno podw\u00f3jne zaproszenie na koncert, kt\u00f3ry odb\u0119dzie si\u0119 o godz. 17.30.<\/p>\n\n\n\n<p>By o nie zagra\u0107 nale\u017cy odpowiedzie\u0107 na poni\u017csze pytanie (uzasadniaj\u0105c):<\/p>\n\n\n\n<p><strong>Dlaczego to w\u0142a\u015bnie Twoje Dziecko powinno wybra\u0107 si\u0119 na ten koncert?<\/strong><\/p>\n\n\n\n<p>Odpowied\u017a nale\u017cy wys\u0142a\u0107 mailowo na adres\u00a0<strong>konkursy@gazetaregionalna.com<\/strong>, w tytule podaj\u0105c \u201eMa\u0142e TGD&#8221;, a w tre\u015bci tak\u017ce swoje imi\u0119 i nazwisko.\u00a0<strong>Zadanie nale\u017cy wykona\u0107 w terminie od 9 pa\u017adziernika od godz. 13 do 10 pa\u017adziernika do godz. 13.<\/strong><\/p>\n\n\n\n<p>Zwyci\u0119zcy Konkursu zostan\u0105 powiadomieni o wygranej i o formie jej odbioru w wiadomo\u015bci mailowej wys\u0142anej najp\u00f3\u017aniej do 11 pa\u017adziernika do godz. 22.<\/p>\n\n\n\n<figure class=\"wp-block-image size-full\"><img decoding=\"async\" width=\"787\" height=\"476\" data-src=\"https:\/\/gazetaregionalna.com\/wp-content\/uploads\/2024\/10\/TGD2.jpg\" alt=\"\" class=\"wp-image-129071 lazyload\" data-srcset=\"https:\/\/gazetaregionalna.com\/wp-content\/uploads\/2024\/10\/TGD2.jpg 787w, https:\/\/gazetaregionalna.com\/wp-content\/uploads\/2024\/10\/TGD2-300x181.jpg 300w, https:\/\/gazetaregionalna.com\/wp-content\/uploads\/2024\/10\/TGD2-768x465.jpg 768w\" data-sizes=\"(max-width: 787px) 100vw, 787px\" src=\"data:image\/svg+xml;base64,PHN2ZyB3aWR0aD0iMSIgaGVpZ2h0PSIxIiB4bWxucz0iaHR0cDovL3d3dy53My5vcmcvMjAwMC9zdmciPjwvc3ZnPg==\" style=\"--smush-placeholder-width: 787px; --smush-placeholder-aspect-ratio: 787\/476;\" \/><figcaption class=\"wp-element-caption\">Ma\u0142e TGD (mat. Adria Art)<\/figcaption><\/figure>\n\n\n\n<h4 class=\"wp-block-heading\">Regulamin konkursu \u201cMa\u0142e TGD\u201d<\/h4>\n\n\n\n<p><strong>\u00a7 1. POSTANOWIENIA OG\u00d3LNE<\/strong><\/p>\n\n\n\n<p>1. Organizatorem konkurs\u00f3w jest GazetaRegionalna.com, al. Ko\u015bciuszki 13, lok. 6, 42-202 Cz\u0119stochowa, (zwana dalej \u201eOrganizatorem\u201d).<br>2. Fundatorem nagrody jest Impresariat Adria Art.<br>3. Niniejszy regulamin (dalej \u201eRegulamin\u201d) stanowi podstaw\u0119 organizacji oraz okre\u015bla warunki Konkursu.<br>4. Konkurs nie jest stworzony, administrowany, wspierany ani sponsorowany przez Facebook.<br>5. Konkurs jest prowadzony na stronie&nbsp;<a href=\"https:\/\/www.gazetaregionalna.com\/\">www.gazetaregionalna.com<\/a>.<\/p>\n\n\n\n<p>6. Administratorem danych osobowych udost\u0119pnianych przez Uczestnik\u00f3w Konkursu jest Organizator. Podanie danych osobowych ma charakter dowolny, lecz niezb\u0119dny do przyst\u0105pienia przez Uczestnika do Konkursu. Osobom udost\u0119pniaj\u0105cym dane przys\u0142uguje prawo dost\u0119pu do tych danych, ich zmian b\u0105d\u017a usuni\u0119cia.<\/p>\n\n\n\n<p><strong>\u00a7 2. MIEJSCE, CZAS I ZASADY KONKURSU<\/strong><\/p>\n\n\n\n<p>1. Konkurs jest dost\u0119pny w formie tekstu konkursowego na portalu organizatora gazetaregionalna.com<br><strong>2. Konkurs trwa od dnia 9 pa\u017adziernika 2024 r. od godz. 13.00. do dnia 10 pa\u017adziernika 2024 r. do godz. 13.00.<\/strong><\/p>\n\n\n\n<p>W wyj\u0105tkowych sytuacjach Organizator konkursu mo\u017ce przed\u0142u\u017cy\u0107 lub przerwa\u0107 trwanie konkursu, w&nbsp;okre\u015blonym przez siebie zakresie, o czym poinformuje uczestnik\u00f3w konkursu na profilu wskazanym w \u00a71 pkt.6 Regulaminu.<\/p>\n\n\n\n<p><strong>\u00a7 3. UCZESTNICY KONKURSU<\/strong><\/p>\n\n\n\n<p>1. Uczestnikami Konkursu mog\u0105 by\u0107 wy\u0142\u0105cznie osoby fizyczne, konsumenci w rozumieniu art. 221 kodeksu cywilnego, posiadaj\u0105ce pe\u0142n\u0105 zdolno\u015bci do czynno\u015bci prawnych, kt\u00f3re zaakceptowa\u0142y niniejszy Regulamin (dalej: \u201eUczestnik\u201d).<br>2. Uczestnik o\u015bwiadcza, \u017ce:<br>a. jest osob\u0105 fizyczn\u0105, posiadaj\u0105c\u0105 pe\u0142n\u0105 zdolno\u015b\u0107 do czynno\u015bci prawnych;<\/p>\n\n\n\n<p>b. jest osob\u0105 pe\u0142noletni\u0105;<br>c. zapozna\u0142 si\u0119 z tre\u015bci\u0105 niniejszego Regulaminu i w spos\u00f3b dobrowolny przyst\u0119puje do Konkursu;<br>d. wyra\u017ca zgod\u0119 i akceptuje warunki Regulaminu, w tym zapozna\u0142 si\u0119 z tre\u015bci\u0105 dotycz\u0105c\u0105 procedury odbioru nagrody i j\u0105 w pe\u0142ni akceptuje;<br>e. zobowi\u0105zuje si\u0119 do przestrzegania postanowie\u0144 Regulaminu;<br>f. wyrazi\u0142 zgod\u0119 na przetwarzanie danych osobowych dla cel\u00f3w zwi\u0105zanych z uczestnictwem w Konkursie;<br>3. Uczestnik zobowi\u0105zuje si\u0119 do przestrzegania okre\u015blonych w Regulaminie zasad, jak r\u00f3wnie\u017c potwierdza, i\u017c spe\u0142nia wszystkie warunki, kt\u00f3re uprawniaj\u0105 go do udzia\u0142u w Konkursie.<\/p>\n\n\n\n<p>4. W Konkursie nie mog\u0105 uczestniczy\u0107 pracownicy i wsp\u00f3\u0142pracownicy Organizatora.<\/p>\n\n\n\n<p><strong>\u00a7 4. NAGRODA<\/strong><\/p>\n\n\n\n<p><strong>1. Nagrod\u0105 w Konkursie jest jedno podw\u00f3jne zaproszenie na koncert grany o godz. 17.30 dla jednej osoby wy\u0142onionej w\u00a0spos\u00f3b wskazany w \u00a76.<br><\/strong>2. Informacja o Nagrodzie b\u0119dzie zawarta w tre\u015bci og\u0142oszenia o Konkursie opublikowanego na stronie gazetaregionalna.com.\u00a0\u00a0\u00a0\u00a0<br>3. Laureatowi nie przys\u0142uguje prawo wymiany Nagrody na got\u00f3wk\u0119 ani nagrod\u0119 innego rodzaju.<br>4. Zwyci\u0119zca mo\u017ce zrzec si\u0119 Nagrody, ale w zamian nie przys\u0142uguje mu ekwiwalent pieni\u0119\u017cny ani jakakolwiek inna nagroda.<\/p>\n\n\n\n<p><strong>\u00a7 5. ZASADY UCZESTNICTWA W KONKURSIE<\/strong><\/p>\n\n\n\n<p><strong>1. Zadaniem Uczestnika Konkursu jest:<\/strong><br>odpowied\u017a na zadanie\/pytanie konkursowe przedstawione na stronie gazetaregionalna.com. Jest ono nast\u0119puj\u0105ce:<\/p>\n\n\n\n<p><strong>Dlaczego to w\u0142a\u015bnie Twoje Dziecko powinno wybra\u0107 si\u0119 na ten koncert?<\/strong><\/p>\n\n\n\n<p>Odpowied\u017a nale\u017cy wys\u0142a\u0107 mailowo na adres\u00a0<a href=\"mailto:konkursy@gazetaregionalna.com\">konkursy@gazetaregionalna.com<\/a>, w tytule podaj\u0105c \u201eMa\u0142e TGD&#8221;, a w tre\u015bci swoje imi\u0119 i nazwisko. Zadanie nale\u017cy wykona\u0107 w terminie od 9 pa\u017adziernika od godz. 13 do 10 pa\u017adziernika do godz. 13.<\/p>\n\n\n\n<p>1. Warunkiem uczestnictwa w Konkursie jest poprawne wykonanie wszystkich zada\u0144 opisanych w \u00a7 5. ust. 1 Regulaminu.<br>2. O przyznaniu nagrody decyduje Organizator w drodze analizy poprawno\u015bci wykonania zada\u0144 opisanych w \u00a7 5. ust. 1 Regulaminu przez Uczestnik\u00f3w Konkursu<br><strong>3. Spo\u015br\u00f3d nades\u0142anych odpowiedzi Organizator wy\u0142oni jednego zwyci\u0119zc\u0119,<br>4. Zwyci\u0119zca Konkursu zostan\u0105 powiadomiony o wygranej i o formie jej odbioru w wiadomo\u015bci mailowej wys\u0142anej z adresu\u00a0<a href=\"mailto:konkursy@gazetaregionalna.com\">konkursy@gazetaregionalna.com<\/a>\u00a0najp\u00f3\u017aniej do 11 pa\u017adziernika<\/strong> <strong>do godz. 22.<\/strong><\/p>\n\n\n\n<p><strong>\u00a7 7. ZAKRES ODPOWIEDZIALNO\u015aCI ORGANIZATORA<\/strong><\/p>\n\n\n\n<p>1. Organizator nie ponosi odpowiedzialno\u015bci za rzetelno\u015b\u0107 i prawdziwo\u015b\u0107 danych Uczestnik\u00f3w Konkursu, w tym za brak mo\u017cliwo\u015bci przekazania nagr\u00f3d, z przyczyny le\u017c\u0105cych po stronie Uczestnika, w szczeg\u00f3lno\u015bci, je\u015bli ten nie poda\u0142 prawdziwego adresu do korespondencji lub podane dane s\u0105 niepe\u0142ne lub nieaktualne.<br>2. Organizator o\u015bwiadcza, \u017ce nie prowadzi kontroli, ani monitoringu tre\u015bci umieszczanych przez Uczestnik\u00f3w w&nbsp;zakresie rzetelno\u015bci i prawdziwo\u015bci, z zastrze\u017ceniem dzia\u0142a\u0144 zwi\u0105zanych z usuni\u0119ciem narusze\u0144 Regulaminu lub przepis\u00f3w powszechnie obowi\u0105zuj\u0105cych.<br>3. Organizator zastrzega sobie prawo do wykluczenia z udzia\u0142u w Konkursie Uczestnik\u00f3w, kt\u00f3rych dzia\u0142ania s\u0105 sprzeczne z prawem lub Regulaminem.<br>4. Organizator nie ponosi odpowiedzialno\u015bci za jakiekolwiek zak\u0142\u00f3cenia w dzia\u0142aniu \u0142\u0105cz teleinformatycznych, serwer\u00f3w, interfejs\u00f3w oraz przegl\u0105darek.<br><br><strong>\u00a7 8. PRZETWARZANIE DANYCH OSOBOWYCH<\/strong><\/p>\n\n\n\n<p>1. Dane osobowe Uczestnik\u00f3w Konkursu b\u0119d\u0105 przetwarzane przez Organizatora wy\u0142\u0105cznie w celu dokonania czynno\u015bci niezb\u0119dnych do prawid\u0142owego przeprowadzenia Konkursu.<br>2. Dane osobowe Uczestnik\u00f3w Konkursu b\u0119d\u0105 przechowywane przez Organizatora tylko przez okres niezb\u0119dny do przeprowadzenia Konkursu i wydania nagr\u00f3d wyr\u00f3\u017cnionym Uczestnikom.<br>3. Uczestnicy maj\u0105 prawo wgl\u0105du do przetwarzanych danych i ich poprawiania oraz usuwania. Dane s\u0105 podawane na zasadach dobrowolno\u015bci.<\/p>\n\n\n\n<p>4. W momencie usuni\u0119cia danych U\u017cytkownik traci mo\u017cliwo\u015b\u0107 Uczestnictwa w Konkursie.<\/p>\n\n\n\n<p><strong>\u00a7 9. PRAWA AUTORSKIE<\/strong><\/p>\n\n\n\n<p>1. Wszelkie prawa w\u0142asno\u015bci intelektualnej do Konkursu przys\u0142uguj\u0105 Organizatorowi. Uczestnictwo w&nbsp;Konkursie nie skutkuje w \u017cadnym zakresie nabyciem przez Uczestnik\u00f3w jakichkolwiek praw w\u0142asno\u015bci intelektualnej. Zabronione jest naruszanie w jakikolwiek spos\u00f3b praw w\u0142asno\u015bci intelektualnej w Konkursie, w&nbsp;szczeg\u00f3lno\u015bci:<br>a) kopiowanie, modyfikowanie oraz transmitowanie elektronicznie lub rozpowszechnianie w inny spos\u00f3b mechanizmu Konkursu lub jego cz\u0119\u015bci, a tak\u017ce poszczeg\u00f3lnych utwor\u00f3w<br>i baz danych, bez wyra\u017anej pisemnej zgody Administratora;<br>b) korzystanie z Konkursu w spos\u00f3b niezgodny z Regulaminem lub powszechnie obowi\u0105zuj\u0105cymi przepisami.<\/p>\n\n\n\n<p><strong>\u00a7 10. REKLAMACJE I ZG\u0141OSZENIA NARUSZE\u0143<\/strong><\/p>\n\n\n\n<p>1. Wszelkie reklamacje dotycz\u0105ce sposobu przeprowadzania Konkursu, Uczestnicy winni zg\u0142asza\u0107 na pi\u015bmie w\u00a0czasie trwania Konkursu, jednak nie p\u00f3\u017aniej ni\u017c w terminie 7 (siedmiu) dni od dnia wydania Nagr\u00f3d.<br>2. Reklamacja zg\u0142oszona po wyznaczonym terminie nie wywo\u0142uje skutk\u00f3w prawnych.<br>3. Pisemna reklamacja powinna zawiera\u0107 imi\u0119, nazwisko, dok\u0142adny adres Uczestnika oraz dok\u0142adny opis i\u00a0uzasadnienie reklamacji.<br><strong>4. Reklamacja powinna by\u0107 przes\u0142ana listem poleconym na adres Organizatora z dopiskiem \u201eKonkurs z dnia 9 pa\u017adziernika 2024 r.\u201d.<br><\/strong>5. Reklamacje rozpatrywane b\u0119d\u0105 pisemnie w terminie 30 dni.<br><br><strong>\u00a7 11. POSTANOWIENIA KO\u0143COWE<\/strong><\/p>\n\n\n\n<p>1. Regulamin wchodzi w \u017cycie z dniem 9 pa\u017adziernika 2024 r. i obowi\u0105zuje do 10 pa\u017adziernika 2024 r.<\/p>\n\n\n\n<ol class=\"wp-block-list\" start=\"2\">\n<li>W kwestiach nieuregulowanych niniejszym Regulaminem stosuje si\u0119 przepisy Kodeksu cywilnego i inne przepisy prawa.<\/li>\n\n\n\n<li>Spory odnosz\u0105ce si\u0119 i wynikaj\u0105ce z Konkursu b\u0119d\u0105 rozwi\u0105zywane przez s\u0105d powszechny w\u0142a\u015bciwy miejscowo dla siedziby Organizatora.<\/li>\n\n\n\n<li>Organizator zastrzega sobie prawo do zmiany zasad Konkursu w trakcie jego trwania. Informacja o zmianach b\u0119dzie zamieszczona na stronie gazetaregionalna.com.<\/li>\n<\/ol>\n\n\n\n<p>Zwyci\u0119zcy Konkursu zostan\u0105 powiadomieni o wygranej i o formie jej odbioru w wiadomo\u015bci mailowej wys\u0142anej najp\u00f3\u017aniej do 11 pa\u017adziernika do godz. 22.<\/p>\n","protected":false},"excerpt":{"rendered":"<p>Zesp\u00f3\u0142 dzieci\u0119cy Ma\u0142e TGD odwiedzi Filharmoni\u0119 Cz\u0119stochowsk\u0105. W sobot\u0119, 12 pa\u017adziernika wyst\u0105pi tam dwukrotnie: o godz. 14.30 i 17.30. Organizator koncertu Impresariat Adria Art<\/p>\n","protected":false},"author":11,"featured_media":129070,"comment_status":"closed","ping_status":"open","sticky":false,"template":"","format":"standard","meta":{"_monsterinsights_skip_tracking":false,"_monsterinsights_sitenote_active":false,"_monsterinsights_sitenote_note":"","_monsterinsights_sitenote_category":0,"_uf_show_specific_survey":0,"_uf_disable_surveys":false,"footnotes":""},"categories":[12,3,94,2],"tags":[2071,144,352,716,89,9243],"class_list":["post-129167","post","type-post","status-publish","format-standard","has-post-thumbnail","hentry","category-kultura-i-rozrywka","category-czestochowa-informacje","category-polecane","category-wiadomosci","tag-adria-art","tag-czestochowa","tag-filharmonia-czestochowska","tag-koncert","tag-konkurs","tag-male-tgd"],"_links":{"self":[{"href":"https:\/\/gazetaregionalna.com\/index.php?rest_route=\/wp\/v2\/posts\/129167","targetHints":{"allow":["GET"]}}],"collection":[{"href":"https:\/\/gazetaregionalna.com\/index.php?rest_route=\/wp\/v2\/posts"}],"about":[{"href":"https:\/\/gazetaregionalna.com\/index.php?rest_route=\/wp\/v2\/types\/post"}],"author":[{"embeddable":true,"href":"https:\/\/gazetaregionalna.com\/index.php?rest_route=\/wp\/v2\/users\/11"}],"replies":[{"embeddable":true,"href":"https:\/\/gazetaregionalna.com\/index.php?rest_route=%2Fwp%2Fv2%2Fcomments&post=129167"}],"version-history":[{"count":4,"href":"https:\/\/gazetaregionalna.com\/index.php?rest_route=\/wp\/v2\/posts\/129167\/revisions"}],"predecessor-version":[{"id":129171,"href":"https:\/\/gazetaregionalna.com\/index.php?rest_route=\/wp\/v2\/posts\/129167\/revisions\/129171"}],"wp:featuredmedia":[{"embeddable":true,"href":"https:\/\/gazetaregionalna.com\/index.php?rest_route=\/wp\/v2\/media\/129070"}],"wp:attachment":[{"href":"https:\/\/gazetaregionalna.com\/index.php?rest_route=%2Fwp%2Fv2%2Fmedia&parent=129167"}],"wp:term":[{"taxonomy":"category","embeddable":true,"href":"https:\/\/gazetaregionalna.com\/index.php?rest_route=%2Fwp%2Fv2%2Fcategories&post=129167"},{"taxonomy":"post_tag","embeddable":true,"href":"https:\/\/gazetaregionalna.com\/index.php?rest_route=%2Fwp%2Fv2%2Ftags&post=129167"}],"curies":[{"name":"wp","href":"https:\/\/api.w.org\/{rel}","templated":true}]}}