{"id":129045,"date":"2024-10-05T12:44:47","date_gmt":"2024-10-05T12:44:47","guid":{"rendered":"https:\/\/gazetaregionalna.com\/?p=129045"},"modified":"2024-10-06T17:42:00","modified_gmt":"2024-10-06T17:42:00","slug":"czy-pamietasz-koncert-piwnicy-pod-baranami","status":"publish","type":"post","link":"https:\/\/gazetaregionalna.com\/?p=129045","title":{"rendered":"&#8222;Czy pami\u0119tasz?&#8221;. Koncert Piwnicy pod Baranami dedykowany Ewie Demarczyk i Markowi Grechucie w Cz\u0119stochowie. Mamy podw\u00f3jne zaproszenie [KONKURS]"},"content":{"rendered":"\n<h2 class=\"wp-block-heading\">To b\u0119dzie muzyczno-poetycki ho\u0142d dedykowany Ewie Demarczyk i Markowi Grechucie. Arty\u015bci s\u0142ynnej Piwnicy pod Baranami powracaj\u0105 do Cz\u0119stochowy z koncertem zatytu\u0142owanym \u201eCzy pami\u0119tasz?\u201d. Zobaczymy ich ju\u017c w pi\u0105tek, 11 pa\u017adziernika. Organizator wydarzenia ufundowa\u0142 dla Czytelnik\u00f3w jedno podw\u00f3jne zaproszenie. Mo\u017cna je wygra\u0107 w konkursie.<\/h2>\n\n\n\n<p>Ewa Demarczyk i Marek Grechuta to diamenty, kt\u00f3re pojawiaj\u0105 si\u0119 raz na kilka dekad. Ich wyj\u0105tkowe g\u0142osy i interpretacje s\u0105 nie do podrobienia. Ewa Demarczyk zadebiutowa\u0142a na scenie Piwnicy pod Baranami w 1962 roku, na kt\u00f3rej szybko zosta\u0142a okrzykni\u0119ta czarnym Anio\u0142em Piwnicy. Marek Grechuta debiutowa\u0142 z zespo\u0142em Anawa w Krakowie w 1966 roku. Wyst\u0119py artyst\u00f3w zachwyca\u0142y publiczno\u015b\u0107 nie tylko krakowsk\u0105, ale nawet obcoj\u0119zyczn\u0105.<\/p>\n\n\n\n<p>\u201eCzy pami\u0119tasz?\u201d \u2013 to koncert przygotowany przez artyst\u00f3w Piwnicy Pod Baranami w ho\u0142dzie Demarczyk i Grechucie. Podczas wydarzenia zabrzmi\u0105 m.in. \u201eTomasz\u00f3w\u201d, \u201eBallad\u0119 o cudownych narodzinach Boles\u0142awa Krzywoustego\u201d, \u201eGroszki i r\u00f3\u017ce\u201d, \u201eSkrzypka Hercowicza\u201d, \u201eNa mo\u015bcie w Avignon\u201d, \u201eGrande Valse Brillante\u201d, \u201eB\u0119dziesz moja Pani\u0105\u201d, \u201eZabij ten l\u0119k\u201d, \u201eGdziekolwiek\u201d, \u201eTakiej mi\u0142o\u015bci\u201d, \u201eNiebieski m\u0142yn\u201d, \u201ePuchowego \u015bniegu tren\u201d, \u201eNad zr\u0119bem planety\u201d, \u201eKrak\u00f3w\u201d i wiele innych utwor\u00f3w, a w\u015br\u00f3d nich tak\u017ce hymny piwniczne.<\/p>\n\n\n\n<figure class=\"wp-block-image size-large\"><img decoding=\"async\" width=\"724\" height=\"1024\" data-src=\"https:\/\/gazetaregionalna.com\/wp-content\/uploads\/2024\/10\/A4_plakat-724x1024.jpg\" alt=\"\" class=\"wp-image-129074 lazyload\" data-srcset=\"https:\/\/gazetaregionalna.com\/wp-content\/uploads\/2024\/10\/A4_plakat-724x1024.jpg 724w, https:\/\/gazetaregionalna.com\/wp-content\/uploads\/2024\/10\/A4_plakat-212x300.jpg 212w, https:\/\/gazetaregionalna.com\/wp-content\/uploads\/2024\/10\/A4_plakat-768x1087.jpg 768w, https:\/\/gazetaregionalna.com\/wp-content\/uploads\/2024\/10\/A4_plakat-1086x1536.jpg 1086w, https:\/\/gazetaregionalna.com\/wp-content\/uploads\/2024\/10\/A4_plakat-scaled.jpg 1131w\" data-sizes=\"(max-width: 724px) 100vw, 724px\" src=\"data:image\/svg+xml;base64,PHN2ZyB3aWR0aD0iMSIgaGVpZ2h0PSIxIiB4bWxucz0iaHR0cDovL3d3dy53My5vcmcvMjAwMC9zdmciPjwvc3ZnPg==\" style=\"--smush-placeholder-width: 724px; --smush-placeholder-aspect-ratio: 724\/1024;\" \/><\/figure>\n\n\n\n<p>Na scenie wyst\u0119puj\u0105 wymiennie: Ola Maurer, Tamara Kalinowska, Agata \u015alazyk, Beata Czernecka, Kamila Klimczak, Dorota \u015al\u0119zak, Tadeusz Kwinta, Rafa\u0142 J\u0119drzejczyk, Maciej P\u00f3\u0142torak, Jakub Zuckerman, Ula Makosz, Beata Paluch, Leszek W\u00f3jtowicz, Adrian Konarski i Ewa Wnukowa.<\/p>\n\n\n\n<p><em>Pi\u0119kne wydarzenie, mn\u00f3stwo wzrusze\u0144. Pot\u0119\u017cne g\u0142osy wyst\u0119puj\u0105cych, \u015bwietne interpretacje nie\u0142atwego repertuaru. Bardzo polecam<\/em> &#8211; oto jedna z opinii zachwyconych widowiskiem widz\u00f3w.<\/p>\n\n\n\n<p>Artyst\u00f3w Piwnicy pod Baranami i &#8222;Czy pami\u0119tasz?&#8221; us\u0142yszymy w Filharmonii Cz\u0119stochowskiej w pi\u0105tek, 11 pa\u017adziernika o godz. 19. Na wydarzenie zaprasza Impresariat <a href=\"https:\/\/www.facebook.com\/adriaartpl\" target=\"_blank\" rel=\"noreferrer noopener\">Adria Art<\/a>. Bilety kosztuj\u0105: 90, 120, 150 i 180 z\u0142. Mo\u017cna je kupi\u0107 na stronie: <a href=\"https:\/\/bilety.adria-art.pl\/event\/view\/id\/438504\/koncerty-czy-pamietasz-koncert-dedykowany-ewie-demarczyk-i-markowi-grechucie-w-wykonaniu-piwnicy-pod-baranami\" target=\"_blank\" rel=\"noopener\">bilety.adria-art.pl<\/a><\/p>\n\n\n\n<h2 class=\"wp-block-heading\">Wygraj zaproszenie na ten koncert!<\/h2>\n\n\n\n<p>Impresariat Adria Art przekaza\u0142 dla Czytelnik\u00f3w jedno podw\u00f3jne zaproszenie na ten koncert.<\/p>\n\n\n\n<p>By o nie zagra\u0107 nale\u017cy odpowiedzie\u0107 na poni\u017csze pytanie (uzasadniaj\u0105c wyb\u00f3r):<\/p>\n\n\n\n<p><strong>Kt\u00f3ry utw\u00f3r z repertuaru Ewy Demarczyk lub Marka Grechuty jest Ci najbli\u017cszy i dlaczego?<\/strong><\/p>\n\n\n\n<p>Odpowied\u017a nale\u017cy wys\u0142a\u0107 mailowo na adres&nbsp;<strong>konkursy@gazetaregionalna.com<\/strong>, w tytule podaj\u0105c \u201eCzy pami\u0119tasz\u201d, a w tre\u015bci tak\u017ce swoje imi\u0119 i nazwisko.&nbsp;<strong>Zadanie nale\u017cy wykona\u0107 w terminie od 5 pa\u017adziernika od godz. 16 do 6 pa\u017adziernika do godz. 16.<\/strong><\/p>\n\n\n\n<p>Zwyci\u0119zca Konkursu zostanie powiadomiony o wygranej i o formie jej odbioru w wiadomo\u015bci mailowej wys\u0142anej najp\u00f3\u017aniej do 8 pa\u017adziernika do godz. 22.<\/p>\n\n\n\n<h4 class=\"wp-block-heading\">Regulamin konkursu \u201cCzy pami\u0119tasz?&#8221;<\/h4>\n\n\n\n<p><strong>\u00a7 1. POSTANOWIENIA OG\u00d3LNE<\/strong><\/p>\n\n\n\n<p>1. Organizatorem konkurs\u00f3w jest GazetaRegionalna.com, al. Ko\u015bciuszki 13, lok. 6, 42-202 Cz\u0119stochowa, (zwana dalej \u201eOrganizatorem\u201d).<br>2. Fundatorem nagrody jest Impresariat Adria Art.<br>3. Niniejszy regulamin (dalej \u201eRegulamin\u201d) stanowi podstaw\u0119 organizacji oraz okre\u015bla warunki Konkursu.<br>4. Konkurs nie jest stworzony, administrowany, wspierany ani sponsorowany przez Facebook.<br>5. Konkurs jest prowadzony na stronie&nbsp;<a href=\"https:\/\/www.gazetaregionalna.com\/\">www.gazetaregionalna.com<\/a>.<\/p>\n\n\n\n<p>6. Administratorem danych osobowych udost\u0119pnianych przez Uczestnik\u00f3w Konkursu jest Organizator. Podanie danych osobowych ma charakter dowolny, lecz niezb\u0119dny do przyst\u0105pienia przez Uczestnika do Konkursu. Osobom udost\u0119pniaj\u0105cym dane przys\u0142uguje prawo dost\u0119pu do tych danych, ich zmian b\u0105d\u017a usuni\u0119cia.<\/p>\n\n\n\n<p><strong>\u00a7 2. MIEJSCE, CZAS I ZASADY KONKURSU<\/strong><\/p>\n\n\n\n<p>1. Konkurs jest dost\u0119pny w formie tekstu konkursowego na portalu organizatora gazetaregionalna.com<br><strong>2. Konkurs trwa od dnia 5 pa\u017adziernika 2024 r. od godz. 16.00. do dnia 6 pa\u017adziernika 2024 r. do godz. 16.00.<\/strong><\/p>\n\n\n\n<p>W wyj\u0105tkowych sytuacjach Organizator konkursu mo\u017ce przed\u0142u\u017cy\u0107 lub przerwa\u0107 trwanie konkursu, w&nbsp;okre\u015blonym przez siebie zakresie, o czym poinformuje uczestnik\u00f3w konkursu na profilu wskazanym w \u00a71 pkt.6 Regulaminu.<\/p>\n\n\n\n<p><strong>\u00a7 3. UCZESTNICY KONKURSU<\/strong><\/p>\n\n\n\n<p>1. Uczestnikami Konkursu mog\u0105 by\u0107 wy\u0142\u0105cznie osoby fizyczne, konsumenci w rozumieniu art. 221 kodeksu cywilnego, posiadaj\u0105ce pe\u0142n\u0105 zdolno\u015bci do czynno\u015bci prawnych, kt\u00f3re zaakceptowa\u0142y niniejszy Regulamin (dalej: \u201eUczestnik\u201d).<br>2. Uczestnik o\u015bwiadcza, \u017ce:<br>a. jest osob\u0105 fizyczn\u0105, posiadaj\u0105c\u0105 pe\u0142n\u0105 zdolno\u015b\u0107 do czynno\u015bci prawnych;<\/p>\n\n\n\n<p>b. jest osob\u0105 pe\u0142noletni\u0105;<br>c. zapozna\u0142 si\u0119 z tre\u015bci\u0105 niniejszego Regulaminu i w spos\u00f3b dobrowolny przyst\u0119puje do Konkursu;<br>d. wyra\u017ca zgod\u0119 i akceptuje warunki Regulaminu, w tym zapozna\u0142 si\u0119 z tre\u015bci\u0105 dotycz\u0105c\u0105 procedury odbioru nagrody i j\u0105 w pe\u0142ni akceptuje;<br>e. zobowi\u0105zuje si\u0119 do przestrzegania postanowie\u0144 Regulaminu;<br>f. wyrazi\u0142 zgod\u0119 na przetwarzanie danych osobowych dla cel\u00f3w zwi\u0105zanych z uczestnictwem w Konkursie;<br>3. Uczestnik zobowi\u0105zuje si\u0119 do przestrzegania okre\u015blonych w Regulaminie zasad, jak r\u00f3wnie\u017c potwierdza, i\u017c spe\u0142nia wszystkie warunki, kt\u00f3re uprawniaj\u0105 go do udzia\u0142u w Konkursie.<\/p>\n\n\n\n<p>4. W Konkursie nie mog\u0105 uczestniczy\u0107 pracownicy i wsp\u00f3\u0142pracownicy Organizatora.<\/p>\n\n\n\n<p><strong>\u00a7 4. NAGRODA<\/strong><\/p>\n\n\n\n<p><strong>1. Nagrod\u0105 w Konkursie jest jedno podw\u00f3jne zaproszenie na koncert &#8222;Czy pami\u0119tasz?&#8221; dla jednej osoby wy\u0142onionej w&nbsp;spos\u00f3b wskazany w \u00a76.<br><\/strong>2. Informacja o Nagrodzie b\u0119dzie zawarta w tre\u015bci og\u0142oszenia o Konkursie opublikowanego na stronie gazetaregionalna.com.&nbsp;&nbsp;&nbsp;&nbsp;<br>3. Laureatowi nie przys\u0142uguje prawo wymiany Nagrody na got\u00f3wk\u0119 ani nagrod\u0119 innego rodzaju.<br>4. Zwyci\u0119zca mo\u017ce zrzec si\u0119 Nagrody, ale w zamian nie przys\u0142uguje mu ekwiwalent pieni\u0119\u017cny ani jakakolwiek inna nagroda.<\/p>\n\n\n\n<p><strong>\u00a7 5. ZASADY UCZESTNICTWA W KONKURSIE<\/strong><\/p>\n\n\n\n<p><strong>1. Zadaniem Uczestnika Konkursu jest:<\/strong><br>odpowied\u017a na zadanie\/pytanie konkursowe przedstawione na stronie gazetaregionalna.com. Jest ono nast\u0119puj\u0105ce:<\/p>\n\n\n\n<p><strong><strong>Kt\u00f3ry utw\u00f3r z repertuaru Ewy Demarczyk lub Marka Grechuty jest Ci najbli\u017cszy i dlaczego?<\/strong><\/strong><\/p>\n\n\n\n<p>Odpowied\u017a nale\u017cy wys\u0142a\u0107 mailowo na adres&nbsp;<a href=\"mailto:konkursy@gazetaregionalna.com\">konkursy@gazetaregionalna.com<\/a>, w tytule podaj\u0105c \u201eCzy pami\u0119tasz?\u201d, a w tre\u015bci swoje imi\u0119 i nazwisko. Zadanie nale\u017cy wykona\u0107 w terminie od 5 pa\u017adziernika od godz. 16 do 6 pa\u017adziernika do godz. 16.<\/p>\n\n\n\n<p>1. Warunkiem uczestnictwa w Konkursie jest poprawne wykonanie wszystkich zada\u0144 opisanych w \u00a7 5. ust. 1 Regulaminu.<br>2. O przyznaniu nagrody decyduje Organizator w drodze analizy poprawno\u015bci wykonania zada\u0144 opisanych w \u00a7 5. ust. 1 Regulaminu przez Uczestnik\u00f3w Konkursu<br><strong>3. Spo\u015br\u00f3d nades\u0142anych odpowiedzi Organizator wy\u0142oni jednego zwyci\u0119zc\u0119,<br>4. Zwyci\u0119zca Konkursu zostanie powiadomiony o wygranej i o formie jej odbioru w wiadomo\u015bci mailowej wys\u0142anej z adresu&nbsp;<a href=\"mailto:konkursy@gazetaregionalna.com\">konkursy@gazetaregionalna.com<\/a>&nbsp;najp\u00f3\u017aniej do 8 pa\u017adziernika<\/strong> <strong>do godz. 22.<\/strong><\/p>\n\n\n\n<p><strong>\u00a7 7. ZAKRES ODPOWIEDZIALNO\u015aCI ORGANIZATORA<\/strong><\/p>\n\n\n\n<p>1. Organizator nie ponosi odpowiedzialno\u015bci za rzetelno\u015b\u0107 i prawdziwo\u015b\u0107 danych Uczestnik\u00f3w Konkursu, w tym za brak mo\u017cliwo\u015bci przekazania nagr\u00f3d, z przyczyny le\u017c\u0105cych po stronie Uczestnika, w szczeg\u00f3lno\u015bci, je\u015bli ten nie poda\u0142 prawdziwego adresu do korespondencji lub podane dane s\u0105 niepe\u0142ne lub nieaktualne.<br>2. Organizator o\u015bwiadcza, \u017ce nie prowadzi kontroli, ani monitoringu tre\u015bci umieszczanych przez Uczestnik\u00f3w w&nbsp;zakresie rzetelno\u015bci i prawdziwo\u015bci, z zastrze\u017ceniem dzia\u0142a\u0144 zwi\u0105zanych z usuni\u0119ciem narusze\u0144 Regulaminu lub przepis\u00f3w powszechnie obowi\u0105zuj\u0105cych.<br>3. Organizator zastrzega sobie prawo do wykluczenia z udzia\u0142u w Konkursie Uczestnik\u00f3w, kt\u00f3rych dzia\u0142ania s\u0105 sprzeczne z prawem lub Regulaminem.<br>4. Organizator nie ponosi odpowiedzialno\u015bci za jakiekolwiek zak\u0142\u00f3cenia w dzia\u0142aniu \u0142\u0105cz teleinformatycznych, serwer\u00f3w, interfejs\u00f3w oraz przegl\u0105darek.<br><br><strong>\u00a7 8. PRZETWARZANIE DANYCH OSOBOWYCH<\/strong><\/p>\n\n\n\n<p>1. Dane osobowe Uczestnik\u00f3w Konkursu b\u0119d\u0105 przetwarzane przez Organizatora wy\u0142\u0105cznie w celu dokonania czynno\u015bci niezb\u0119dnych do prawid\u0142owego przeprowadzenia Konkursu.<br>2. Dane osobowe Uczestnik\u00f3w Konkursu b\u0119d\u0105 przechowywane przez Organizatora tylko przez okres niezb\u0119dny do przeprowadzenia Konkursu i wydania nagr\u00f3d wyr\u00f3\u017cnionym Uczestnikom.<br>3. Uczestnicy maj\u0105 prawo wgl\u0105du do przetwarzanych danych i ich poprawiania oraz usuwania. Dane s\u0105 podawane na zasadach dobrowolno\u015bci.<\/p>\n\n\n\n<p>4. W momencie usuni\u0119cia danych U\u017cytkownik traci mo\u017cliwo\u015b\u0107 Uczestnictwa w Konkursie.<\/p>\n\n\n\n<p><strong>\u00a7 9. PRAWA AUTORSKIE<\/strong><\/p>\n\n\n\n<p>1. Wszelkie prawa w\u0142asno\u015bci intelektualnej do Konkursu przys\u0142uguj\u0105 Organizatorowi. Uczestnictwo w&nbsp;Konkursie nie skutkuje w \u017cadnym zakresie nabyciem przez Uczestnik\u00f3w jakichkolwiek praw w\u0142asno\u015bci intelektualnej. Zabronione jest naruszanie w jakikolwiek spos\u00f3b praw w\u0142asno\u015bci intelektualnej w Konkursie, w&nbsp;szczeg\u00f3lno\u015bci:<br>a) kopiowanie, modyfikowanie oraz transmitowanie elektronicznie lub rozpowszechnianie w inny spos\u00f3b mechanizmu Konkursu lub jego cz\u0119\u015bci, a tak\u017ce poszczeg\u00f3lnych utwor\u00f3w<br>i baz danych, bez wyra\u017anej pisemnej zgody Administratora;<br>b) korzystanie z Konkursu w spos\u00f3b niezgodny z Regulaminem lub powszechnie obowi\u0105zuj\u0105cymi przepisami.<\/p>\n\n\n\n<p><strong>\u00a7 10. REKLAMACJE I ZG\u0141OSZENIA NARUSZE\u0143<\/strong><\/p>\n\n\n\n<p>1. Wszelkie reklamacje dotycz\u0105ce sposobu przeprowadzania Konkursu, Uczestnicy winni zg\u0142asza\u0107 na pi\u015bmie w&nbsp;czasie trwania Konkursu, jednak nie p\u00f3\u017aniej ni\u017c w terminie 7 (siedmiu) dni od dnia wydania Nagr\u00f3d.<br>2. Reklamacja zg\u0142oszona po wyznaczonym terminie nie wywo\u0142uje skutk\u00f3w prawnych.<br>3. Pisemna reklamacja powinna zawiera\u0107 imi\u0119, nazwisko, dok\u0142adny adres Uczestnika oraz dok\u0142adny opis i&nbsp;uzasadnienie reklamacji.<br><strong>4. Reklamacja powinna by\u0107 przes\u0142ana listem poleconym na adres Organizatora z dopiskiem \u201eKonkurs z dnia 5 pa\u017adziernika 2024 r.\u201d.<br><\/strong>5. Reklamacje rozpatrywane b\u0119d\u0105 pisemnie w terminie 30 dni.<br><br><strong>\u00a7 11. POSTANOWIENIA KO\u0143COWE<\/strong><\/p>\n\n\n\n<p>1. Regulamin wchodzi w \u017cycie z dniem 5 pa\u017adziernika 2024 r. i obowi\u0105zuje do 6 pa\u017adziernika 2024 r.<\/p>\n\n\n\n<ol class=\"wp-block-list\" start=\"2\">\n<li>W kwestiach nieuregulowanych niniejszym Regulaminem stosuje si\u0119 przepisy Kodeksu cywilnego i inne przepisy prawa.<\/li>\n\n\n\n<li>Spory odnosz\u0105ce si\u0119 i wynikaj\u0105ce z Konkursu b\u0119d\u0105 rozwi\u0105zywane przez s\u0105d powszechny w\u0142a\u015bciwy miejscowo dla siedziby Organizatora.<\/li>\n\n\n\n<li>Organizator zastrzega sobie prawo do zmiany zasad Konkursu w trakcie jego trwania. Informacja o zmianach b\u0119dzie zamieszczona na stronie gazetaregionalna.com.<\/li>\n<\/ol>\n\n\n\n<p>Zwyci\u0119zcy Konkursu zostan\u0105 powiadomieni o wygranej i o formie jej odbioru w wiadomo\u015bci mailowej wys\u0142anej najp\u00f3\u017aniej do 8 pa\u017adziernika do godz. 22.<\/p>\n","protected":false},"excerpt":{"rendered":"<p>To b\u0119dzie muzyczno-poetycki ho\u0142d dedykowany Ewie Demarczyk i Markowi Grechucie. Arty\u015bci s\u0142ynnej Piwnicy pod Baranami powracaj\u0105 do Cz\u0119stochowy z koncertem zatytu\u0142owanym \u201eCzy pami\u0119tasz?\u201d. Zobaczymy<\/p>\n","protected":false},"author":11,"featured_media":129049,"comment_status":"closed","ping_status":"open","sticky":false,"template":"","format":"standard","meta":{"_monsterinsights_skip_tracking":false,"_monsterinsights_sitenote_active":false,"_monsterinsights_sitenote_note":"","_monsterinsights_sitenote_category":0,"_uf_show_specific_survey":0,"_uf_disable_surveys":false,"footnotes":""},"categories":[12,3,2],"tags":[2071,144,352,716,89,8424],"class_list":["post-129045","post","type-post","status-publish","format-standard","has-post-thumbnail","hentry","category-kultura-i-rozrywka","category-czestochowa-informacje","category-wiadomosci","tag-adria-art","tag-czestochowa","tag-filharmonia-czestochowska","tag-koncert","tag-konkurs","tag-piwnica-pod-baranami"],"_links":{"self":[{"href":"https:\/\/gazetaregionalna.com\/index.php?rest_route=\/wp\/v2\/posts\/129045","targetHints":{"allow":["GET"]}}],"collection":[{"href":"https:\/\/gazetaregionalna.com\/index.php?rest_route=\/wp\/v2\/posts"}],"about":[{"href":"https:\/\/gazetaregionalna.com\/index.php?rest_route=\/wp\/v2\/types\/post"}],"author":[{"embeddable":true,"href":"https:\/\/gazetaregionalna.com\/index.php?rest_route=\/wp\/v2\/users\/11"}],"replies":[{"embeddable":true,"href":"https:\/\/gazetaregionalna.com\/index.php?rest_route=%2Fwp%2Fv2%2Fcomments&post=129045"}],"version-history":[{"count":4,"href":"https:\/\/gazetaregionalna.com\/index.php?rest_route=\/wp\/v2\/posts\/129045\/revisions"}],"predecessor-version":[{"id":129075,"href":"https:\/\/gazetaregionalna.com\/index.php?rest_route=\/wp\/v2\/posts\/129045\/revisions\/129075"}],"wp:featuredmedia":[{"embeddable":true,"href":"https:\/\/gazetaregionalna.com\/index.php?rest_route=\/wp\/v2\/media\/129049"}],"wp:attachment":[{"href":"https:\/\/gazetaregionalna.com\/index.php?rest_route=%2Fwp%2Fv2%2Fmedia&parent=129045"}],"wp:term":[{"taxonomy":"category","embeddable":true,"href":"https:\/\/gazetaregionalna.com\/index.php?rest_route=%2Fwp%2Fv2%2Fcategories&post=129045"},{"taxonomy":"post_tag","embeddable":true,"href":"https:\/\/gazetaregionalna.com\/index.php?rest_route=%2Fwp%2Fv2%2Ftags&post=129045"}],"curies":[{"name":"wp","href":"https:\/\/api.w.org\/{rel}","templated":true}]}}