{"id":129029,"date":"2024-10-04T11:08:12","date_gmt":"2024-10-04T11:08:12","guid":{"rendered":"https:\/\/gazetaregionalna.com\/?p=129029"},"modified":"2024-10-04T11:08:44","modified_gmt":"2024-10-04T11:08:44","slug":"fotopodroz","status":"publish","type":"post","link":"https:\/\/gazetaregionalna.com\/?p=129029","title":{"rendered":"Fotopodr\u00f3\u017c 5 \u2013 Zamek Tenczyn \u201eSzlakiem \u015bl\u0105skich pa\u0142ac\u00f3w i zamk\u00f3w\u201d"},"content":{"rendered":"\n<h2 class=\"wp-block-heading\"><strong>Regionalny O\u015brodek Kultury w Cz\u0119stochowie zaprasza do udzia\u0142u w fotograficznych warsztatach plenerowych \u2013 fotopodr\u00f3\u017c \u201eSzlakiem \u015bl\u0105skich pa\u0142ac\u00f3w i zamk\u00f3w\u201d, organizowanych w ramach Mobilnego Uniwersytetu Kultury i Sztuki.<\/strong><\/h2>\n\n\n\n<p>Fotopodr\u00f3\u017c nr 5 zaplanowano w sobot\u0119, 19 pa\u017adziernika 2024. Zbi\u00f3rka przy siedzibie Regionalnego O\u015brodka Kultury w Cz\u0119stochowie, ul. Ogi\u0144skiego 13a. Wyjazd o godz. 9.00. Przedsi\u0119wzi\u0119cie skierowanie jest do fotoamator\u00f3w z wojew\u00f3dztwa \u015bl\u0105skiego skupionych wok\u00f3\u0142 plac\u00f3wek kultury i stowarzysze\u0144.<\/p>\n\n\n\n<p>Liczba miejsc jest ograniczona, decyduje kolejno\u015b\u0107 zg\u0142osze\u0144. Karta zg\u0142oszenia znajduje si\u0119 na stronie: <a href=\"http:\/\/rok.czestochowa.pl\/n\/szlakiem-slaskich-palacow-i-zamkow---plener-647\" target=\"_blank\" rel=\"noopener\">rok.czestochowa.pl<\/a><\/p>\n\n\n\n<p>Szczeg\u00f3\u0142owe informacje mo\u017cna uzyska\u0107 u komisarza pleneru &#8211; S\u0142awomira Jod\u0142owskiego, tel. 34 366 59 64<\/p>\n\n\n\n<p>Partnerem warsztat\u00f3w jest Jurajski Fotoklub Cz\u0119stochowa.<\/p>\n\n\n\n<figure class=\"wp-block-image size-large\"><img decoding=\"async\" width=\"724\" height=\"1024\" data-src=\"https:\/\/gazetaregionalna.com\/wp-content\/uploads\/2024\/10\/Plakat-cykl-plenerow-5-724x1024.jpg\" alt=\"\" class=\"wp-image-129034 lazyload\" data-srcset=\"https:\/\/gazetaregionalna.com\/wp-content\/uploads\/2024\/10\/Plakat-cykl-plenerow-5-724x1024.jpg 724w, https:\/\/gazetaregionalna.com\/wp-content\/uploads\/2024\/10\/Plakat-cykl-plenerow-5-212x300.jpg 212w, https:\/\/gazetaregionalna.com\/wp-content\/uploads\/2024\/10\/Plakat-cykl-plenerow-5-768x1086.jpg 768w, https:\/\/gazetaregionalna.com\/wp-content\/uploads\/2024\/10\/Plakat-cykl-plenerow-5-1086x1536.jpg 1086w, https:\/\/gazetaregionalna.com\/wp-content\/uploads\/2024\/10\/Plakat-cykl-plenerow-5-scaled.jpg 1131w\" data-sizes=\"(max-width: 724px) 100vw, 724px\" src=\"data:image\/svg+xml;base64,PHN2ZyB3aWR0aD0iMSIgaGVpZ2h0PSIxIiB4bWxucz0iaHR0cDovL3d3dy53My5vcmcvMjAwMC9zdmciPjwvc3ZnPg==\" style=\"--smush-placeholder-width: 724px; --smush-placeholder-aspect-ratio: 724\/1024;\" \/><\/figure>\n\n\n\n<p>mat. ROK Cz\u0119stochowa<\/p>\n\n\n\n<p>Czytaj tak\u017ce: <a href=\"https:\/\/gazetaregionalna.com\/premiera-nagle-zawsze-nagle-juz-tego-nie-mamy\/\">Premiera ksi\u0105\u017cki \u201eNagle, zawsze nagle ju\u017c tego nie mamy\u201d Aleksandra Wiernego ju\u017c 5 pa\u017adziernika<\/a><\/p>\n","protected":false},"excerpt":{"rendered":"<p>Regionalny O\u015brodek Kultury w Cz\u0119stochowie zaprasza do udzia\u0142u w fotograficznych warsztatach plenerowych \u2013 fotopodr\u00f3\u017c \u201eSzlakiem \u015bl\u0105skich pa\u0142ac\u00f3w i zamk\u00f3w\u201d, organizowanych w ramach Mobilnego Uniwersytetu<\/p>\n","protected":false},"author":5,"featured_media":129035,"comment_status":"closed","ping_status":"open","sticky":false,"template":"","format":"standard","meta":{"_monsterinsights_skip_tracking":false,"_monsterinsights_sitenote_active":false,"_monsterinsights_sitenote_note":"","_monsterinsights_sitenote_category":0,"_uf_show_specific_survey":0,"_uf_disable_surveys":false,"footnotes":""},"categories":[12],"tags":[9242,1705,6264],"class_list":["post-129029","post","type-post","status-publish","format-standard","has-post-thumbnail","hentry","category-kultura-i-rozrywka","tag-plener-fotograficzny","tag-regionalny-osrodek-kultury","tag-warsztaty-fotograficzne"],"_links":{"self":[{"href":"https:\/\/gazetaregionalna.com\/index.php?rest_route=\/wp\/v2\/posts\/129029","targetHints":{"allow":["GET"]}}],"collection":[{"href":"https:\/\/gazetaregionalna.com\/index.php?rest_route=\/wp\/v2\/posts"}],"about":[{"href":"https:\/\/gazetaregionalna.com\/index.php?rest_route=\/wp\/v2\/types\/post"}],"author":[{"embeddable":true,"href":"https:\/\/gazetaregionalna.com\/index.php?rest_route=\/wp\/v2\/users\/5"}],"replies":[{"embeddable":true,"href":"https:\/\/gazetaregionalna.com\/index.php?rest_route=%2Fwp%2Fv2%2Fcomments&post=129029"}],"version-history":[{"count":3,"href":"https:\/\/gazetaregionalna.com\/index.php?rest_route=\/wp\/v2\/posts\/129029\/revisions"}],"predecessor-version":[{"id":129036,"href":"https:\/\/gazetaregionalna.com\/index.php?rest_route=\/wp\/v2\/posts\/129029\/revisions\/129036"}],"wp:featuredmedia":[{"embeddable":true,"href":"https:\/\/gazetaregionalna.com\/index.php?rest_route=\/wp\/v2\/media\/129035"}],"wp:attachment":[{"href":"https:\/\/gazetaregionalna.com\/index.php?rest_route=%2Fwp%2Fv2%2Fmedia&parent=129029"}],"wp:term":[{"taxonomy":"category","embeddable":true,"href":"https:\/\/gazetaregionalna.com\/index.php?rest_route=%2Fwp%2Fv2%2Fcategories&post=129029"},{"taxonomy":"post_tag","embeddable":true,"href":"https:\/\/gazetaregionalna.com\/index.php?rest_route=%2Fwp%2Fv2%2Ftags&post=129029"}],"curies":[{"name":"wp","href":"https:\/\/api.w.org\/{rel}","templated":true}]}}