{"id":128953,"date":"2024-10-02T17:19:12","date_gmt":"2024-10-02T17:19:12","guid":{"rendered":"https:\/\/gazetaregionalna.com\/?p=128953"},"modified":"2024-10-02T17:19:14","modified_gmt":"2024-10-02T17:19:14","slug":"ameyaw-i-mosor-powolani-do-reprezentacji-polski-ivi-lopez-otrzymal-wewnetrzny-puchar","status":"publish","type":"post","link":"https:\/\/gazetaregionalna.com\/?p=128953","title":{"rendered":"Ameyaw i Mos\u00f3r powo\u0142ani do reprezentacji Polski. Ivi Lopez otrzyma\u0142 \u201ewewn\u0119trzny\u201d puchar!"},"content":{"rendered":"\n<p>Dw\u00f3ch Polak\u00f3w z kadry trenera Marka Papszuna otrzyma\u0142o powo\u0142ania do reprezentacji Polski. Michael Ameyaw trafi\u0142 do pierwszej reprezentacji, a Ariel Mos\u00f3r do U21.<\/p>\n\n\n\n<p>Selekcjoner reprezentacji Polski Micha\u0142 Probierz powo\u0142a\u0142a zawodnika Rakowa na mecze Ligi Narod\u00f3w. Polska zagra 12 pa\u017adziernika z Portugali\u0105, a 15 pa\u017adziernika z Chorwacj\u0105.<\/p>\n\n\n\n<p>Ameyaw to pi\u0105ty w historii pi\u0142karz Rakowa, kt\u00f3ry zosta\u0142 powo\u0142any do seniorskiej reprezentacji Polski. Pierwszym w historii by\u0142 Pawe\u0142 Skrzypek. Kolejne powo\u0142ania otrzymali: Kamil Pi\u0105tkowski, Patryk Kun oraz Ben Lederman.<\/p>\n\n\n\n<p>Ariel Mos\u00f3r ma szans\u0119 na gr\u0119 w reprezentacji Polski do 21 lat. Polska zagra dwa mecze w ramach M\u0142odzie\u017cowych Mistrzostw Europy 2025. Bia\u0142o-czerwoni zmierz\u0105 si\u0119 na wyje\u017adzie z Kosowem u u siebie z Niemcami.<\/p>\n\n\n\n<p>Powo\u0142anie do reprezentacji Kenii otrzyma\u0142 te\u017c zawodnik Rakowa Eric Otieno. Ma szans\u0119 zagra\u0107 dwa razy przeciwko Kamerunowi.<\/p>\n\n\n\n<p>Na zgrupowanie reprezentacji Polski U15 kobiet zosta\u0142a powo\u0142ana zawodniczka Rakowa Alicja Nosal. Polski rozegraj\u0105 sparing z reprezentacj\u0105 Niemiec.<\/p>\n\n\n\n<p>MR-K, fot: AK<\/p>\n\n\n\n<p>DMK Invest materia\u0142y budowlane Konopiska (<a href=\"http:\/\/www.dmkinvest.pl\/\" target=\"_blank\" rel=\"noreferrer noopener\">www.dmkinvest.pl<\/a>)<\/p>\n\n\n\n<p>Fonex. Alarmy i monitoringi (<a href=\"http:\/\/www.fonex.pl\/\" target=\"_blank\" rel=\"noreferrer noopener\">www.fonex.pl<\/a>)<\/p>\n\n\n\n<figure class=\"wp-block-image size-large\"><img decoding=\"async\" width=\"1024\" height=\"684\" data-src=\"https:\/\/gazetaregionalna.com\/wp-content\/uploads\/2024\/10\/Amayaw-1024x684.jpg\" alt=\"\" class=\"wp-image-128955 lazyload\" data-srcset=\"https:\/\/gazetaregionalna.com\/wp-content\/uploads\/2024\/10\/Amayaw-1024x684.jpg 1024w, https:\/\/gazetaregionalna.com\/wp-content\/uploads\/2024\/10\/Amayaw-300x201.jpg 300w, https:\/\/gazetaregionalna.com\/wp-content\/uploads\/2024\/10\/Amayaw-768x513.jpg 768w, https:\/\/gazetaregionalna.com\/wp-content\/uploads\/2024\/10\/Amayaw.jpg 1200w\" data-sizes=\"(max-width: 1024px) 100vw, 1024px\" src=\"data:image\/svg+xml;base64,PHN2ZyB3aWR0aD0iMSIgaGVpZ2h0PSIxIiB4bWxucz0iaHR0cDovL3d3dy53My5vcmcvMjAwMC9zdmciPjwvc3ZnPg==\" style=\"--smush-placeholder-width: 1024px; --smush-placeholder-aspect-ratio: 1024\/684;\" \/><\/figure>\n\n\n\n<figure class=\"wp-block-image size-large\"><img decoding=\"async\" width=\"1024\" height=\"682\" data-src=\"https:\/\/gazetaregionalna.com\/wp-content\/uploads\/2024\/10\/Mosor-1024x682.jpg\" alt=\"\" class=\"wp-image-128954 lazyload\" data-srcset=\"https:\/\/gazetaregionalna.com\/wp-content\/uploads\/2024\/10\/Mosor-1024x682.jpg 1024w, https:\/\/gazetaregionalna.com\/wp-content\/uploads\/2024\/10\/Mosor-300x200.jpg 300w, https:\/\/gazetaregionalna.com\/wp-content\/uploads\/2024\/10\/Mosor-768x511.jpg 768w, https:\/\/gazetaregionalna.com\/wp-content\/uploads\/2024\/10\/Mosor.jpg 1200w\" data-sizes=\"(max-width: 1024px) 100vw, 1024px\" src=\"data:image\/svg+xml;base64,PHN2ZyB3aWR0aD0iMSIgaGVpZ2h0PSIxIiB4bWxucz0iaHR0cDovL3d3dy53My5vcmcvMjAwMC9zdmciPjwvc3ZnPg==\" style=\"--smush-placeholder-width: 1024px; --smush-placeholder-aspect-ratio: 1024\/682;\" \/><\/figure>\n\n\n\n<figure class=\"wp-block-image size-large\"><img decoding=\"async\" width=\"1024\" height=\"1024\" data-src=\"https:\/\/gazetaregionalna.com\/wp-content\/uploads\/2024\/04\/DMK-Invest-1-1024x1024.jpg\" alt=\"\" class=\"wp-image-123882 lazyload\" data-srcset=\"https:\/\/gazetaregionalna.com\/wp-content\/uploads\/2024\/04\/DMK-Invest-1-1024x1024.jpg 1024w, https:\/\/gazetaregionalna.com\/wp-content\/uploads\/2024\/04\/DMK-Invest-1-300x300.jpg 300w, https:\/\/gazetaregionalna.com\/wp-content\/uploads\/2024\/04\/DMK-Invest-1-150x150.jpg 150w, https:\/\/gazetaregionalna.com\/wp-content\/uploads\/2024\/04\/DMK-Invest-1-768x768.jpg 768w, https:\/\/gazetaregionalna.com\/wp-content\/uploads\/2024\/04\/DMK-Invest-1-1536x1536.jpg 1536w, https:\/\/gazetaregionalna.com\/wp-content\/uploads\/2024\/04\/DMK-Invest-1-2048x2048.jpg 2048w, https:\/\/gazetaregionalna.com\/wp-content\/uploads\/2024\/04\/DMK-Invest-1-215x215.jpg 215w, https:\/\/gazetaregionalna.com\/wp-content\/uploads\/2024\/04\/DMK-Invest-1-scaled.jpg 1600w\" data-sizes=\"(max-width: 1024px) 100vw, 1024px\" src=\"data:image\/svg+xml;base64,PHN2ZyB3aWR0aD0iMSIgaGVpZ2h0PSIxIiB4bWxucz0iaHR0cDovL3d3dy53My5vcmcvMjAwMC9zdmciPjwvc3ZnPg==\" style=\"--smush-placeholder-width: 1024px; --smush-placeholder-aspect-ratio: 1024\/1024;\" \/><\/figure>\n\n\n\n<figure class=\"wp-block-image size-large\"><img decoding=\"async\" width=\"1024\" height=\"1024\" data-src=\"https:\/\/gazetaregionalna.com\/wp-content\/uploads\/2024\/04\/FONEX-1024x1024.jpg\" alt=\"\" class=\"wp-image-123881 lazyload\" data-srcset=\"https:\/\/gazetaregionalna.com\/wp-content\/uploads\/2024\/04\/FONEX-1024x1024.jpg 1024w, https:\/\/gazetaregionalna.com\/wp-content\/uploads\/2024\/04\/FONEX-300x300.jpg 300w, https:\/\/gazetaregionalna.com\/wp-content\/uploads\/2024\/04\/FONEX-150x150.jpg 150w, https:\/\/gazetaregionalna.com\/wp-content\/uploads\/2024\/04\/FONEX-768x768.jpg 768w, https:\/\/gazetaregionalna.com\/wp-content\/uploads\/2024\/04\/FONEX-215x215.jpg 215w, https:\/\/gazetaregionalna.com\/wp-content\/uploads\/2024\/04\/FONEX.jpg 1080w\" data-sizes=\"(max-width: 1024px) 100vw, 1024px\" src=\"data:image\/svg+xml;base64,PHN2ZyB3aWR0aD0iMSIgaGVpZ2h0PSIxIiB4bWxucz0iaHR0cDovL3d3dy53My5vcmcvMjAwMC9zdmciPjwvc3ZnPg==\" style=\"--smush-placeholder-width: 1024px; --smush-placeholder-aspect-ratio: 1024\/1024;\" \/><\/figure>\n","protected":false},"excerpt":{"rendered":"<p>Dw\u00f3ch Polak\u00f3w z kadry trenera Marka Papszuna otrzyma\u0142o powo\u0142ania do reprezentacji Polski. Michael Ameyaw trafi\u0142 do pierwszej reprezentacji, a Ariel Mos\u00f3r do U21. Selekcjoner<\/p>\n","protected":false},"author":15,"featured_media":128955,"comment_status":"closed","ping_status":"open","sticky":false,"template":"","format":"standard","meta":{"_monsterinsights_skip_tracking":false,"_monsterinsights_sitenote_active":false,"_monsterinsights_sitenote_note":"","_monsterinsights_sitenote_category":0,"_uf_show_specific_survey":0,"_uf_disable_surveys":false,"footnotes":""},"categories":[5,6],"tags":[],"class_list":["post-128953","post","type-post","status-publish","format-standard","has-post-thumbnail","hentry","category-sport","category-pilka-nozna"],"_links":{"self":[{"href":"https:\/\/gazetaregionalna.com\/index.php?rest_route=\/wp\/v2\/posts\/128953","targetHints":{"allow":["GET"]}}],"collection":[{"href":"https:\/\/gazetaregionalna.com\/index.php?rest_route=\/wp\/v2\/posts"}],"about":[{"href":"https:\/\/gazetaregionalna.com\/index.php?rest_route=\/wp\/v2\/types\/post"}],"author":[{"embeddable":true,"href":"https:\/\/gazetaregionalna.com\/index.php?rest_route=\/wp\/v2\/users\/15"}],"replies":[{"embeddable":true,"href":"https:\/\/gazetaregionalna.com\/index.php?rest_route=%2Fwp%2Fv2%2Fcomments&post=128953"}],"version-history":[{"count":1,"href":"https:\/\/gazetaregionalna.com\/index.php?rest_route=\/wp\/v2\/posts\/128953\/revisions"}],"predecessor-version":[{"id":128956,"href":"https:\/\/gazetaregionalna.com\/index.php?rest_route=\/wp\/v2\/posts\/128953\/revisions\/128956"}],"wp:featuredmedia":[{"embeddable":true,"href":"https:\/\/gazetaregionalna.com\/index.php?rest_route=\/wp\/v2\/media\/128955"}],"wp:attachment":[{"href":"https:\/\/gazetaregionalna.com\/index.php?rest_route=%2Fwp%2Fv2%2Fmedia&parent=128953"}],"wp:term":[{"taxonomy":"category","embeddable":true,"href":"https:\/\/gazetaregionalna.com\/index.php?rest_route=%2Fwp%2Fv2%2Fcategories&post=128953"},{"taxonomy":"post_tag","embeddable":true,"href":"https:\/\/gazetaregionalna.com\/index.php?rest_route=%2Fwp%2Fv2%2Ftags&post=128953"}],"curies":[{"name":"wp","href":"https:\/\/api.w.org\/{rel}","templated":true}]}}