{"id":12894,"date":"2020-05-28T07:27:41","date_gmt":"2020-05-28T07:27:41","guid":{"rendered":"https:\/\/gazetaregionalna.com\/?p=12894"},"modified":"2020-05-28T09:56:34","modified_gmt":"2020-05-28T09:56:34","slug":"fundacja-oczami-brata-buduje-dom-dla-swoich-podopiecznych","status":"publish","type":"post","link":"https:\/\/gazetaregionalna.com\/?p=12894","title":{"rendered":"Fundacja &#8222;Oczami Brata&#8221; buduje dom dla swoich podopiecznych"},"content":{"rendered":"\n<p><br> Spe\u0142nia si\u0119 marzenie za\u0142o\u017cyciela Fundacji &#8222;Oczami Brata&#8221;, Paw\u0142a Bilskiego. Przy ul. Brzezi\u0144skiej rusza w\u0142a\u015bnie budowa domu, w kt\u00f3rym zamieszkaj\u0105 osoby z niepe\u0142nosprawno\u015bci\u0105 intelektualn\u0105.<\/p>\n\n\n\n<figure class=\"wp-block-image size-large\"><img decoding=\"async\" data-src=\"https:\/\/gazetaregionalna.com\/wp-content\/uploads\/2020\/05\/dom1-1024x576.jpg\" alt=\"\" class=\"wp-image-12895 lazyload\" src=\"data:image\/svg+xml;base64,PHN2ZyB3aWR0aD0iMSIgaGVpZ2h0PSIxIiB4bWxucz0iaHR0cDovL3d3dy53My5vcmcvMjAwMC9zdmciPjwvc3ZnPg==\" style=\"--smush-placeholder-width: 1024px; --smush-placeholder-aspect-ratio: 1024\/576;\"><\/figure>\n\n\n\n<p><br> Dach nad g\u0142ow\u0105 znajdzie tam co najmniej 16 podopiecznych Fundacji. Do ich dyspozycji szykowane s\u0105 jedno- i dwuosobowe pokoje z \u0142azienkami. W budynku docelowo znajdzie si\u0119 tak\u017ce miejsce na biura organizacji oraz sale przeznaczona na prowadzenie zaj\u0119\u0107 warsztatowych.<\/p>\n\n\n\n<figure class=\"wp-block-image size-large\"><img decoding=\"async\" data-src=\"https:\/\/gazetaregionalna.com\/wp-content\/uploads\/2020\/05\/dom2-1024x768.jpg\" alt=\"\" class=\"wp-image-12896 lazyload\" src=\"data:image\/svg+xml;base64,PHN2ZyB3aWR0aD0iMSIgaGVpZ2h0PSIxIiB4bWxucz0iaHR0cDovL3d3dy53My5vcmcvMjAwMC9zdmciPjwvc3ZnPg==\" style=\"--smush-placeholder-width: 1024px; --smush-placeholder-aspect-ratio: 1024\/768;\"><figcaption>a<\/figcaption><\/figure>\n\n\n\n<p><br> Nowoczesny, wyposa\u017cony w wind\u0119 budynek o kubaturze 5078,6 metr\u00f3w sze\u015bciennych stanie na mierz\u0105cej 2 tys. metr\u00f3w kwadratowej dzia\u0142ce. Inwestycja \u2014 budowa i wyposa\u017cenie domu  \u2014 kosztowa\u0107 b\u0119dzie 4 mln z\u0142otych. Fundusze na realizacj\u0119 tego projektu pochodz\u0105 ze zbi\u00f3rki organizowanej przez Fundacj\u0119 i wp\u0142at os\u00f3b prywatnych oraz firm. Na razie uda\u0142o si\u0119 uzbiera\u0107 fundusze na pierwszy etap inwestycji. Zbi\u00f3rka nadal wi\u0119c trwa.<br> Wed\u0142ug projektu wybranego przez organizacj\u0119, w budynku znajdzie si\u0119 8 pokoi jednoosobowych, 4 pokoje dwuosobowe, 2 salony z kuchni\u0105 i 3 sale wielofunkcyjne.<\/p>\n\n\n\n<p><\/p>\n\n\n\n<p>Dom Oczami Brata, bo tak nazwano now\u0105 inwestycje to najwi\u0119ksze, ale nie jedyne zadanie, jakiego podj\u0119\u0142a si\u0119 Fundacja. Wcze\u015bnie za\u0142o\u017cy\u0142a w Cz\u0119stochowie: klubokawiarni\u0119, plac\u00f3wk\u0119 wsparcia dziennego, mieszkanie treningowe, mieszkanie chronione oraz pracownie aktywizuj\u0105ce spo\u0142ecznie i zawodowo. Dzie\u0142em Fundacji &#8222;Oczami Brata&#8221; s\u0105 r\u00f3wnie\u017c: Warsztat Terapii Zaj\u0119ciowej oraz Warsztat Terapii Artystycznej.<\/p>\n\n\n\n<p><br> Przy zbieraniu funduszy, w tym na budow\u0119 domu przy ul. Brzezi\u0144skiej, organizacji uda\u0142o si\u0119 pozyska\u0107 pomoc od znanych artyst\u00f3w. Promuj\u0105 oni swoimi nazwiskami dzia\u0142ania Fundacji, namawiaj\u0105c do niesienia pomocy. Ambasadorami budowy Domu Oczami Brata zostali m.in. Jerzy Sthur, Olga Borys, Tomasz Ciachorowski, Piotr Machalica oraz Piotr Cyrwus.<\/p>\n\n\n\n<figure class=\"wp-block-image size-large\"><img decoding=\"async\" data-src=\"https:\/\/gazetaregionalna.com\/wp-content\/uploads\/2020\/05\/Aktorzy-Dom-Oczami-Brata.jpg\" alt=\"\" class=\"wp-image-12898 lazyload\" src=\"data:image\/svg+xml;base64,PHN2ZyB3aWR0aD0iMSIgaGVpZ2h0PSIxIiB4bWxucz0iaHR0cDovL3d3dy53My5vcmcvMjAwMC9zdmciPjwvc3ZnPg==\"><\/figure>\n\n\n\n<p><br> Poniewa\u017c pieni\u0119dzy na wybudowanie i wyposa\u017cenie domu potrzeba bardzo du\u017co, Fundacja liczy na dalsz\u0105 hojno\u015b\u0107 i serce darczy\u0144c\u00f3w. Kto zechce wesprze\u0107 te dzia\u0142ania, mo\u017ce to zrobi\u0107, wp\u0142acaj\u0105c dobrowolne \u015brodki na konto budowy Domu Oczami Brata:: 73 1750 0000 0000 3860 0133 oraz dokona\u0107 pieni\u0105dze za po\u015brednictwem platformy: <a href=\"https:\/\/www.siepomaga.pl\/oczamibrata,\" class=\"rank-math-link\" target=\"_blank\" rel=\"noopener\">https:\/\/www.siepomaga.pl\/oczamibrata,<\/a> oraz <a href=\"https:\/\/pomagamy.im\/domoczamibrata\" class=\"rank-math-link\" target=\"_blank\" rel=\"noopener\">.<\/a><\/p>\n","protected":false},"excerpt":{"rendered":"<p>Spe\u0142nia si\u0119 marzenie za\u0142o\u017cyciela Fundacji &#8222;Oczami Brata&#8221;, Paw\u0142a Bilskiego. Przy ul. Brzezi\u0144skiej rusza w\u0142a\u015bnie budowa domu, w kt\u00f3rym zamieszkaj\u0105 osoby z niepe\u0142nosprawno\u015bci\u0105 intelektualn\u0105. Dach<\/p>\n","protected":false},"author":7,"featured_media":12899,"comment_status":"open","ping_status":"open","sticky":false,"template":"","format":"standard","meta":{"_monsterinsights_skip_tracking":false,"_monsterinsights_sitenote_active":false,"_monsterinsights_sitenote_note":"","_monsterinsights_sitenote_category":0,"_uf_show_specific_survey":0,"_uf_disable_surveys":false,"footnotes":""},"categories":[94,3,2],"tags":[],"class_list":["post-12894","post","type-post","status-publish","format-standard","has-post-thumbnail","hentry","category-polecane","category-czestochowa-informacje","category-wiadomosci"],"_links":{"self":[{"href":"https:\/\/gazetaregionalna.com\/index.php?rest_route=\/wp\/v2\/posts\/12894","targetHints":{"allow":["GET"]}}],"collection":[{"href":"https:\/\/gazetaregionalna.com\/index.php?rest_route=\/wp\/v2\/posts"}],"about":[{"href":"https:\/\/gazetaregionalna.com\/index.php?rest_route=\/wp\/v2\/types\/post"}],"author":[{"embeddable":true,"href":"https:\/\/gazetaregionalna.com\/index.php?rest_route=\/wp\/v2\/users\/7"}],"replies":[{"embeddable":true,"href":"https:\/\/gazetaregionalna.com\/index.php?rest_route=%2Fwp%2Fv2%2Fcomments&post=12894"}],"version-history":[{"count":3,"href":"https:\/\/gazetaregionalna.com\/index.php?rest_route=\/wp\/v2\/posts\/12894\/revisions"}],"predecessor-version":[{"id":12913,"href":"https:\/\/gazetaregionalna.com\/index.php?rest_route=\/wp\/v2\/posts\/12894\/revisions\/12913"}],"wp:featuredmedia":[{"embeddable":true,"href":"https:\/\/gazetaregionalna.com\/index.php?rest_route=\/wp\/v2\/media\/12899"}],"wp:attachment":[{"href":"https:\/\/gazetaregionalna.com\/index.php?rest_route=%2Fwp%2Fv2%2Fmedia&parent=12894"}],"wp:term":[{"taxonomy":"category","embeddable":true,"href":"https:\/\/gazetaregionalna.com\/index.php?rest_route=%2Fwp%2Fv2%2Fcategories&post=12894"},{"taxonomy":"post_tag","embeddable":true,"href":"https:\/\/gazetaregionalna.com\/index.php?rest_route=%2Fwp%2Fv2%2Ftags&post=12894"}],"curies":[{"name":"wp","href":"https:\/\/api.w.org\/{rel}","templated":true}]}}