{"id":128695,"date":"2024-09-23T20:14:56","date_gmt":"2024-09-23T20:14:56","guid":{"rendered":"https:\/\/gazetaregionalna.com\/?p=128695"},"modified":"2024-09-23T20:14:57","modified_gmt":"2024-09-23T20:14:57","slug":"rakow-rozpoczyna-walke-w-pucharze-polski-w-i-rundzie-zagra-w-legnicy","status":"publish","type":"post","link":"https:\/\/gazetaregionalna.com\/?p=128695","title":{"rendered":"Rak\u00f3w rozpoczyna walk\u0119 w Pucharze Polski. W I rundzie zagra w Legnicy&#8230;"},"content":{"rendered":"\n<p>Pi\u0142karze Rakowa Cz\u0119stochowa zagraj\u0105 w \u015brod\u0119 w Legnicy z Miedzi\u0105 w I rundzie Pucharu Polski. Zwyci\u0119stwo i awans do II rundy to obowi\u0105zek.<\/p>\n\n\n\n<p>Rak\u00f3w w czterech ostatnich sezonach a\u017c trzy razy gra\u0142 w finale Pucharu Polski. Czerwono-niebiescy trofeum zdobyli w 2021 i 2022 roku. W 2023 grali w finale, ale przegrali po serii rzut\u00f3w karnych. Jedynie w poprzednim sezonie pi\u0142karzom Rakowa nie wysz\u0142o w PP i nie awansowali nawet do p\u00f3\u0142fina\u0142u.<\/p>\n\n\n\n<p>W tej batalii pod wodz\u0105 trenera Marka Papszuna Rak\u00f3w ma ponownie walczy\u0107 o fina\u0142 Pucharu Polski, dlatego wygrana w Legnicy z 1-ligow\u0105 Miedzi\u0105 to obowi\u0105zek.<\/p>\n\n\n\n<p>Cz\u0119stochowianie w niedziel\u0119 wygrali z Zag\u0142\u0119biem Lubin 5:1. Po pora\u017cce prac\u0119 w Zag\u0142\u0119biu straci\u0142 trener Waldemar Fornalik. W \u015brod\u0119 zmierz\u0105 si\u0119 w Lubinie w PP z Zag\u0142\u0119biem, a w sobot\u0119 podejmowa\u0107 b\u0119d\u0105 Puszcz\u0119 Niepo\u0142omice&#8230;W 7 dni rozegraj\u0105 trzy wa\u017cne mecze&#8230;<\/p>\n\n\n\n<p>MR-K, fot: AK<\/p>\n\n\n\n<p>Partnerami relacji sportowych s\u0105:<\/p>\n\n\n\n<p>DMI Invest materia\u0142y budowlane Konopiska (<a href=\"http:\/\/www.dmkinvest.pl\/\" target=\"_blank\" rel=\"noopener\">www.dmkinvest.pl<\/a>)<\/p>\n\n\n\n<p>Fonex. Alarmy i monitoringi (www.fonex.pl)<\/p>\n\n\n\n<figure class=\"wp-block-image size-large\"><img decoding=\"async\" width=\"1024\" height=\"683\" data-src=\"https:\/\/gazetaregionalna.com\/wp-content\/uploads\/2024\/09\/Rakow-Zaglebie-Lubin-1-1024x683.jpg\" alt=\"\" class=\"wp-image-128696 lazyload\" data-srcset=\"https:\/\/gazetaregionalna.com\/wp-content\/uploads\/2024\/09\/Rakow-Zaglebie-Lubin-1-1024x683.jpg 1024w, https:\/\/gazetaregionalna.com\/wp-content\/uploads\/2024\/09\/Rakow-Zaglebie-Lubin-1-300x200.jpg 300w, https:\/\/gazetaregionalna.com\/wp-content\/uploads\/2024\/09\/Rakow-Zaglebie-Lubin-1-768x512.jpg 768w, https:\/\/gazetaregionalna.com\/wp-content\/uploads\/2024\/09\/Rakow-Zaglebie-Lubin-1.jpg 1200w\" data-sizes=\"(max-width: 1024px) 100vw, 1024px\" src=\"data:image\/svg+xml;base64,PHN2ZyB3aWR0aD0iMSIgaGVpZ2h0PSIxIiB4bWxucz0iaHR0cDovL3d3dy53My5vcmcvMjAwMC9zdmciPjwvc3ZnPg==\" style=\"--smush-placeholder-width: 1024px; --smush-placeholder-aspect-ratio: 1024\/683;\" \/><\/figure>\n\n\n\n<figure class=\"wp-block-image size-large\"><img decoding=\"async\" width=\"1024\" height=\"680\" data-src=\"https:\/\/gazetaregionalna.com\/wp-content\/uploads\/2024\/09\/Rakow-Zaglebie-Lubin-2-1024x680.jpg\" alt=\"\" class=\"wp-image-128697 lazyload\" data-srcset=\"https:\/\/gazetaregionalna.com\/wp-content\/uploads\/2024\/09\/Rakow-Zaglebie-Lubin-2-1024x680.jpg 1024w, https:\/\/gazetaregionalna.com\/wp-content\/uploads\/2024\/09\/Rakow-Zaglebie-Lubin-2-300x199.jpg 300w, https:\/\/gazetaregionalna.com\/wp-content\/uploads\/2024\/09\/Rakow-Zaglebie-Lubin-2-768x510.jpg 768w, https:\/\/gazetaregionalna.com\/wp-content\/uploads\/2024\/09\/Rakow-Zaglebie-Lubin-2.jpg 1200w\" data-sizes=\"(max-width: 1024px) 100vw, 1024px\" src=\"data:image\/svg+xml;base64,PHN2ZyB3aWR0aD0iMSIgaGVpZ2h0PSIxIiB4bWxucz0iaHR0cDovL3d3dy53My5vcmcvMjAwMC9zdmciPjwvc3ZnPg==\" style=\"--smush-placeholder-width: 1024px; --smush-placeholder-aspect-ratio: 1024\/680;\" \/><\/figure>\n\n\n\n<figure class=\"wp-block-image size-large\"><img decoding=\"async\" width=\"1024\" height=\"1024\" data-src=\"https:\/\/gazetaregionalna.com\/wp-content\/uploads\/2024\/04\/DMK-Invest-3-1024x1024.jpg\" alt=\"\" class=\"wp-image-123884 lazyload\" data-srcset=\"https:\/\/gazetaregionalna.com\/wp-content\/uploads\/2024\/04\/DMK-Invest-3-1024x1024.jpg 1024w, https:\/\/gazetaregionalna.com\/wp-content\/uploads\/2024\/04\/DMK-Invest-3-300x300.jpg 300w, https:\/\/gazetaregionalna.com\/wp-content\/uploads\/2024\/04\/DMK-Invest-3-150x150.jpg 150w, https:\/\/gazetaregionalna.com\/wp-content\/uploads\/2024\/04\/DMK-Invest-3-768x768.jpg 768w, https:\/\/gazetaregionalna.com\/wp-content\/uploads\/2024\/04\/DMK-Invest-3-1536x1536.jpg 1536w, https:\/\/gazetaregionalna.com\/wp-content\/uploads\/2024\/04\/DMK-Invest-3-2048x2048.jpg 2048w, https:\/\/gazetaregionalna.com\/wp-content\/uploads\/2024\/04\/DMK-Invest-3-215x215.jpg 215w, https:\/\/gazetaregionalna.com\/wp-content\/uploads\/2024\/04\/DMK-Invest-3-scaled.jpg 1600w\" data-sizes=\"(max-width: 1024px) 100vw, 1024px\" src=\"data:image\/svg+xml;base64,PHN2ZyB3aWR0aD0iMSIgaGVpZ2h0PSIxIiB4bWxucz0iaHR0cDovL3d3dy53My5vcmcvMjAwMC9zdmciPjwvc3ZnPg==\" style=\"--smush-placeholder-width: 1024px; --smush-placeholder-aspect-ratio: 1024\/1024;\" \/><\/figure>\n\n\n\n<figure class=\"wp-block-image size-large\"><img decoding=\"async\" width=\"1024\" height=\"1024\" data-src=\"https:\/\/gazetaregionalna.com\/wp-content\/uploads\/2024\/04\/FONEX-1024x1024.jpg\" alt=\"\" class=\"wp-image-123881 lazyload\" data-srcset=\"https:\/\/gazetaregionalna.com\/wp-content\/uploads\/2024\/04\/FONEX-1024x1024.jpg 1024w, https:\/\/gazetaregionalna.com\/wp-content\/uploads\/2024\/04\/FONEX-300x300.jpg 300w, https:\/\/gazetaregionalna.com\/wp-content\/uploads\/2024\/04\/FONEX-150x150.jpg 150w, https:\/\/gazetaregionalna.com\/wp-content\/uploads\/2024\/04\/FONEX-768x768.jpg 768w, https:\/\/gazetaregionalna.com\/wp-content\/uploads\/2024\/04\/FONEX-215x215.jpg 215w, https:\/\/gazetaregionalna.com\/wp-content\/uploads\/2024\/04\/FONEX.jpg 1080w\" data-sizes=\"(max-width: 1024px) 100vw, 1024px\" src=\"data:image\/svg+xml;base64,PHN2ZyB3aWR0aD0iMSIgaGVpZ2h0PSIxIiB4bWxucz0iaHR0cDovL3d3dy53My5vcmcvMjAwMC9zdmciPjwvc3ZnPg==\" style=\"--smush-placeholder-width: 1024px; --smush-placeholder-aspect-ratio: 1024\/1024;\" \/><\/figure>\n","protected":false},"excerpt":{"rendered":"<p>Pi\u0142karze Rakowa Cz\u0119stochowa zagraj\u0105 w \u015brod\u0119 w Legnicy z Miedzi\u0105 w I rundzie Pucharu Polski. Zwyci\u0119stwo i awans do II rundy to obowi\u0105zek. Rak\u00f3w<\/p>\n","protected":false},"author":15,"featured_media":128696,"comment_status":"closed","ping_status":"open","sticky":false,"template":"","format":"standard","meta":{"_monsterinsights_skip_tracking":false,"_monsterinsights_sitenote_active":false,"_monsterinsights_sitenote_note":"","_monsterinsights_sitenote_category":0,"_uf_show_specific_survey":0,"_uf_disable_surveys":false,"footnotes":""},"categories":[5,6],"tags":[],"class_list":["post-128695","post","type-post","status-publish","format-standard","has-post-thumbnail","hentry","category-sport","category-pilka-nozna"],"_links":{"self":[{"href":"https:\/\/gazetaregionalna.com\/index.php?rest_route=\/wp\/v2\/posts\/128695","targetHints":{"allow":["GET"]}}],"collection":[{"href":"https:\/\/gazetaregionalna.com\/index.php?rest_route=\/wp\/v2\/posts"}],"about":[{"href":"https:\/\/gazetaregionalna.com\/index.php?rest_route=\/wp\/v2\/types\/post"}],"author":[{"embeddable":true,"href":"https:\/\/gazetaregionalna.com\/index.php?rest_route=\/wp\/v2\/users\/15"}],"replies":[{"embeddable":true,"href":"https:\/\/gazetaregionalna.com\/index.php?rest_route=%2Fwp%2Fv2%2Fcomments&post=128695"}],"version-history":[{"count":1,"href":"https:\/\/gazetaregionalna.com\/index.php?rest_route=\/wp\/v2\/posts\/128695\/revisions"}],"predecessor-version":[{"id":128698,"href":"https:\/\/gazetaregionalna.com\/index.php?rest_route=\/wp\/v2\/posts\/128695\/revisions\/128698"}],"wp:featuredmedia":[{"embeddable":true,"href":"https:\/\/gazetaregionalna.com\/index.php?rest_route=\/wp\/v2\/media\/128696"}],"wp:attachment":[{"href":"https:\/\/gazetaregionalna.com\/index.php?rest_route=%2Fwp%2Fv2%2Fmedia&parent=128695"}],"wp:term":[{"taxonomy":"category","embeddable":true,"href":"https:\/\/gazetaregionalna.com\/index.php?rest_route=%2Fwp%2Fv2%2Fcategories&post=128695"},{"taxonomy":"post_tag","embeddable":true,"href":"https:\/\/gazetaregionalna.com\/index.php?rest_route=%2Fwp%2Fv2%2Ftags&post=128695"}],"curies":[{"name":"wp","href":"https:\/\/api.w.org\/{rel}","templated":true}]}}