{"id":128646,"date":"2024-09-22T14:42:19","date_gmt":"2024-09-22T14:42:19","guid":{"rendered":"https:\/\/gazetaregionalna.com\/?p=128646"},"modified":"2024-09-22T14:42:27","modified_gmt":"2024-09-22T14:42:27","slug":"jest-wreszcie-wygrana-rakowa-przy-limanowskiego-zaglebie-rozbite-51","status":"publish","type":"post","link":"https:\/\/gazetaregionalna.com\/?p=128646","title":{"rendered":"Jest wreszcie wygrana Rakowa przy Limanowskiego! Zag\u0142\u0119bie rozbite 5:1!"},"content":{"rendered":"\n<p>Pi\u0142karze Rakowa Cz\u0119stochowa pokonali w niedziel\u0119 Zag\u0142\u0119bie Lubin 5:1 i mogli cieszy\u0107 si\u0119 z pierwszego zwyci\u0119stwa w obecnym sezonie przy ul. Limanowskiego.<\/p>\n\n\n\n<p>Rak\u00f3w Cz\u0119stochowa rozegra\u0142 w niedziel\u0119 czwarty mecz obecnego sezonu jako gospodarz. W trzech poprzednich spotkaniach cz\u0119stochowianie nie potrafili wygra\u0107 z Cracovi\u0105 Krak\u00f3w, Lechem Pozna\u0144 i Piastem Gliwice. W tych trzech meczach zdobyli tylko punkt. Zdecydowanie lepiej czerwono-niebiescy prezentuj\u0105 si\u0119 na wyjazdach, gdzie wygrali 4 mecze i 1 zremisowali.<\/p>\n\n\n\n<p>Dlatego w niedziel\u0119 cel by\u0142 jeden. Wygrana z Zag\u0142\u0119biem. Zadanie uda\u0142o si\u0119 wykona\u0107. Czerwono-niebiescy do\u015b\u0107 szybko obj\u0119li prowadzenie, bo ju\u017c w 10. minucie W\u0142adys\u0142aw Kochergin zdoby\u0142 bramk\u0119 na 1:0. Niestety, ale go\u015bcie w 34. minucie oddali strza\u0142 na bramk\u0119 Rakowa i pi\u0142ka wpad\u0142a do siatki. Remis utrzyma\u0142 si\u0119 do przerwy.<\/p>\n\n\n\n<p>Po zmianie stron Rak\u00f3w atakowa\u0142. Uda\u0142o si\u0119. W 54. Brunes podwy\u017cszy\u0142 na 2:1. Chwil\u0119 p\u00f3\u017aniej s\u0119dzia podyktowa\u0142 rzut karny dla go\u015bci, ale po analizie VAR wycofa\u0142 si\u0119 ze swojej decyzji.<\/p>\n\n\n\n<p>Na 3:1 podwy\u017cszy\u0142 Gustaw Bergrren. Kibice skandowali: \u201eJeszcze jeden! Jeszcze jeden\u201d I si\u0119 doczekali. Eric Otieno podwy\u017cszy\u0142 wynik spotkania na 4:1, pi\u0105tego gola dla Rakowa i swojego drugiego w meczu zdoby\u0142 Berggren. Pi\u0142karze Rakowa po ostatnim gwizdu s\u0119dziego mogli cieszy\u0107 si\u0119 z pierwszego zwyci\u0119stwa w Cz\u0119stochowie i pi\u0105tego w sezonie.<\/p>\n\n\n\n<p>MR-K, fot: AK<\/p>\n\n\n\n<p>Rak\u00f3w Cz\u0119stochowa \u2013 Zag\u0142\u0119bie Lubin 5:1 (1:1)<\/p>\n\n\n\n<p>Bramki: 1:0 Kochewrgin (10.), 1:1 Mr\u00f3z (34.), 2:1 Brunes (54.), 3:1 Berggren (82.), 4:1 Otieno (86.), 5:1 Bergrren (90.)<\/p>\n\n\n\n<p>Rak\u00f3w: Trelowski \u2013 Mos\u00f3r (65. Otieno), Rodin, Svarnas, Tudor, Berggren, Kochergin (86. Drachal), Jean Carlos, Amayaw (86. Barath), Diaz (65. Amorim), Brunes (74. Makuch).<\/p>\n\n\n\n<p>Partnerami relacji sportowych s\u0105:<\/p>\n\n\n\n<p>DMK Invest materia\u0142y budowlane Konopiska (www.dmkinvest.pl)<\/p>\n\n\n\n<p>Fonex. Alarmy i monitoringi (www.fonex.pl)<\/p>\n\n\n\n<figure class=\"wp-block-gallery has-nested-images columns-default is-cropped wp-block-gallery-1 is-layout-flex wp-block-gallery-is-layout-flex\">\n<figure class=\"wp-block-image size-large\"><img decoding=\"async\" width=\"1024\" height=\"660\" data-id=\"128645\" data-src=\"https:\/\/gazetaregionalna.com\/wp-content\/uploads\/2024\/09\/untitled-22-1024x660.jpg\" alt=\"\" class=\"wp-image-128645 lazyload\" data-srcset=\"https:\/\/gazetaregionalna.com\/wp-content\/uploads\/2024\/09\/untitled-22-1024x660.jpg 1024w, https:\/\/gazetaregionalna.com\/wp-content\/uploads\/2024\/09\/untitled-22-300x193.jpg 300w, https:\/\/gazetaregionalna.com\/wp-content\/uploads\/2024\/09\/untitled-22-768x495.jpg 768w, https:\/\/gazetaregionalna.com\/wp-content\/uploads\/2024\/09\/untitled-22-115x73.jpg 115w, https:\/\/gazetaregionalna.com\/wp-content\/uploads\/2024\/09\/untitled-22.jpg 1200w\" data-sizes=\"(max-width: 1024px) 100vw, 1024px\" src=\"data:image\/svg+xml;base64,PHN2ZyB3aWR0aD0iMSIgaGVpZ2h0PSIxIiB4bWxucz0iaHR0cDovL3d3dy53My5vcmcvMjAwMC9zdmciPjwvc3ZnPg==\" style=\"--smush-placeholder-width: 1024px; --smush-placeholder-aspect-ratio: 1024\/660;\" \/><\/figure>\n\n\n\n<figure class=\"wp-block-image size-large\"><img decoding=\"async\" width=\"1024\" height=\"678\" data-id=\"128643\" data-src=\"https:\/\/gazetaregionalna.com\/wp-content\/uploads\/2024\/09\/untitled-16-1024x678.jpg\" alt=\"\" class=\"wp-image-128643 lazyload\" data-srcset=\"https:\/\/gazetaregionalna.com\/wp-content\/uploads\/2024\/09\/untitled-16-1024x678.jpg 1024w, https:\/\/gazetaregionalna.com\/wp-content\/uploads\/2024\/09\/untitled-16-300x199.jpg 300w, https:\/\/gazetaregionalna.com\/wp-content\/uploads\/2024\/09\/untitled-16-768x508.jpg 768w, https:\/\/gazetaregionalna.com\/wp-content\/uploads\/2024\/09\/untitled-16.jpg 1200w\" data-sizes=\"(max-width: 1024px) 100vw, 1024px\" src=\"data:image\/svg+xml;base64,PHN2ZyB3aWR0aD0iMSIgaGVpZ2h0PSIxIiB4bWxucz0iaHR0cDovL3d3dy53My5vcmcvMjAwMC9zdmciPjwvc3ZnPg==\" style=\"--smush-placeholder-width: 1024px; --smush-placeholder-aspect-ratio: 1024\/678;\" \/><\/figure>\n\n\n\n<figure class=\"wp-block-image size-large\"><img decoding=\"async\" width=\"1024\" height=\"649\" data-id=\"128642\" data-src=\"https:\/\/gazetaregionalna.com\/wp-content\/uploads\/2024\/09\/untitled-27-1024x649.jpg\" alt=\"\" class=\"wp-image-128642 lazyload\" data-srcset=\"https:\/\/gazetaregionalna.com\/wp-content\/uploads\/2024\/09\/untitled-27-1024x649.jpg 1024w, https:\/\/gazetaregionalna.com\/wp-content\/uploads\/2024\/09\/untitled-27-300x190.jpg 300w, https:\/\/gazetaregionalna.com\/wp-content\/uploads\/2024\/09\/untitled-27-768x487.jpg 768w, https:\/\/gazetaregionalna.com\/wp-content\/uploads\/2024\/09\/untitled-27-115x73.jpg 115w, https:\/\/gazetaregionalna.com\/wp-content\/uploads\/2024\/09\/untitled-27.jpg 1200w\" data-sizes=\"(max-width: 1024px) 100vw, 1024px\" src=\"data:image\/svg+xml;base64,PHN2ZyB3aWR0aD0iMSIgaGVpZ2h0PSIxIiB4bWxucz0iaHR0cDovL3d3dy53My5vcmcvMjAwMC9zdmciPjwvc3ZnPg==\" style=\"--smush-placeholder-width: 1024px; --smush-placeholder-aspect-ratio: 1024\/649;\" \/><\/figure>\n\n\n\n<figure class=\"wp-block-image size-large\"><img decoding=\"async\" width=\"1024\" height=\"660\" data-id=\"128644\" data-src=\"https:\/\/gazetaregionalna.com\/wp-content\/uploads\/2024\/09\/untitled-17-1024x660.jpg\" alt=\"\" class=\"wp-image-128644 lazyload\" data-srcset=\"https:\/\/gazetaregionalna.com\/wp-content\/uploads\/2024\/09\/untitled-17-1024x660.jpg 1024w, https:\/\/gazetaregionalna.com\/wp-content\/uploads\/2024\/09\/untitled-17-300x193.jpg 300w, https:\/\/gazetaregionalna.com\/wp-content\/uploads\/2024\/09\/untitled-17-768x495.jpg 768w, https:\/\/gazetaregionalna.com\/wp-content\/uploads\/2024\/09\/untitled-17-115x73.jpg 115w, https:\/\/gazetaregionalna.com\/wp-content\/uploads\/2024\/09\/untitled-17.jpg 1200w\" data-sizes=\"(max-width: 1024px) 100vw, 1024px\" src=\"data:image\/svg+xml;base64,PHN2ZyB3aWR0aD0iMSIgaGVpZ2h0PSIxIiB4bWxucz0iaHR0cDovL3d3dy53My5vcmcvMjAwMC9zdmciPjwvc3ZnPg==\" style=\"--smush-placeholder-width: 1024px; --smush-placeholder-aspect-ratio: 1024\/660;\" \/><\/figure>\n<\/figure>\n\n\n\n<figure class=\"wp-block-image size-large\"><img decoding=\"async\" width=\"1024\" height=\"1024\" data-src=\"https:\/\/gazetaregionalna.com\/wp-content\/uploads\/2024\/04\/DMK-Invest-1-1024x1024.jpg\" alt=\"\" class=\"wp-image-123882 lazyload\" data-srcset=\"https:\/\/gazetaregionalna.com\/wp-content\/uploads\/2024\/04\/DMK-Invest-1-1024x1024.jpg 1024w, https:\/\/gazetaregionalna.com\/wp-content\/uploads\/2024\/04\/DMK-Invest-1-300x300.jpg 300w, https:\/\/gazetaregionalna.com\/wp-content\/uploads\/2024\/04\/DMK-Invest-1-150x150.jpg 150w, https:\/\/gazetaregionalna.com\/wp-content\/uploads\/2024\/04\/DMK-Invest-1-768x768.jpg 768w, https:\/\/gazetaregionalna.com\/wp-content\/uploads\/2024\/04\/DMK-Invest-1-1536x1536.jpg 1536w, https:\/\/gazetaregionalna.com\/wp-content\/uploads\/2024\/04\/DMK-Invest-1-2048x2048.jpg 2048w, https:\/\/gazetaregionalna.com\/wp-content\/uploads\/2024\/04\/DMK-Invest-1-215x215.jpg 215w, https:\/\/gazetaregionalna.com\/wp-content\/uploads\/2024\/04\/DMK-Invest-1-scaled.jpg 1600w\" data-sizes=\"(max-width: 1024px) 100vw, 1024px\" src=\"data:image\/svg+xml;base64,PHN2ZyB3aWR0aD0iMSIgaGVpZ2h0PSIxIiB4bWxucz0iaHR0cDovL3d3dy53My5vcmcvMjAwMC9zdmciPjwvc3ZnPg==\" style=\"--smush-placeholder-width: 1024px; --smush-placeholder-aspect-ratio: 1024\/1024;\" \/><\/figure>\n\n\n\n<figure class=\"wp-block-image size-large\"><img decoding=\"async\" width=\"1024\" height=\"1024\" data-src=\"https:\/\/gazetaregionalna.com\/wp-content\/uploads\/2024\/04\/FONEX-1024x1024.jpg\" alt=\"\" class=\"wp-image-123881 lazyload\" data-srcset=\"https:\/\/gazetaregionalna.com\/wp-content\/uploads\/2024\/04\/FONEX-1024x1024.jpg 1024w, https:\/\/gazetaregionalna.com\/wp-content\/uploads\/2024\/04\/FONEX-300x300.jpg 300w, https:\/\/gazetaregionalna.com\/wp-content\/uploads\/2024\/04\/FONEX-150x150.jpg 150w, https:\/\/gazetaregionalna.com\/wp-content\/uploads\/2024\/04\/FONEX-768x768.jpg 768w, https:\/\/gazetaregionalna.com\/wp-content\/uploads\/2024\/04\/FONEX-215x215.jpg 215w, https:\/\/gazetaregionalna.com\/wp-content\/uploads\/2024\/04\/FONEX.jpg 1080w\" data-sizes=\"(max-width: 1024px) 100vw, 1024px\" src=\"data:image\/svg+xml;base64,PHN2ZyB3aWR0aD0iMSIgaGVpZ2h0PSIxIiB4bWxucz0iaHR0cDovL3d3dy53My5vcmcvMjAwMC9zdmciPjwvc3ZnPg==\" style=\"--smush-placeholder-width: 1024px; --smush-placeholder-aspect-ratio: 1024\/1024;\" \/><\/figure>\n","protected":false},"excerpt":{"rendered":"<p>Pi\u0142karze Rakowa Cz\u0119stochowa pokonali w niedziel\u0119 Zag\u0142\u0119bie Lubin 5:1 i mogli cieszy\u0107 si\u0119 z pierwszego zwyci\u0119stwa w obecnym sezonie przy ul. Limanowskiego. Rak\u00f3w Cz\u0119stochowa<\/p>\n","protected":false},"author":15,"featured_media":128645,"comment_status":"closed","ping_status":"open","sticky":false,"template":"","format":"standard","meta":{"_monsterinsights_skip_tracking":false,"_monsterinsights_sitenote_active":false,"_monsterinsights_sitenote_note":"","_monsterinsights_sitenote_category":0,"_uf_show_specific_survey":0,"_uf_disable_surveys":false,"footnotes":""},"categories":[94,6,5],"tags":[],"class_list":["post-128646","post","type-post","status-publish","format-standard","has-post-thumbnail","hentry","category-polecane","category-pilka-nozna","category-sport"],"_links":{"self":[{"href":"https:\/\/gazetaregionalna.com\/index.php?rest_route=\/wp\/v2\/posts\/128646","targetHints":{"allow":["GET"]}}],"collection":[{"href":"https:\/\/gazetaregionalna.com\/index.php?rest_route=\/wp\/v2\/posts"}],"about":[{"href":"https:\/\/gazetaregionalna.com\/index.php?rest_route=\/wp\/v2\/types\/post"}],"author":[{"embeddable":true,"href":"https:\/\/gazetaregionalna.com\/index.php?rest_route=\/wp\/v2\/users\/15"}],"replies":[{"embeddable":true,"href":"https:\/\/gazetaregionalna.com\/index.php?rest_route=%2Fwp%2Fv2%2Fcomments&post=128646"}],"version-history":[{"count":1,"href":"https:\/\/gazetaregionalna.com\/index.php?rest_route=\/wp\/v2\/posts\/128646\/revisions"}],"predecessor-version":[{"id":128647,"href":"https:\/\/gazetaregionalna.com\/index.php?rest_route=\/wp\/v2\/posts\/128646\/revisions\/128647"}],"wp:featuredmedia":[{"embeddable":true,"href":"https:\/\/gazetaregionalna.com\/index.php?rest_route=\/wp\/v2\/media\/128645"}],"wp:attachment":[{"href":"https:\/\/gazetaregionalna.com\/index.php?rest_route=%2Fwp%2Fv2%2Fmedia&parent=128646"}],"wp:term":[{"taxonomy":"category","embeddable":true,"href":"https:\/\/gazetaregionalna.com\/index.php?rest_route=%2Fwp%2Fv2%2Fcategories&post=128646"},{"taxonomy":"post_tag","embeddable":true,"href":"https:\/\/gazetaregionalna.com\/index.php?rest_route=%2Fwp%2Fv2%2Ftags&post=128646"}],"curies":[{"name":"wp","href":"https:\/\/api.w.org\/{rel}","templated":true}]}}