{"id":128247,"date":"2024-09-06T18:59:08","date_gmt":"2024-09-06T18:59:08","guid":{"rendered":"https:\/\/gazetaregionalna.com\/?p=128247"},"modified":"2024-09-06T18:59:10","modified_gmt":"2024-09-06T18:59:10","slug":"strzelil-ostatnio-bramke-druzynie-rakowa-teraz-trafil-do-kadry-trenera-marka-papszuna","status":"publish","type":"post","link":"https:\/\/gazetaregionalna.com\/?p=128247","title":{"rendered":"Strzeli\u0142 ostatnio bramk\u0119 dru\u017cynie Rakowa&#8230; Teraz trafi\u0142 do kadry trenera Marka Papszuna&#8230;"},"content":{"rendered":"\n<p>Dzia\u0142acze Rakowa Cz\u0119stochowa pozyskali nowego zawodnika. To Michael Ameyaw, kt\u00f3ry przechodzi do Rakowa z Piasta Gliwice. To 23-letni Michael Ameyaw, kt\u00f3ry w niedawny meczu Rakowa z Piastem strzeli\u0142 dla gliwiczan zwyci\u0119skiego gola&#8230;<\/p>\n\n\n\n<p>Ameyaw urodzi\u0142 si\u0119 w Polsce. Ma 23-lata i 176 centymetr\u00f3w wzrostu. Przewa\u017cnie gra jako pomocnik. W barwach Piasta rozegra\u0142 96 spotka\u0144 (85 w Ekstraklasie i 11 w Pucharze Polski). Strzeli\u0142 15 goli i zanotowa\u0142 10 asyst.<\/p>\n\n\n\n<p>Transfer jest definitywny. Kontrakt obowi\u0105zuje do 30 czerwca 2029 roku.<\/p>\n\n\n\n<p>&#8211; Wraz z przyj\u015bciem Michaela pozyskujemy szybkiego pi\u0142karza, kt\u00f3ry pasuje do naszego DNA swoimi ogromnymi mo\u017cliwo\u015bciami motorycznymi. Jest gro\u017any dzi\u0119ki swojemu dryblingowi i finalizacji akcji. Kupujemy nie tylko polskiego zawodnika, ale tak\u017ce gracza silnego psychicznie z ogromn\u0105 ch\u0119ci\u0105 rozwoju i wykonywania kolejnych krok\u00f3w w naszym zespole. Nie mo\u017cemy doczeka\u0107 si\u0119 jego wyst\u0119p\u00f3w w Rakowie &#8211; stwierdzi\u0142 dyrektor sportowy Rakowa Samuel C\u00e1rdenas.<\/p>\n\n\n\n<p>MR-K, fot: Jakub Ziemianin (Rak\u00f3w Cz\u0119stochowa)<\/p>\n\n\n\n<p>Partnerami relacji sportowych s\u0105:<\/p>\n\n\n\n<p>DMK Invest materia\u0142y budowlane Konopiska (www.dmkinvest.pl)<\/p>\n\n\n\n<p>Fonex. Alarmy i monitoringi (www.fonex.pl)<\/p>\n\n\n\n<figure class=\"wp-block-image size-large\"><img decoding=\"async\" width=\"1024\" height=\"683\" data-src=\"https:\/\/gazetaregionalna.com\/wp-content\/uploads\/2024\/09\/Michael-Ameyaw-1024x683.jpg\" alt=\"\" class=\"wp-image-128248 lazyload\" data-srcset=\"https:\/\/gazetaregionalna.com\/wp-content\/uploads\/2024\/09\/Michael-Ameyaw-1024x683.jpg 1024w, https:\/\/gazetaregionalna.com\/wp-content\/uploads\/2024\/09\/Michael-Ameyaw-300x200.jpg 300w, https:\/\/gazetaregionalna.com\/wp-content\/uploads\/2024\/09\/Michael-Ameyaw-768x512.jpg 768w, https:\/\/gazetaregionalna.com\/wp-content\/uploads\/2024\/09\/Michael-Ameyaw.jpg 1200w\" data-sizes=\"(max-width: 1024px) 100vw, 1024px\" src=\"data:image\/svg+xml;base64,PHN2ZyB3aWR0aD0iMSIgaGVpZ2h0PSIxIiB4bWxucz0iaHR0cDovL3d3dy53My5vcmcvMjAwMC9zdmciPjwvc3ZnPg==\" style=\"--smush-placeholder-width: 1024px; --smush-placeholder-aspect-ratio: 1024\/683;\" \/><\/figure>\n\n\n\n<figure class=\"wp-block-image size-large\"><img decoding=\"async\" width=\"1024\" height=\"1024\" data-src=\"https:\/\/gazetaregionalna.com\/wp-content\/uploads\/2024\/04\/FONEX-1024x1024.jpg\" alt=\"\" class=\"wp-image-123881 lazyload\" data-srcset=\"https:\/\/gazetaregionalna.com\/wp-content\/uploads\/2024\/04\/FONEX-1024x1024.jpg 1024w, https:\/\/gazetaregionalna.com\/wp-content\/uploads\/2024\/04\/FONEX-300x300.jpg 300w, https:\/\/gazetaregionalna.com\/wp-content\/uploads\/2024\/04\/FONEX-150x150.jpg 150w, https:\/\/gazetaregionalna.com\/wp-content\/uploads\/2024\/04\/FONEX-768x768.jpg 768w, https:\/\/gazetaregionalna.com\/wp-content\/uploads\/2024\/04\/FONEX-215x215.jpg 215w, https:\/\/gazetaregionalna.com\/wp-content\/uploads\/2024\/04\/FONEX.jpg 1080w\" data-sizes=\"(max-width: 1024px) 100vw, 1024px\" src=\"data:image\/svg+xml;base64,PHN2ZyB3aWR0aD0iMSIgaGVpZ2h0PSIxIiB4bWxucz0iaHR0cDovL3d3dy53My5vcmcvMjAwMC9zdmciPjwvc3ZnPg==\" style=\"--smush-placeholder-width: 1024px; --smush-placeholder-aspect-ratio: 1024\/1024;\" \/><\/figure>\n\n\n\n<figure class=\"wp-block-image size-large\"><img decoding=\"async\" width=\"1024\" height=\"1024\" data-src=\"https:\/\/gazetaregionalna.com\/wp-content\/uploads\/2024\/04\/DMK-Invest-2-1024x1024.jpg\" alt=\"\" class=\"wp-image-123883 lazyload\" data-srcset=\"https:\/\/gazetaregionalna.com\/wp-content\/uploads\/2024\/04\/DMK-Invest-2-1024x1024.jpg 1024w, https:\/\/gazetaregionalna.com\/wp-content\/uploads\/2024\/04\/DMK-Invest-2-300x300.jpg 300w, https:\/\/gazetaregionalna.com\/wp-content\/uploads\/2024\/04\/DMK-Invest-2-150x150.jpg 150w, https:\/\/gazetaregionalna.com\/wp-content\/uploads\/2024\/04\/DMK-Invest-2-768x768.jpg 768w, https:\/\/gazetaregionalna.com\/wp-content\/uploads\/2024\/04\/DMK-Invest-2-1536x1536.jpg 1536w, https:\/\/gazetaregionalna.com\/wp-content\/uploads\/2024\/04\/DMK-Invest-2-2048x2048.jpg 2048w, https:\/\/gazetaregionalna.com\/wp-content\/uploads\/2024\/04\/DMK-Invest-2-215x215.jpg 215w, https:\/\/gazetaregionalna.com\/wp-content\/uploads\/2024\/04\/DMK-Invest-2-scaled.jpg 1600w\" data-sizes=\"(max-width: 1024px) 100vw, 1024px\" src=\"data:image\/svg+xml;base64,PHN2ZyB3aWR0aD0iMSIgaGVpZ2h0PSIxIiB4bWxucz0iaHR0cDovL3d3dy53My5vcmcvMjAwMC9zdmciPjwvc3ZnPg==\" style=\"--smush-placeholder-width: 1024px; --smush-placeholder-aspect-ratio: 1024\/1024;\" \/><\/figure>\n","protected":false},"excerpt":{"rendered":"<p>Dzia\u0142acze Rakowa Cz\u0119stochowa pozyskali nowego zawodnika. To Michael Ameyaw, kt\u00f3ry przechodzi do Rakowa z Piasta Gliwice. To 23-letni Michael Ameyaw, kt\u00f3ry w niedawny meczu<\/p>\n","protected":false},"author":15,"featured_media":128248,"comment_status":"closed","ping_status":"open","sticky":false,"template":"","format":"standard","meta":{"_monsterinsights_skip_tracking":false,"_monsterinsights_sitenote_active":false,"_monsterinsights_sitenote_note":"","_monsterinsights_sitenote_category":0,"_uf_show_specific_survey":0,"_uf_disable_surveys":false,"footnotes":""},"categories":[94,6,5],"tags":[],"class_list":["post-128247","post","type-post","status-publish","format-standard","has-post-thumbnail","hentry","category-polecane","category-pilka-nozna","category-sport"],"_links":{"self":[{"href":"https:\/\/gazetaregionalna.com\/index.php?rest_route=\/wp\/v2\/posts\/128247","targetHints":{"allow":["GET"]}}],"collection":[{"href":"https:\/\/gazetaregionalna.com\/index.php?rest_route=\/wp\/v2\/posts"}],"about":[{"href":"https:\/\/gazetaregionalna.com\/index.php?rest_route=\/wp\/v2\/types\/post"}],"author":[{"embeddable":true,"href":"https:\/\/gazetaregionalna.com\/index.php?rest_route=\/wp\/v2\/users\/15"}],"replies":[{"embeddable":true,"href":"https:\/\/gazetaregionalna.com\/index.php?rest_route=%2Fwp%2Fv2%2Fcomments&post=128247"}],"version-history":[{"count":1,"href":"https:\/\/gazetaregionalna.com\/index.php?rest_route=\/wp\/v2\/posts\/128247\/revisions"}],"predecessor-version":[{"id":128249,"href":"https:\/\/gazetaregionalna.com\/index.php?rest_route=\/wp\/v2\/posts\/128247\/revisions\/128249"}],"wp:featuredmedia":[{"embeddable":true,"href":"https:\/\/gazetaregionalna.com\/index.php?rest_route=\/wp\/v2\/media\/128248"}],"wp:attachment":[{"href":"https:\/\/gazetaregionalna.com\/index.php?rest_route=%2Fwp%2Fv2%2Fmedia&parent=128247"}],"wp:term":[{"taxonomy":"category","embeddable":true,"href":"https:\/\/gazetaregionalna.com\/index.php?rest_route=%2Fwp%2Fv2%2Fcategories&post=128247"},{"taxonomy":"post_tag","embeddable":true,"href":"https:\/\/gazetaregionalna.com\/index.php?rest_route=%2Fwp%2Fv2%2Ftags&post=128247"}],"curies":[{"name":"wp","href":"https:\/\/api.w.org\/{rel}","templated":true}]}}