{"id":128245,"date":"2024-09-06T14:43:13","date_gmt":"2024-09-06T14:43:13","guid":{"rendered":"https:\/\/gazetaregionalna.com\/?p=128245"},"modified":"2024-09-06T14:43:14","modified_gmt":"2024-09-06T14:43:14","slug":"w-sobote-rozpoczyna-sie-miedzynarodowy-memorial-im-janusza-sikorskiego","status":"publish","type":"post","link":"https:\/\/gazetaregionalna.com\/?p=128245","title":{"rendered":"W sobot\u0119 rozpoczyna si\u0119 mi\u0119dzynarodowy Memoria\u0142 im. Janusza Sikorskiego"},"content":{"rendered":"\n<p>Siatkarze Steam Hemarpol Norwid Cz\u0119stochowa b\u0119d\u0105 gospodarzami VI Memoria\u0142u im. Janusza Sikorskiego. Wspania\u0142y trener, wychowawca wielu reprezentant\u00f3w Polski zmar\u0142 w maju 2019 roku&#8230; Tegoroczny turniej b\u0119dzie mia\u0142 mi\u0119dzynarodow\u0105 obsad\u0119&#8230;<\/p>\n\n\n\n<p>Organizatorzy do udzia\u0142u w turnieju zaprosili w\u0142osk\u0105 Volley Verona oraz Zaks\u0119 K\u0119dzierzyn Ko\u017ale i GKS Katowice. Dzi\u0119ki temu kibice b\u0119d\u0105 mogli zobaczy\u0107 podczas memoria\u0142u kilka gwiazd \u015bwiatowej siatk\u00f3wki. B\u0119d\u0105 trenerzy na czele z Andre\u0105 Gianim i Radostinem Stoichevem. B\u0119d\u0105 siatkarze na czele z: Bartoszem Kurkiem, Davidem Smithem, Ericem Shoji, Rokiem Mo\u017ei\u010dem, Marcinem Januszem, Miladem Ebadipourem, Bart\u0142omiejem Lipi\u0144skim i Patrikem Indr\u0105.<\/p>\n\n\n\n<p>Turniej b\u0119dzie dwudniowy. W sobot\u0119 o godz. 17 Steam Hemarpol Norwid Cz\u0119stochowa zagra z GKS-em Katowice, a ok. godz. 19 Volley Verona zmierzy si\u0119 z Zaks\u0105 K\u0119dzierzyn Ko\u017ale.<\/p>\n\n\n\n<p>W niedziel\u0119 o godz. 16 Zaksa zagra z GKS-em, a na deser (ok. godz. 18) Steam Hemarpol Norwid Cz\u0119stochowa zagra warto\u015bciowy mecz z Volley Verona.<\/p>\n\n\n\n<p>Co ciekawe, w sobot\u0119 dzia\u0142acze z Cz\u0119stochowy i Volley Verona spotkaj\u0105 si\u0119 na konferencji prasowej i poinformuj\u0105 o wsp\u00f3\u0142pracy, kt\u00f3ra b\u0119dzie rozwija\u0142a si\u0119 mi\u0119dzy klubami. Klubu chc\u0105 wsp\u00f3\u0142pracowa\u0107 m.in. w ramach wymiany programowej ws. szkolenia m\u0142odzie\u017cy, a tak\u017ce wymiany do\u015bwiadcze\u0144 pomi\u0119dzy trenerami oraz pracownikami obu klub\u00f3w.<\/p>\n\n\n\n<p>Bilety na Memoria\u0142 im. Janusza Sikorskiego kosztuj\u0105: turniejowy normalny 30 z\u0142, turniejowy ulgowy 15 z\u0142. Dzienne wej\u015bci\u00f3wki wyceniono na 20 z\u0142 (normalna) i 10 z\u0142 (ulgowa). Posiadacze karnet\u00f3w na nadchodz\u0105cy sezon wchodz\u0105 na mecze bezp\u0142atnie.<\/p>\n\n\n\n<p>Przypomnijmy, \u017ce Trener Janusz Sikorski by\u0142 wychowawc\u0105 wielu reprezentant\u00f3w Polski. Zmar\u0142 5 maja 2019 roku. Na Jego pogrzebie 8 maja 2019 roku by\u0142o kilkaset os\u00f3b&#8230;<\/p>\n\n\n\n<p>MR-K, fot: AK<\/p>\n\n\n\n<p>Partnerami relacji sportowych s\u0105:<\/p>\n\n\n\n<p>DMK Invest materia\u0142y budowlane Konopiska (www.dmkinvest.pl)<\/p>\n\n\n\n<p>Fonex. Alarmy i monitoringi (www.fonex.pl)<\/p>\n\n\n\n<figure class=\"wp-block-image size-large\"><img decoding=\"async\" width=\"1024\" height=\"687\" data-src=\"https:\/\/gazetaregionalna.com\/wp-content\/uploads\/2023\/11\/ExactSystems-Resovia-64-2-1024x687.jpg\" alt=\"\" class=\"wp-image-117889 lazyload\" data-srcset=\"https:\/\/gazetaregionalna.com\/wp-content\/uploads\/2023\/11\/ExactSystems-Resovia-64-2-1024x687.jpg 1024w, https:\/\/gazetaregionalna.com\/wp-content\/uploads\/2023\/11\/ExactSystems-Resovia-64-2-300x201.jpg 300w, https:\/\/gazetaregionalna.com\/wp-content\/uploads\/2023\/11\/ExactSystems-Resovia-64-2-768x515.jpg 768w, https:\/\/gazetaregionalna.com\/wp-content\/uploads\/2023\/11\/ExactSystems-Resovia-64-2-1536x1030.jpg 1536w, https:\/\/gazetaregionalna.com\/wp-content\/uploads\/2023\/11\/ExactSystems-Resovia-64-2-696x467.jpg 696w, https:\/\/gazetaregionalna.com\/wp-content\/uploads\/2023\/11\/ExactSystems-Resovia-64-2-1068x716.jpg 1068w, https:\/\/gazetaregionalna.com\/wp-content\/uploads\/2023\/11\/ExactSystems-Resovia-64-2-1920x1287.jpg 1920w, https:\/\/gazetaregionalna.com\/wp-content\/uploads\/2023\/11\/ExactSystems-Resovia-64-2-626x420.jpg 626w, https:\/\/gazetaregionalna.com\/wp-content\/uploads\/2023\/11\/ExactSystems-Resovia-64-2-scaled.jpg 1600w\" data-sizes=\"(max-width: 1024px) 100vw, 1024px\" src=\"data:image\/svg+xml;base64,PHN2ZyB3aWR0aD0iMSIgaGVpZ2h0PSIxIiB4bWxucz0iaHR0cDovL3d3dy53My5vcmcvMjAwMC9zdmciPjwvc3ZnPg==\" style=\"--smush-placeholder-width: 1024px; --smush-placeholder-aspect-ratio: 1024\/687;\" \/><\/figure>\n\n\n\n<figure class=\"wp-block-image size-large\"><img decoding=\"async\" width=\"1024\" height=\"1024\" data-src=\"https:\/\/gazetaregionalna.com\/wp-content\/uploads\/2024\/04\/DMK-Invest-1-1024x1024.jpg\" alt=\"\" class=\"wp-image-123882 lazyload\" data-srcset=\"https:\/\/gazetaregionalna.com\/wp-content\/uploads\/2024\/04\/DMK-Invest-1-1024x1024.jpg 1024w, https:\/\/gazetaregionalna.com\/wp-content\/uploads\/2024\/04\/DMK-Invest-1-300x300.jpg 300w, https:\/\/gazetaregionalna.com\/wp-content\/uploads\/2024\/04\/DMK-Invest-1-150x150.jpg 150w, https:\/\/gazetaregionalna.com\/wp-content\/uploads\/2024\/04\/DMK-Invest-1-768x768.jpg 768w, https:\/\/gazetaregionalna.com\/wp-content\/uploads\/2024\/04\/DMK-Invest-1-1536x1536.jpg 1536w, https:\/\/gazetaregionalna.com\/wp-content\/uploads\/2024\/04\/DMK-Invest-1-2048x2048.jpg 2048w, https:\/\/gazetaregionalna.com\/wp-content\/uploads\/2024\/04\/DMK-Invest-1-215x215.jpg 215w, https:\/\/gazetaregionalna.com\/wp-content\/uploads\/2024\/04\/DMK-Invest-1-scaled.jpg 1600w\" data-sizes=\"(max-width: 1024px) 100vw, 1024px\" src=\"data:image\/svg+xml;base64,PHN2ZyB3aWR0aD0iMSIgaGVpZ2h0PSIxIiB4bWxucz0iaHR0cDovL3d3dy53My5vcmcvMjAwMC9zdmciPjwvc3ZnPg==\" style=\"--smush-placeholder-width: 1024px; --smush-placeholder-aspect-ratio: 1024\/1024;\" \/><\/figure>\n\n\n\n<figure class=\"wp-block-image size-large\"><img decoding=\"async\" width=\"1024\" height=\"1024\" data-src=\"https:\/\/gazetaregionalna.com\/wp-content\/uploads\/2024\/04\/FONEX-1024x1024.jpg\" alt=\"\" class=\"wp-image-123881 lazyload\" data-srcset=\"https:\/\/gazetaregionalna.com\/wp-content\/uploads\/2024\/04\/FONEX-1024x1024.jpg 1024w, https:\/\/gazetaregionalna.com\/wp-content\/uploads\/2024\/04\/FONEX-300x300.jpg 300w, https:\/\/gazetaregionalna.com\/wp-content\/uploads\/2024\/04\/FONEX-150x150.jpg 150w, https:\/\/gazetaregionalna.com\/wp-content\/uploads\/2024\/04\/FONEX-768x768.jpg 768w, https:\/\/gazetaregionalna.com\/wp-content\/uploads\/2024\/04\/FONEX-215x215.jpg 215w, https:\/\/gazetaregionalna.com\/wp-content\/uploads\/2024\/04\/FONEX.jpg 1080w\" data-sizes=\"(max-width: 1024px) 100vw, 1024px\" src=\"data:image\/svg+xml;base64,PHN2ZyB3aWR0aD0iMSIgaGVpZ2h0PSIxIiB4bWxucz0iaHR0cDovL3d3dy53My5vcmcvMjAwMC9zdmciPjwvc3ZnPg==\" style=\"--smush-placeholder-width: 1024px; --smush-placeholder-aspect-ratio: 1024\/1024;\" \/><\/figure>\n","protected":false},"excerpt":{"rendered":"<p>Siatkarze Steam Hemarpol Norwid Cz\u0119stochowa b\u0119d\u0105 gospodarzami VI Memoria\u0142u im. Janusza Sikorskiego. Wspania\u0142y trener, wychowawca wielu reprezentant\u00f3w Polski zmar\u0142 w maju 2019 roku&#8230; Tegoroczny<\/p>\n","protected":false},"author":15,"featured_media":117889,"comment_status":"closed","ping_status":"open","sticky":false,"template":"","format":"standard","meta":{"_monsterinsights_skip_tracking":false,"_monsterinsights_sitenote_active":false,"_monsterinsights_sitenote_note":"","_monsterinsights_sitenote_category":0,"_uf_show_specific_survey":0,"_uf_disable_surveys":false,"footnotes":""},"categories":[94,8,5],"tags":[],"class_list":["post-128245","post","type-post","status-publish","format-standard","has-post-thumbnail","hentry","category-polecane","category-siatkowka","category-sport"],"_links":{"self":[{"href":"https:\/\/gazetaregionalna.com\/index.php?rest_route=\/wp\/v2\/posts\/128245","targetHints":{"allow":["GET"]}}],"collection":[{"href":"https:\/\/gazetaregionalna.com\/index.php?rest_route=\/wp\/v2\/posts"}],"about":[{"href":"https:\/\/gazetaregionalna.com\/index.php?rest_route=\/wp\/v2\/types\/post"}],"author":[{"embeddable":true,"href":"https:\/\/gazetaregionalna.com\/index.php?rest_route=\/wp\/v2\/users\/15"}],"replies":[{"embeddable":true,"href":"https:\/\/gazetaregionalna.com\/index.php?rest_route=%2Fwp%2Fv2%2Fcomments&post=128245"}],"version-history":[{"count":1,"href":"https:\/\/gazetaregionalna.com\/index.php?rest_route=\/wp\/v2\/posts\/128245\/revisions"}],"predecessor-version":[{"id":128246,"href":"https:\/\/gazetaregionalna.com\/index.php?rest_route=\/wp\/v2\/posts\/128245\/revisions\/128246"}],"wp:featuredmedia":[{"embeddable":true,"href":"https:\/\/gazetaregionalna.com\/index.php?rest_route=\/wp\/v2\/media\/117889"}],"wp:attachment":[{"href":"https:\/\/gazetaregionalna.com\/index.php?rest_route=%2Fwp%2Fv2%2Fmedia&parent=128245"}],"wp:term":[{"taxonomy":"category","embeddable":true,"href":"https:\/\/gazetaregionalna.com\/index.php?rest_route=%2Fwp%2Fv2%2Fcategories&post=128245"},{"taxonomy":"post_tag","embeddable":true,"href":"https:\/\/gazetaregionalna.com\/index.php?rest_route=%2Fwp%2Fv2%2Ftags&post=128245"}],"curies":[{"name":"wp","href":"https:\/\/api.w.org\/{rel}","templated":true}]}}