{"id":128156,"date":"2024-09-02T17:26:24","date_gmt":"2024-09-02T17:26:24","guid":{"rendered":"https:\/\/gazetaregionalna.com\/?p=128156"},"modified":"2024-09-02T17:26:25","modified_gmt":"2024-09-02T17:26:25","slug":"kolejny-mecz-rakow-zagra-w-warszawie-a-trener-legii-goncalo-feio-wypomina-czestochowianom-podgladanie-dronem","status":"publish","type":"post","link":"https:\/\/gazetaregionalna.com\/?p=128156","title":{"rendered":"Kolejny mecz Rak\u00f3w zagra w Warszawie, a trener Legii Goncalo Feio wypomina cz\u0119stochowianom podgl\u0105danie dronem\u2026"},"content":{"rendered":"\n<p>Przed pi\u0142karzami w PKO BP Ekstraklasie teraz dwa tygodnie przerwy. Rak\u00f3w 15 wrze\u015bnia zagra w Warszawie z Legi\u0105. Tymczasem szkoleniowiec Legii Goncalo Feio, kt\u00f3ry w przesz\u0142o\u015bci pracowa\u0142 w Rakowie wypomnia\u0142 cz\u0119stochowianom u\u017cywanie drona przy podgl\u0105daniu trening\u00f3w rywali\u2026<\/p>\n\n\n\n<p>Dru\u017cyny w PKO BP Ekstraklasie maj\u0105 ju\u017c za sob\u0105 7 kolejek spotka\u0144. Rak\u00f3w z 11 punktami plasuje si\u0119 na 7. pozycji. Prowadzi Lech Pozna\u0144 (16 punkt\u00f3w), przed 2. Legi\u0105 Warszawa (14 punkt\u00f3w) i 3. Piastem Gliwice (14 punkt\u00f3w).<\/p>\n\n\n\n<p>I to w\u0142a\u015bnie z Legi\u0105 Rak\u00f3w zagra 15 wrze\u015bnia w 8. kolejce PKO BP Ekstraklasy. Tymczasem po ostatnim spotkaniu Legii trener lidera PKO BP Ekstraklasy Goncalo Feio, a w przesz\u0142o\u015bci trener w Rakowie podgrza\u0142 nieco atmosfer\u0119 przed zbli\u017caj\u0105cym si\u0119 spotkaniem\u2026 Szkoleniowiec Legii wypomnia\u0142 cz\u0119stochowianom, \u017ce podgl\u0105daj\u0105 swoich rywali przy pomocy drona\u2026<\/p>\n\n\n\n<p>&#8211; Rak\u00f3w jest doskona\u0142ym przeciwnikiem, \u017ceby zmieni\u0107 system &#8211; m\u00f3wi\u0142 na konferencji prasowej po meczu Legia Warszawa &#8211; Motor Lublin trener Legii Goncalo Feio. &#8211; Nie chce za du\u017co powiedzie\u0107, ale mam tylko nadziej\u0119, \u017ce nie wysy\u0142aj\u0105 jakiego\u015b drona, tak jak ostatnio. Bo to po prostu jest nie w porz\u0105dku. Nagrywasz treningi przeciwnika. My takich rzeczy nie robimy. Na olimpiadzie chyba dru\u017cyna \u017ce\u0144ska Kanady zosta\u0142a z\u0142apana i zosta\u0142a zdyskwalifikowana z rozgrywek. Je\u017celi by\u015bmy z\u0142apali, mamy jak to udowodni\u0107, bo mamy system i mam nadziej\u0119 te\u017c, \u017ce odpowiednie organy by zareagowa\u0142y. Ja nie ogl\u0105dam trening\u00f3w rywali i nie \u017cycz\u0119 sobie, \u017ceby kto\u015b ogl\u0105da\u0142 moje.<\/p>\n\n\n\n<p>AK, fot: AK<\/p>\n\n\n\n<p>Partnerami relacji sportowych s\u0105:<\/p>\n\n\n\n<p>DMK Invest materia\u0142y budowlane Konopiska (www.dmkinvest.pl) <\/p>\n\n\n\n<p>Fonex. Alrmy i monitoringi (www.fonex.pl)<\/p>\n\n\n\n<figure class=\"wp-block-image size-large\"><img decoding=\"async\" width=\"1024\" height=\"683\" data-src=\"https:\/\/gazetaregionalna.com\/wp-content\/uploads\/2024\/04\/Rakow-LegiaW-0-2-1024x683.jpg\" alt=\"\" class=\"wp-image-124043 lazyload\" data-srcset=\"https:\/\/gazetaregionalna.com\/wp-content\/uploads\/2024\/04\/Rakow-LegiaW-0-2-1024x683.jpg 1024w, https:\/\/gazetaregionalna.com\/wp-content\/uploads\/2024\/04\/Rakow-LegiaW-0-2-300x200.jpg 300w, https:\/\/gazetaregionalna.com\/wp-content\/uploads\/2024\/04\/Rakow-LegiaW-0-2-768x512.jpg 768w, https:\/\/gazetaregionalna.com\/wp-content\/uploads\/2024\/04\/Rakow-LegiaW-0-2-1536x1024.jpg 1536w, https:\/\/gazetaregionalna.com\/wp-content\/uploads\/2024\/04\/Rakow-LegiaW-0-2-2048x1365.jpg 2048w, https:\/\/gazetaregionalna.com\/wp-content\/uploads\/2024\/04\/Rakow-LegiaW-0-2-scaled.jpg 1600w\" data-sizes=\"(max-width: 1024px) 100vw, 1024px\" src=\"data:image\/svg+xml;base64,PHN2ZyB3aWR0aD0iMSIgaGVpZ2h0PSIxIiB4bWxucz0iaHR0cDovL3d3dy53My5vcmcvMjAwMC9zdmciPjwvc3ZnPg==\" style=\"--smush-placeholder-width: 1024px; --smush-placeholder-aspect-ratio: 1024\/683;\" \/><\/figure>\n\n\n\n<figure class=\"wp-block-image size-large\"><img decoding=\"async\" width=\"1024\" height=\"683\" data-src=\"https:\/\/gazetaregionalna.com\/wp-content\/uploads\/2024\/04\/Rakow-LegiaW-83-1024x683.jpg\" alt=\"\" class=\"wp-image-124042 lazyload\" data-srcset=\"https:\/\/gazetaregionalna.com\/wp-content\/uploads\/2024\/04\/Rakow-LegiaW-83-1024x683.jpg 1024w, https:\/\/gazetaregionalna.com\/wp-content\/uploads\/2024\/04\/Rakow-LegiaW-83-300x200.jpg 300w, https:\/\/gazetaregionalna.com\/wp-content\/uploads\/2024\/04\/Rakow-LegiaW-83-768x512.jpg 768w, https:\/\/gazetaregionalna.com\/wp-content\/uploads\/2024\/04\/Rakow-LegiaW-83-1536x1025.jpg 1536w, https:\/\/gazetaregionalna.com\/wp-content\/uploads\/2024\/04\/Rakow-LegiaW-83-2048x1366.jpg 2048w, https:\/\/gazetaregionalna.com\/wp-content\/uploads\/2024\/04\/Rakow-LegiaW-83-scaled.jpg 1600w\" data-sizes=\"(max-width: 1024px) 100vw, 1024px\" src=\"data:image\/svg+xml;base64,PHN2ZyB3aWR0aD0iMSIgaGVpZ2h0PSIxIiB4bWxucz0iaHR0cDovL3d3dy53My5vcmcvMjAwMC9zdmciPjwvc3ZnPg==\" style=\"--smush-placeholder-width: 1024px; --smush-placeholder-aspect-ratio: 1024\/683;\" \/><\/figure>\n\n\n\n<figure class=\"wp-block-image size-large\"><img decoding=\"async\" width=\"1024\" height=\"1024\" data-src=\"https:\/\/gazetaregionalna.com\/wp-content\/uploads\/2024\/04\/FONEX-1024x1024.jpg\" alt=\"\" class=\"wp-image-123881 lazyload\" data-srcset=\"https:\/\/gazetaregionalna.com\/wp-content\/uploads\/2024\/04\/FONEX-1024x1024.jpg 1024w, https:\/\/gazetaregionalna.com\/wp-content\/uploads\/2024\/04\/FONEX-300x300.jpg 300w, https:\/\/gazetaregionalna.com\/wp-content\/uploads\/2024\/04\/FONEX-150x150.jpg 150w, https:\/\/gazetaregionalna.com\/wp-content\/uploads\/2024\/04\/FONEX-768x768.jpg 768w, https:\/\/gazetaregionalna.com\/wp-content\/uploads\/2024\/04\/FONEX-215x215.jpg 215w, https:\/\/gazetaregionalna.com\/wp-content\/uploads\/2024\/04\/FONEX.jpg 1080w\" data-sizes=\"(max-width: 1024px) 100vw, 1024px\" src=\"data:image\/svg+xml;base64,PHN2ZyB3aWR0aD0iMSIgaGVpZ2h0PSIxIiB4bWxucz0iaHR0cDovL3d3dy53My5vcmcvMjAwMC9zdmciPjwvc3ZnPg==\" style=\"--smush-placeholder-width: 1024px; --smush-placeholder-aspect-ratio: 1024\/1024;\" \/><\/figure>\n\n\n\n<figure class=\"wp-block-image size-large\"><img decoding=\"async\" width=\"1024\" height=\"1024\" data-src=\"https:\/\/gazetaregionalna.com\/wp-content\/uploads\/2024\/04\/DMK-Invest-2-1024x1024.jpg\" alt=\"\" class=\"wp-image-123883 lazyload\" data-srcset=\"https:\/\/gazetaregionalna.com\/wp-content\/uploads\/2024\/04\/DMK-Invest-2-1024x1024.jpg 1024w, https:\/\/gazetaregionalna.com\/wp-content\/uploads\/2024\/04\/DMK-Invest-2-300x300.jpg 300w, https:\/\/gazetaregionalna.com\/wp-content\/uploads\/2024\/04\/DMK-Invest-2-150x150.jpg 150w, https:\/\/gazetaregionalna.com\/wp-content\/uploads\/2024\/04\/DMK-Invest-2-768x768.jpg 768w, https:\/\/gazetaregionalna.com\/wp-content\/uploads\/2024\/04\/DMK-Invest-2-1536x1536.jpg 1536w, https:\/\/gazetaregionalna.com\/wp-content\/uploads\/2024\/04\/DMK-Invest-2-2048x2048.jpg 2048w, https:\/\/gazetaregionalna.com\/wp-content\/uploads\/2024\/04\/DMK-Invest-2-215x215.jpg 215w, https:\/\/gazetaregionalna.com\/wp-content\/uploads\/2024\/04\/DMK-Invest-2-scaled.jpg 1600w\" data-sizes=\"(max-width: 1024px) 100vw, 1024px\" src=\"data:image\/svg+xml;base64,PHN2ZyB3aWR0aD0iMSIgaGVpZ2h0PSIxIiB4bWxucz0iaHR0cDovL3d3dy53My5vcmcvMjAwMC9zdmciPjwvc3ZnPg==\" style=\"--smush-placeholder-width: 1024px; --smush-placeholder-aspect-ratio: 1024\/1024;\" \/><\/figure>\n","protected":false},"excerpt":{"rendered":"<p>Przed pi\u0142karzami w PKO BP Ekstraklasie teraz dwa tygodnie przerwy. Rak\u00f3w 15 wrze\u015bnia zagra w Warszawie z Legi\u0105. Tymczasem szkoleniowiec Legii Goncalo Feio, kt\u00f3ry<\/p>\n","protected":false},"author":15,"featured_media":124043,"comment_status":"closed","ping_status":"open","sticky":false,"template":"","format":"standard","meta":{"_monsterinsights_skip_tracking":false,"_monsterinsights_sitenote_active":false,"_monsterinsights_sitenote_note":"","_monsterinsights_sitenote_category":0,"_uf_show_specific_survey":0,"_uf_disable_surveys":false,"footnotes":""},"categories":[5,6],"tags":[],"class_list":["post-128156","post","type-post","status-publish","format-standard","has-post-thumbnail","hentry","category-sport","category-pilka-nozna"],"_links":{"self":[{"href":"https:\/\/gazetaregionalna.com\/index.php?rest_route=\/wp\/v2\/posts\/128156","targetHints":{"allow":["GET"]}}],"collection":[{"href":"https:\/\/gazetaregionalna.com\/index.php?rest_route=\/wp\/v2\/posts"}],"about":[{"href":"https:\/\/gazetaregionalna.com\/index.php?rest_route=\/wp\/v2\/types\/post"}],"author":[{"embeddable":true,"href":"https:\/\/gazetaregionalna.com\/index.php?rest_route=\/wp\/v2\/users\/15"}],"replies":[{"embeddable":true,"href":"https:\/\/gazetaregionalna.com\/index.php?rest_route=%2Fwp%2Fv2%2Fcomments&post=128156"}],"version-history":[{"count":1,"href":"https:\/\/gazetaregionalna.com\/index.php?rest_route=\/wp\/v2\/posts\/128156\/revisions"}],"predecessor-version":[{"id":128157,"href":"https:\/\/gazetaregionalna.com\/index.php?rest_route=\/wp\/v2\/posts\/128156\/revisions\/128157"}],"wp:featuredmedia":[{"embeddable":true,"href":"https:\/\/gazetaregionalna.com\/index.php?rest_route=\/wp\/v2\/media\/124043"}],"wp:attachment":[{"href":"https:\/\/gazetaregionalna.com\/index.php?rest_route=%2Fwp%2Fv2%2Fmedia&parent=128156"}],"wp:term":[{"taxonomy":"category","embeddable":true,"href":"https:\/\/gazetaregionalna.com\/index.php?rest_route=%2Fwp%2Fv2%2Fcategories&post=128156"},{"taxonomy":"post_tag","embeddable":true,"href":"https:\/\/gazetaregionalna.com\/index.php?rest_route=%2Fwp%2Fv2%2Ftags&post=128156"}],"curies":[{"name":"wp","href":"https:\/\/api.w.org\/{rel}","templated":true}]}}