{"id":128118,"date":"2024-09-01T14:52:11","date_gmt":"2024-09-01T14:52:11","guid":{"rendered":"https:\/\/gazetaregionalna.com\/?p=128118"},"modified":"2024-09-01T14:52:12","modified_gmt":"2024-09-01T14:52:12","slug":"jest-druga-wygrana-pilkarzy-skry-czestochowa-w-2-lidze","status":"publish","type":"post","link":"https:\/\/gazetaregionalna.com\/?p=128118","title":{"rendered":"Jest druga wygrana pi\u0142karzy Skry Cz\u0119stochowa w 2. lidze!"},"content":{"rendered":"\n<p>Pi\u0142karze Skry Cz\u0119stochowa pokonali GKS Jastrz\u0119bie 2:1 i mogli cieszy\u0107 si\u0119 z drugiego zwyci\u0119stwa w sezonie.<\/p>\n\n\n\n<p>Cz\u0119stochowskim pi\u0142karzom bardzo zale\u017ca\u0142o na drugim zwyci\u0119stwie. Skra rozpocz\u0119\u0142a sezon z -7 punktami i musi odrabia\u0107 straty.<\/p>\n\n\n\n<p>W sobotnim spotkaniu cz\u0119stochowianie zagrali bardzo ambitnie i do samego ko\u0144ca walczyli o zwyci\u0119stwo. Uda\u0142o si\u0119 w doliczonym czasie gry.<\/p>\n\n\n\n<p>Skra na prowadzenie wysz\u0142a w 68. minucie po golu Piotra Noconia. Zawodnicy GKS Jastrz\u0119bie wyr\u00f3wnali w 83. minucie. Gospodarze o 3 punkty walczyli do samego ko\u0144ca. Uda\u0142o si\u0119 w drugiej minucie doliczonego czasu gry. Gola na wag\u0119 2 zwyci\u0119stwa w sezonie zdoby\u0142 Maksymilian Stangret.<\/p>\n\n\n\n<p>Po ostatnim gwizdu s\u0119dziego pi\u0142karze Skry mogli cieszy\u0107 si\u0119 z wygranej.<\/p>\n\n\n\n<p>Skra po 7 kolejkach ma -1 punkt. Do przedostatniej Olimpi Elbl\u0105g traci 3 punkty.<\/p>\n\n\n\n<p>AK, fot: Natanel Brewczy\u0144ski (Skra Cz\u0119stochowa)<\/p>\n\n\n\n<p>Skra Cz\u0119stochowa \u2013 GKS Jastrz\u0119bie 2:1 (0:0)<\/p>\n\n\n\n<p>1:0 Piotr Noco\u0144 (68.), 1:1 Micha\u0142 Bednarski (83.), 2:1 Maksymilian Stangret (90.)<\/p>\n\n\n\n<p>Skra: Kramarz \u2013 Kucharczyk, Lorenc, Magnuszewski \u2013 Stec, \u0141awrynowicz, Winciersz (90\u2019 Owczarek), Sobczak (77\u2019 Kaczorowski), Niedba\u0142a (90\u2019+4 Wr\u00f3bel), Noco\u0144 \u2013 Stangret.<\/p>\n\n\n\n<figure class=\"wp-block-image size-large\"><img decoding=\"async\" width=\"1024\" height=\"683\" data-src=\"https:\/\/gazetaregionalna.com\/wp-content\/uploads\/2024\/09\/Skra-Jastrzebie-fot-Natanael-Brewczynski-Skra-1024x683.jpg\" alt=\"\" class=\"wp-image-128119 lazyload\" data-srcset=\"https:\/\/gazetaregionalna.com\/wp-content\/uploads\/2024\/09\/Skra-Jastrzebie-fot-Natanael-Brewczynski-Skra-1024x683.jpg 1024w, https:\/\/gazetaregionalna.com\/wp-content\/uploads\/2024\/09\/Skra-Jastrzebie-fot-Natanael-Brewczynski-Skra-300x200.jpg 300w, https:\/\/gazetaregionalna.com\/wp-content\/uploads\/2024\/09\/Skra-Jastrzebie-fot-Natanael-Brewczynski-Skra-768x512.jpg 768w, https:\/\/gazetaregionalna.com\/wp-content\/uploads\/2024\/09\/Skra-Jastrzebie-fot-Natanael-Brewczynski-Skra.jpg 1536w\" data-sizes=\"(max-width: 1024px) 100vw, 1024px\" src=\"data:image\/svg+xml;base64,PHN2ZyB3aWR0aD0iMSIgaGVpZ2h0PSIxIiB4bWxucz0iaHR0cDovL3d3dy53My5vcmcvMjAwMC9zdmciPjwvc3ZnPg==\" style=\"--smush-placeholder-width: 1024px; --smush-placeholder-aspect-ratio: 1024\/683;\" \/><\/figure>\n\n\n\n<figure class=\"wp-block-image size-large\"><img decoding=\"async\" width=\"1024\" height=\"1024\" data-src=\"https:\/\/gazetaregionalna.com\/wp-content\/uploads\/2024\/04\/DMK-Invest-2-1024x1024.jpg\" alt=\"\" class=\"wp-image-123883 lazyload\" data-srcset=\"https:\/\/gazetaregionalna.com\/wp-content\/uploads\/2024\/04\/DMK-Invest-2-1024x1024.jpg 1024w, https:\/\/gazetaregionalna.com\/wp-content\/uploads\/2024\/04\/DMK-Invest-2-300x300.jpg 300w, https:\/\/gazetaregionalna.com\/wp-content\/uploads\/2024\/04\/DMK-Invest-2-150x150.jpg 150w, https:\/\/gazetaregionalna.com\/wp-content\/uploads\/2024\/04\/DMK-Invest-2-768x768.jpg 768w, https:\/\/gazetaregionalna.com\/wp-content\/uploads\/2024\/04\/DMK-Invest-2-1536x1536.jpg 1536w, https:\/\/gazetaregionalna.com\/wp-content\/uploads\/2024\/04\/DMK-Invest-2-2048x2048.jpg 2048w, https:\/\/gazetaregionalna.com\/wp-content\/uploads\/2024\/04\/DMK-Invest-2-215x215.jpg 215w, https:\/\/gazetaregionalna.com\/wp-content\/uploads\/2024\/04\/DMK-Invest-2-scaled.jpg 1600w\" data-sizes=\"(max-width: 1024px) 100vw, 1024px\" src=\"data:image\/svg+xml;base64,PHN2ZyB3aWR0aD0iMSIgaGVpZ2h0PSIxIiB4bWxucz0iaHR0cDovL3d3dy53My5vcmcvMjAwMC9zdmciPjwvc3ZnPg==\" style=\"--smush-placeholder-width: 1024px; --smush-placeholder-aspect-ratio: 1024\/1024;\" \/><\/figure>\n\n\n\n<figure class=\"wp-block-image size-large\"><img decoding=\"async\" width=\"1024\" height=\"1024\" data-src=\"https:\/\/gazetaregionalna.com\/wp-content\/uploads\/2024\/04\/FONEX-1024x1024.jpg\" alt=\"\" class=\"wp-image-123881 lazyload\" data-srcset=\"https:\/\/gazetaregionalna.com\/wp-content\/uploads\/2024\/04\/FONEX-1024x1024.jpg 1024w, https:\/\/gazetaregionalna.com\/wp-content\/uploads\/2024\/04\/FONEX-300x300.jpg 300w, https:\/\/gazetaregionalna.com\/wp-content\/uploads\/2024\/04\/FONEX-150x150.jpg 150w, https:\/\/gazetaregionalna.com\/wp-content\/uploads\/2024\/04\/FONEX-768x768.jpg 768w, https:\/\/gazetaregionalna.com\/wp-content\/uploads\/2024\/04\/FONEX-215x215.jpg 215w, https:\/\/gazetaregionalna.com\/wp-content\/uploads\/2024\/04\/FONEX.jpg 1080w\" data-sizes=\"(max-width: 1024px) 100vw, 1024px\" src=\"data:image\/svg+xml;base64,PHN2ZyB3aWR0aD0iMSIgaGVpZ2h0PSIxIiB4bWxucz0iaHR0cDovL3d3dy53My5vcmcvMjAwMC9zdmciPjwvc3ZnPg==\" style=\"--smush-placeholder-width: 1024px; --smush-placeholder-aspect-ratio: 1024\/1024;\" \/><\/figure>\n","protected":false},"excerpt":{"rendered":"<p>Pi\u0142karze Skry Cz\u0119stochowa pokonali GKS Jastrz\u0119bie 2:1 i mogli cieszy\u0107 si\u0119 z drugiego zwyci\u0119stwa w sezonie. Cz\u0119stochowskim pi\u0142karzom bardzo zale\u017ca\u0142o na drugim zwyci\u0119stwie. Skra<\/p>\n","protected":false},"author":15,"featured_media":128119,"comment_status":"closed","ping_status":"open","sticky":false,"template":"","format":"standard","meta":{"_monsterinsights_skip_tracking":false,"_monsterinsights_sitenote_active":false,"_monsterinsights_sitenote_note":"","_monsterinsights_sitenote_category":0,"_uf_show_specific_survey":0,"_uf_disable_surveys":false,"footnotes":""},"categories":[5,6,94],"tags":[],"class_list":["post-128118","post","type-post","status-publish","format-standard","has-post-thumbnail","hentry","category-sport","category-pilka-nozna","category-polecane"],"_links":{"self":[{"href":"https:\/\/gazetaregionalna.com\/index.php?rest_route=\/wp\/v2\/posts\/128118","targetHints":{"allow":["GET"]}}],"collection":[{"href":"https:\/\/gazetaregionalna.com\/index.php?rest_route=\/wp\/v2\/posts"}],"about":[{"href":"https:\/\/gazetaregionalna.com\/index.php?rest_route=\/wp\/v2\/types\/post"}],"author":[{"embeddable":true,"href":"https:\/\/gazetaregionalna.com\/index.php?rest_route=\/wp\/v2\/users\/15"}],"replies":[{"embeddable":true,"href":"https:\/\/gazetaregionalna.com\/index.php?rest_route=%2Fwp%2Fv2%2Fcomments&post=128118"}],"version-history":[{"count":1,"href":"https:\/\/gazetaregionalna.com\/index.php?rest_route=\/wp\/v2\/posts\/128118\/revisions"}],"predecessor-version":[{"id":128120,"href":"https:\/\/gazetaregionalna.com\/index.php?rest_route=\/wp\/v2\/posts\/128118\/revisions\/128120"}],"wp:featuredmedia":[{"embeddable":true,"href":"https:\/\/gazetaregionalna.com\/index.php?rest_route=\/wp\/v2\/media\/128119"}],"wp:attachment":[{"href":"https:\/\/gazetaregionalna.com\/index.php?rest_route=%2Fwp%2Fv2%2Fmedia&parent=128118"}],"wp:term":[{"taxonomy":"category","embeddable":true,"href":"https:\/\/gazetaregionalna.com\/index.php?rest_route=%2Fwp%2Fv2%2Fcategories&post=128118"},{"taxonomy":"post_tag","embeddable":true,"href":"https:\/\/gazetaregionalna.com\/index.php?rest_route=%2Fwp%2Fv2%2Ftags&post=128118"}],"curies":[{"name":"wp","href":"https:\/\/api.w.org\/{rel}","templated":true}]}}