{"id":127970,"date":"2024-08-27T13:45:00","date_gmt":"2024-08-27T13:45:00","guid":{"rendered":"https:\/\/gazetaregionalna.com\/?p=127970"},"modified":"2024-08-27T14:48:32","modified_gmt":"2024-08-27T14:48:32","slug":"straznicy-miejscy-ujeli-pieciu-grafficiarzy-w-dwoch-roznych-miejscach-czestochowy-dewastowali-przejscia-podziemne","status":"publish","type":"post","link":"https:\/\/gazetaregionalna.com\/?p=127970","title":{"rendered":"Stra\u017cnicy miejscy uj\u0119li pi\u0119ciu \u201egrafficiarzy\u201d w dw\u00f3ch r\u00f3\u017cnych miejscach Cz\u0119stochowy. Dewastowali przej\u015bcia podziemne&#8230;"},"content":{"rendered":"\n<p>Podczas patrolowania ulic Cz\u0119stochowy stra\u017cnicy miejscy uj\u0119li w dw\u00f3ch r\u00f3\u017cnych cz\u0119\u015bciach miasta pi\u0119ciu \u201egrafficiarzy\u201d, kt\u00f3rzy dewastowali elewacje przej\u015b\u0107 podziemnych.<\/p>\n\n\n\n<p>Do pierwszego zdarzenia dosz\u0142o w rejonie al. Marsza\u0142kowskiej w dzielnicy P\u00f3\u0142noc. M\u0119\u017cczyzna dewastowa\u0142 tam elewacj\u0119 przej\u015bcia podziemnego od strony Lasku Anio\u0142owskiego. Sprawca zosta\u0142 przekazany na V Komisariat Policji.<\/p>\n\n\n\n<p>W drugim przypadku cz\u0119stochowscy stra\u017cnicy miejscy uj\u0119li cztery osoby, kt\u00f3re sprejem dewastowa\u0142y elewacj\u0119 przej\u015bcia podziemnego w rejonie al. Wojska Polskiego id\u0105c od pomnika na Placu Katy\u0144skim w kierunku ul. Weso\u0142ej. Stra\u017cnicy miejscy przekazali czterech sprawc\u00f3w na IV Komisariat Policji.<\/p>\n\n\n\n<p>To kolejni wandale, kt\u00f3rzy w 2024 roku zostali uj\u0119ci przez cz\u0119stochowskich stra\u017cnik\u00f3w miejskich na \u201egor\u0105cym uczynku\u201d.<\/p>\n\n\n\n<p>\u0179r\u00f3d\u0142o: www.sm.czestochowa.pl<\/p>\n\n\n\n<p><\/p>\n","protected":false},"excerpt":{"rendered":"<p>Podczas patrolowania ulic Cz\u0119stochowy stra\u017cnicy miejscy uj\u0119li w dw\u00f3ch r\u00f3\u017cnych cz\u0119\u015bciach miasta pi\u0119ciu \u201egrafficiarzy\u201d, kt\u00f3rzy dewastowali elewacje przej\u015b\u0107 podziemnych. Do pierwszego zdarzenia dosz\u0142o w<\/p>\n","protected":false},"author":25,"featured_media":16507,"comment_status":"closed","ping_status":"open","sticky":false,"template":"","format":"standard","meta":{"_monsterinsights_skip_tracking":false,"_monsterinsights_sitenote_active":false,"_monsterinsights_sitenote_note":"","_monsterinsights_sitenote_category":0,"_uf_show_specific_survey":0,"_uf_disable_surveys":false,"footnotes":""},"categories":[3,2],"tags":[],"class_list":["post-127970","post","type-post","status-publish","format-standard","has-post-thumbnail","hentry","category-czestochowa-informacje","category-wiadomosci"],"_links":{"self":[{"href":"https:\/\/gazetaregionalna.com\/index.php?rest_route=\/wp\/v2\/posts\/127970","targetHints":{"allow":["GET"]}}],"collection":[{"href":"https:\/\/gazetaregionalna.com\/index.php?rest_route=\/wp\/v2\/posts"}],"about":[{"href":"https:\/\/gazetaregionalna.com\/index.php?rest_route=\/wp\/v2\/types\/post"}],"author":[{"embeddable":true,"href":"https:\/\/gazetaregionalna.com\/index.php?rest_route=\/wp\/v2\/users\/25"}],"replies":[{"embeddable":true,"href":"https:\/\/gazetaregionalna.com\/index.php?rest_route=%2Fwp%2Fv2%2Fcomments&post=127970"}],"version-history":[{"count":1,"href":"https:\/\/gazetaregionalna.com\/index.php?rest_route=\/wp\/v2\/posts\/127970\/revisions"}],"predecessor-version":[{"id":127971,"href":"https:\/\/gazetaregionalna.com\/index.php?rest_route=\/wp\/v2\/posts\/127970\/revisions\/127971"}],"wp:featuredmedia":[{"embeddable":true,"href":"https:\/\/gazetaregionalna.com\/index.php?rest_route=\/wp\/v2\/media\/16507"}],"wp:attachment":[{"href":"https:\/\/gazetaregionalna.com\/index.php?rest_route=%2Fwp%2Fv2%2Fmedia&parent=127970"}],"wp:term":[{"taxonomy":"category","embeddable":true,"href":"https:\/\/gazetaregionalna.com\/index.php?rest_route=%2Fwp%2Fv2%2Fcategories&post=127970"},{"taxonomy":"post_tag","embeddable":true,"href":"https:\/\/gazetaregionalna.com\/index.php?rest_route=%2Fwp%2Fv2%2Ftags&post=127970"}],"curies":[{"name":"wp","href":"https:\/\/api.w.org\/{rel}","templated":true}]}}