{"id":127956,"date":"2024-08-27T14:00:52","date_gmt":"2024-08-27T14:00:52","guid":{"rendered":"https:\/\/gazetaregionalna.com\/?p=127956"},"modified":"2024-08-27T14:32:30","modified_gmt":"2024-08-27T14:32:30","slug":"krajowa-wystawa-rolnicza-2","status":"publish","type":"post","link":"https:\/\/gazetaregionalna.com\/?p=127956","title":{"rendered":"XXXIII Krajowa Wystawa Rolnicza i Og\u00f3lnopolskie Do\u017cynki na Jasnej G\u00f3rze"},"content":{"rendered":"\n<h2 class=\"wp-block-heading\"><strong>Krajowa Wystawa Rolnicza wraz ze wszystkimi towarzysz\u0105cymi jej imprezami na sta\u0142e wpisa\u0142a si\u0119 w scenariusz jasnog\u00f3rskich uroczysto\u015bci do\u017cynkowych, a ekspozycja po\u015bwi\u0119cona polskiemu rolnictwu odb\u0119dzie si\u0119 ju\u017c po raz trzydziesty trzeci. W tym roku \u015bwi\u0119to plon\u00f3w i towarzysz\u0105c\u0105 mu wystaw\u0119 zaplanowano w dniach 31 sierpnia \u2013 1 wrze\u015bnia. Na zwiedzaj\u0105cych czeka\u0107 b\u0119dzie blisko 500 wystawc\u00f3w. Krajowa Wystawa Rolnicza to najwi\u0119ksza w regionie \u015bl\u0105skim i jedna z najwi\u0119kszych w kraju impreza o charakterze wystawienniczo-targowym, za organizacj\u0119 kt\u00f3rej odpowiada \u015al\u0105ski O\u015brodek Doradztwa Rolniczego w Cz\u0119stochowie.<\/strong><\/h2>\n\n\n\n<p>W tym roku, w programie dwudniowego wydarzenia, trwaj\u0105cego od 31 sierpnia do 1 wrze\u015bnia, znajdzie si\u0119 wiele ciekawych wydarze\u0144, w\u015br\u00f3d nich m.in.: targi pszczelarskie, wystawy \u2013 byd\u0142a mi\u0119snego, zwierz\u0105t hodowlanych i drobnego inwentarza, maszyn i narz\u0119dzi rolniczych, odnawialnych \u017ar\u00f3de\u0142 energii i mikroinstalacji oraz zabytkowych maszyn rolniczych. B\u0119d\u0105 bardzo lubiane przez zwiedzaj\u0105cych kiermasze \u2013 rolnictwa ekologicznego, kwiat\u00f3w i krzew\u00f3w ozdobnych, produkt\u00f3w rolno-spo\u017cywczych. Mieszka\u0144c\u00f3w miasta i go\u015bci ucieszy z pewno\u015bci\u0105 niezwykle popularny festiwal produkt\u00f3w tradycyjnych i lokalnych oraz prezentacja zagr\u00f3d ekologicznych.<\/p>\n\n\n\n<p>W trakcie trwania wystawy na zwiedzaj\u0105cych czeka\u0107 b\u0119d\u0105 kompetentni doradcy, nowoczesne maszyny i najnowsze technologie produkcji. Aktualne dzia\u0142ania i programy dla rolnik\u00f3w zaprezentuj\u0105 instytucje rz\u0105dowe, agencje rolnicze, lokalne grupy dzia\u0142ania oraz eksperci projektu realizowanego w ramach sieci na rzecz innowacji w rolnictwie i na obszarach wiejskich.<\/p>\n\n\n\n<p>Honorowy patronat nad wystaw\u0105 obj\u0105\u0142 Prezydent Rzeczypospolitej Polskiej \u2013 Andrzej Duda. Jak co roku w imprezie udzia\u0142 we\u017amie blisko p\u00f3\u0142 tysi\u0105ca wystawc\u00f3w. B\u0119d\u0105 obecni rolnicy ze swoimi p\u0142odami, hodowcy zwierz\u0105t, wytw\u00f3rcy maszyn rolniczych, a tak\u017ce ogrodnicy i pszczelarze. Jak zawsze wa\u017cnym akcentem cz\u0119stochowskiego \u015bwi\u0119ta plon\u00f3w b\u0119d\u0105 arty\u015bci ludowi. Nie zabraknie koncert\u00f3w, wyst\u0119p\u00f3w zespo\u0142\u00f3w folklorystycznych i wystaw rze\u017abiarskich, rozstrzygni\u0119ty zostanie tak\u017ce fina\u0142 wojew\u00f3dzki og\u00f3lnopolskiego konkursu kulinarnego dla K\u00f3\u0142 Gospody\u0144 Wiejskich \u2013 Bitwa Region\u00f3w.<\/p>\n\n\n\n<p>Krajowa Wystawa Rolnicza podobnie jak w ubieg\u0142ym roku, odbywa\u0107 si\u0119 b\u0119dzie na terenie parking\u00f3w jasnog\u00f3rskich oraz w III Alei Naj\u015bwi\u0119tszej Maryi Panny.<\/p>\n\n\n\n<p>Tradycyjnie, na Og\u00f3lnopolskie Do\u017cynki Jasnog\u00f3rskie, kt\u00f3re odb\u0119d\u0105 si\u0119 w niedziel\u0119, z wie\u0144cami i darami w postaci p\u0142od\u00f3w rolnych przyb\u0119d\u0105 rolnicy z ca\u0142ego kraju. Pocz\u0105tek nabo\u017ce\u0144stwa dzi\u0119kczynnego o godzinie 11. <\/p>\n\n\n\n<figure class=\"wp-block-image size-large\"><img decoding=\"async\" width=\"724\" height=\"1024\" data-src=\"https:\/\/gazetaregionalna.com\/wp-content\/uploads\/2024\/08\/plakat_WYSTAWA_szczegolowy-724x1024.jpg\" alt=\"\" class=\"wp-image-127959 lazyload\" data-srcset=\"https:\/\/gazetaregionalna.com\/wp-content\/uploads\/2024\/08\/plakat_WYSTAWA_szczegolowy-724x1024.jpg 724w, https:\/\/gazetaregionalna.com\/wp-content\/uploads\/2024\/08\/plakat_WYSTAWA_szczegolowy-212x300.jpg 212w, https:\/\/gazetaregionalna.com\/wp-content\/uploads\/2024\/08\/plakat_WYSTAWA_szczegolowy-768x1087.jpg 768w, https:\/\/gazetaregionalna.com\/wp-content\/uploads\/2024\/08\/plakat_WYSTAWA_szczegolowy-1085x1536.jpg 1085w, https:\/\/gazetaregionalna.com\/wp-content\/uploads\/2024\/08\/plakat_WYSTAWA_szczegolowy-1447x2048.jpg 1447w, https:\/\/gazetaregionalna.com\/wp-content\/uploads\/2024\/08\/plakat_WYSTAWA_szczegolowy-scaled.jpg 1131w\" data-sizes=\"(max-width: 724px) 100vw, 724px\" src=\"data:image\/svg+xml;base64,PHN2ZyB3aWR0aD0iMSIgaGVpZ2h0PSIxIiB4bWxucz0iaHR0cDovL3d3dy53My5vcmcvMjAwMC9zdmciPjwvc3ZnPg==\" style=\"--smush-placeholder-width: 724px; --smush-placeholder-aspect-ratio: 724\/1024;\" \/><figcaption class=\"wp-element-caption\"><sup>Krajowa Wystawa Rolnicza &#8211; program wydarzenia<\/sup><\/figcaption><\/figure>\n\n\n\n<p><\/p>\n\n\n\n<p>red., mat. <a href=\"https:\/\/www.facebook.com\/sodrwczestochowie\" target=\"_blank\" rel=\"noopener\">\u015aODR w Cz\u0119stochowie<\/a><\/p>\n\n\n\n<p>Czytaj tak\u017ce: <a href=\"https:\/\/gazetaregionalna.com\/czestochowa-10-autobusow-elektrycznych\/\">Cz\u0119stochowa zabiega o 10 nowych autobus\u00f3w elektrycznych<\/a><\/p>\n","protected":false},"excerpt":{"rendered":"<p>Krajowa Wystawa Rolnicza wraz ze wszystkimi towarzysz\u0105cymi jej imprezami na sta\u0142e wpisa\u0142a si\u0119 w scenariusz jasnog\u00f3rskich uroczysto\u015bci do\u017cynkowych, a ekspozycja po\u015bwi\u0119cona polskiemu rolnictwu odb\u0119dzie<\/p>\n","protected":false},"author":5,"featured_media":127966,"comment_status":"closed","ping_status":"open","sticky":false,"template":"","format":"standard","meta":{"_monsterinsights_skip_tracking":false,"_monsterinsights_sitenote_active":false,"_monsterinsights_sitenote_note":"","_monsterinsights_sitenote_category":0,"_uf_show_specific_survey":0,"_uf_disable_surveys":false,"footnotes":""},"categories":[2,3],"tags":[719,9166,5885],"class_list":["post-127956","post","type-post","status-publish","format-standard","has-post-thumbnail","hentry","category-wiadomosci","category-czestochowa-informacje","tag-dozynki","tag-sodr-w-czestochowie","tag-swieto-plonow"],"_links":{"self":[{"href":"https:\/\/gazetaregionalna.com\/index.php?rest_route=\/wp\/v2\/posts\/127956","targetHints":{"allow":["GET"]}}],"collection":[{"href":"https:\/\/gazetaregionalna.com\/index.php?rest_route=\/wp\/v2\/posts"}],"about":[{"href":"https:\/\/gazetaregionalna.com\/index.php?rest_route=\/wp\/v2\/types\/post"}],"author":[{"embeddable":true,"href":"https:\/\/gazetaregionalna.com\/index.php?rest_route=\/wp\/v2\/users\/5"}],"replies":[{"embeddable":true,"href":"https:\/\/gazetaregionalna.com\/index.php?rest_route=%2Fwp%2Fv2%2Fcomments&post=127956"}],"version-history":[{"count":2,"href":"https:\/\/gazetaregionalna.com\/index.php?rest_route=\/wp\/v2\/posts\/127956\/revisions"}],"predecessor-version":[{"id":127960,"href":"https:\/\/gazetaregionalna.com\/index.php?rest_route=\/wp\/v2\/posts\/127956\/revisions\/127960"}],"wp:featuredmedia":[{"embeddable":true,"href":"https:\/\/gazetaregionalna.com\/index.php?rest_route=\/wp\/v2\/media\/127966"}],"wp:attachment":[{"href":"https:\/\/gazetaregionalna.com\/index.php?rest_route=%2Fwp%2Fv2%2Fmedia&parent=127956"}],"wp:term":[{"taxonomy":"category","embeddable":true,"href":"https:\/\/gazetaregionalna.com\/index.php?rest_route=%2Fwp%2Fv2%2Fcategories&post=127956"},{"taxonomy":"post_tag","embeddable":true,"href":"https:\/\/gazetaregionalna.com\/index.php?rest_route=%2Fwp%2Fv2%2Ftags&post=127956"}],"curies":[{"name":"wp","href":"https:\/\/api.w.org\/{rel}","templated":true}]}}