{"id":127941,"date":"2024-08-25T20:57:07","date_gmt":"2024-08-25T20:57:07","guid":{"rendered":"https:\/\/gazetaregionalna.com\/?p=127941"},"modified":"2024-08-25T20:57:08","modified_gmt":"2024-08-25T20:57:08","slug":"czestochowa-10-autobusow-elektrycznych","status":"publish","type":"post","link":"https:\/\/gazetaregionalna.com\/?p=127941","title":{"rendered":"Cz\u0119stochowa zabiega o 10 nowych autobus\u00f3w elektrycznych"},"content":{"rendered":"\n<h2 class=\"wp-block-heading\">Miasto Cz\u0119stochowa aplikuje o dofinansowanie do zakupu dziesi\u0119ciu kolejnych autobus\u00f3w elektrycznych wraz ze stacjami \u0142adowania dla MPK. Og\u0142osi\u0142o ju\u017c przetarg na ich dostaw\u0119. B\u0119dzie on rozstrzygany pod warunkiem uzyskania \u015brodk\u00f3w. \u00a0<\/h2>\n\n\n\n<p>Cz\u0119stochowa wnioskuje o fundusze z Narodowego Funduszu Ochrony \u015arodowiska i Gospodarki Wodnej w ramach programu priorytetowego \u201eZeroemisyjny transport &#8211; zielony transport publiczny\u201d.<\/p>\n\n\n\n<p>Urz\u0105d Miasta og\u0142osi\u0142 ju\u017c przetarg na dostaw\u0119 autobus\u00f3w,  po to by dotrzyma\u0107 termin\u00f3w wskazanych w z\u0142o\u017conym projekcie. Jednak r\u00f3wnolegle na rozstrzygni\u0119cie konkursu przez NFO\u015aiGW, bo je\u017celi cz\u0119stochowski projekt nie zostanie zakwalifikowany przetarg zostanie uniewa\u017cniony. <\/p>\n\n\n\n<figure class=\"wp-block-image size-large\"><img decoding=\"async\" width=\"1024\" height=\"682\" data-src=\"https:\/\/gazetaregionalna.com\/wp-content\/uploads\/2024\/08\/69905-1024x682.jpg\" alt=\"\" class=\"wp-image-127944 lazyload\" data-srcset=\"https:\/\/gazetaregionalna.com\/wp-content\/uploads\/2024\/08\/69905-1024x682.jpg 1024w, https:\/\/gazetaregionalna.com\/wp-content\/uploads\/2024\/08\/69905-300x200.jpg 300w, https:\/\/gazetaregionalna.com\/wp-content\/uploads\/2024\/08\/69905-768x512.jpg 768w, https:\/\/gazetaregionalna.com\/wp-content\/uploads\/2024\/08\/69905-1536x1024.jpg 1536w, https:\/\/gazetaregionalna.com\/wp-content\/uploads\/2024\/08\/69905-2048x1365.jpg 2048w, https:\/\/gazetaregionalna.com\/wp-content\/uploads\/2024\/08\/69905-scaled.jpg 1600w\" data-sizes=\"(max-width: 1024px) 100vw, 1024px\" src=\"data:image\/svg+xml;base64,PHN2ZyB3aWR0aD0iMSIgaGVpZ2h0PSIxIiB4bWxucz0iaHR0cDovL3d3dy53My5vcmcvMjAwMC9zdmciPjwvc3ZnPg==\" style=\"--smush-placeholder-width: 1024px; --smush-placeholder-aspect-ratio: 1024\/682;\" \/><figcaption class=\"wp-element-caption\">fot. UM Cz\u0119stochowy<\/figcaption><\/figure>\n\n\n\n<p>Projekt zak\u0142ada ok. 78 proc. dofinansowania do zakupu autobus\u00f3w wraz z \u0142adowarkami. S\u0105 to przymiarki przed poznaniem ewentualnych ofert przetargowych.<\/p>\n\n\n\n<p>Przedmiotem zam\u00f3wienia jest dostawa dziesi\u0119ciu fabrycznie nowych, kompletnych, niskopod\u0142ogowych, elektrycznych autobus\u00f3w miejskich klasy MEGA (EV \u2013 Electric Vehicle) wraz z wyposa\u017ceniem elektronicznym i niezb\u0119dnymi licencjami, a tak\u017ce dziesi\u0119ciu stacjonarnych \u0142adowarek o mocy min. 150 kW ka\u017cda. Przetarg obejmuje te\u017c przeprowadzenie szkole\u0144, dostarczenie dokumentacji, niezb\u0119dnych narz\u0119dzi i urz\u0105dzenia diagnostycznego oraz udzielenie wewn\u0119trznej autoryzacji serwisowania i obs\u0142ugi autobus\u00f3w ich operatorowi, czyli cz\u0119stochowskiemu MPK.<\/p>\n\n\n\n<figure class=\"wp-block-image size-large\"><img decoding=\"async\" width=\"1024\" height=\"682\" data-src=\"https:\/\/gazetaregionalna.com\/wp-content\/uploads\/2024\/08\/69899-1024x682.jpg\" alt=\"\" class=\"wp-image-127945 lazyload\" data-srcset=\"https:\/\/gazetaregionalna.com\/wp-content\/uploads\/2024\/08\/69899-1024x682.jpg 1024w, https:\/\/gazetaregionalna.com\/wp-content\/uploads\/2024\/08\/69899-300x200.jpg 300w, https:\/\/gazetaregionalna.com\/wp-content\/uploads\/2024\/08\/69899-768x512.jpg 768w, https:\/\/gazetaregionalna.com\/wp-content\/uploads\/2024\/08\/69899-1536x1024.jpg 1536w, https:\/\/gazetaregionalna.com\/wp-content\/uploads\/2024\/08\/69899-2048x1365.jpg 2048w, https:\/\/gazetaregionalna.com\/wp-content\/uploads\/2024\/08\/69899-scaled.jpg 1600w\" data-sizes=\"(max-width: 1024px) 100vw, 1024px\" src=\"data:image\/svg+xml;base64,PHN2ZyB3aWR0aD0iMSIgaGVpZ2h0PSIxIiB4bWxucz0iaHR0cDovL3d3dy53My5vcmcvMjAwMC9zdmciPjwvc3ZnPg==\" style=\"--smush-placeholder-width: 1024px; --smush-placeholder-aspect-ratio: 1024\/682;\" \/><figcaption class=\"wp-element-caption\">fot. UM Cz\u0119stochowy<\/figcaption><\/figure>\n\n\n\n<p>Autobusy maj\u0105 by\u0107 \u201eprzegubowcami\u201d klasy MEGA, d\u0142ugo\u015bci od 17,5 do 18,5 m, z minimum 105 miejscami dla pasa\u017cer\u00f3w (w tym co najmniej 34 siedz\u0105cymi, z uwzgl\u0119dnieniem 12 miejsc dost\u0119pnych z poziomu niskiej pod\u0142ogi, w tym czterech siedzisk dla os\u00f3b o obni\u017conej sprawno\u015bci ruchowej). Silniki powinny by\u0107 mocy nie mniejszej ni\u017c 230 kW. Pojazdy maj\u0105 mie\u0107 mo\u017cliwo\u015b\u0107 odzysku energii elektrycznej podczas hamowania autobusu dla potrzeb \u0142adowania magazynu energii oraz funkcj\u0119 ograniczenia pr\u0119dko\u015bci do 70 km\/h.<\/p>\n\n\n\n<p>Dodajmy, \u017ce w ubieg\u0142ym roku MPK wzbogaci\u0142o si\u0119 o cztery nowe \u201eelektryki\u201d (zakupione z dofinansowaniem ze \u015brodk\u00f3w unijnych). W ca\u0142ej autobusowej flocie Miejskiego Przedsi\u0119biorstwa Komunikacyjnego w Cz\u0119stochowie je\u017adzi ju\u017c blisko p\u00f3\u0142 setki pojazd\u00f3w z nap\u0119dem innym ni\u017c spalinowy (tj. elektrycznym, hybrydowym i z nap\u0119dem na spr\u0119\u017cony gaz ziemny CNG).<\/p>\n\n\n\n<p><strong>red., mat. UM Cz\u0119stochowy<\/strong><\/p>\n","protected":false},"excerpt":{"rendered":"<p>Miasto Cz\u0119stochowa aplikuje o dofinansowanie do zakupu dziesi\u0119ciu kolejnych autobus\u00f3w elektrycznych wraz ze stacjami \u0142adowania dla MPK. Og\u0142osi\u0142o ju\u017c przetarg na ich dostaw\u0119. B\u0119dzie<\/p>\n","protected":false},"author":11,"featured_media":127943,"comment_status":"closed","ping_status":"open","sticky":false,"template":"","format":"standard","meta":{"_monsterinsights_skip_tracking":false,"_monsterinsights_sitenote_active":false,"_monsterinsights_sitenote_note":"","_monsterinsights_sitenote_category":0,"_uf_show_specific_survey":0,"_uf_disable_surveys":false,"footnotes":""},"categories":[2,3,8526],"tags":[5339,144,3901],"class_list":["post-127941","post","type-post","status-publish","format-standard","has-post-thumbnail","hentry","category-wiadomosci","category-czestochowa-informacje","category-komunikacja","tag-autobusy","tag-czestochowa","tag-przetarg"],"_links":{"self":[{"href":"https:\/\/gazetaregionalna.com\/index.php?rest_route=\/wp\/v2\/posts\/127941","targetHints":{"allow":["GET"]}}],"collection":[{"href":"https:\/\/gazetaregionalna.com\/index.php?rest_route=\/wp\/v2\/posts"}],"about":[{"href":"https:\/\/gazetaregionalna.com\/index.php?rest_route=\/wp\/v2\/types\/post"}],"author":[{"embeddable":true,"href":"https:\/\/gazetaregionalna.com\/index.php?rest_route=\/wp\/v2\/users\/11"}],"replies":[{"embeddable":true,"href":"https:\/\/gazetaregionalna.com\/index.php?rest_route=%2Fwp%2Fv2%2Fcomments&post=127941"}],"version-history":[{"count":2,"href":"https:\/\/gazetaregionalna.com\/index.php?rest_route=\/wp\/v2\/posts\/127941\/revisions"}],"predecessor-version":[{"id":127946,"href":"https:\/\/gazetaregionalna.com\/index.php?rest_route=\/wp\/v2\/posts\/127941\/revisions\/127946"}],"wp:featuredmedia":[{"embeddable":true,"href":"https:\/\/gazetaregionalna.com\/index.php?rest_route=\/wp\/v2\/media\/127943"}],"wp:attachment":[{"href":"https:\/\/gazetaregionalna.com\/index.php?rest_route=%2Fwp%2Fv2%2Fmedia&parent=127941"}],"wp:term":[{"taxonomy":"category","embeddable":true,"href":"https:\/\/gazetaregionalna.com\/index.php?rest_route=%2Fwp%2Fv2%2Fcategories&post=127941"},{"taxonomy":"post_tag","embeddable":true,"href":"https:\/\/gazetaregionalna.com\/index.php?rest_route=%2Fwp%2Fv2%2Ftags&post=127941"}],"curies":[{"name":"wp","href":"https:\/\/api.w.org\/{rel}","templated":true}]}}