{"id":12773,"date":"2020-05-27T10:36:48","date_gmt":"2020-05-27T10:36:48","guid":{"rendered":"https:\/\/gazetaregionalna.com\/?p=12773"},"modified":"2020-05-27T10:36:51","modified_gmt":"2020-05-27T10:36:51","slug":"w-lublincu-pisza-pamietnik-z-czasow-pandemii","status":"publish","type":"post","link":"https:\/\/gazetaregionalna.com\/?p=12773","title":{"rendered":"W Lubli\u0144cu pisz\u0105 pami\u0119tnik z czas\u00f3w pandemii"},"content":{"rendered":"\n<p>Pandemia wp\u0142yn\u0119\u0142a na codzienno\u015b\u0107\u0301 ka\u017cdego z nas. Wiemy, \u017ce stajemy w obliczu bardzo wyj\u0105tkowego czasu, kt\u00f3ry pr\u0119dzej czy po\u0301z\u0301niej minie. Dla nas, wsp\u00f3\u0142czesnych, a tak\u017ce dla przysz\u0142ych pokole\u0144 Miejski Dom Kultury tworzy \u201eLubliniecki pami\u0119tnik z czas\u00f3w pandemii\u201d. Do w\u0142\u0105czenia si\u0119 w projekt zaproszeni s\u0105 wszyscy mieszka\u0144cy miasta.<\/p>\n\n\n\n<p><br> Za po\u015brednictwem specjalnego formularza na stronie internetowej MDK-u zbierane s\u0105 zapiski, opowie\u015bci z dni pandemii i izolacji spo\u0142ecznej. Jak informuje MDK, to nie musz\u0105 by\u0107 d\u0142ugie opowiadania, wystarczy kilka s\u0142\u00f3w opisuj\u0105cych, jak pojawienie si\u0119 wirusa i izolacja spo\u0142eczna, wp\u0142yn\u0119\u0142y na \u017cycie ka\u017cdego z nas.<\/p>\n\n\n\n<p><br> Zamkni\u0119te szko\u0142y i przedszkola, ko\u015bcio\u0142y, sklepy, kina i teatry, wstrzymanie pracy w niekt\u00f3rych zak\u0142adach, rozpocz\u0119cie pracy zdalnej, wszechobecna konieczno\u015b\u0107 dezynfekcji, a w ko\u0144cu te\u017c organizowanie pomocy dla starszych, dla szpitali itd. &#8211; to mo\u017ce by\u0107 temat zapisk\u00f3w, na kt\u00f3re liczy MDK. <\/p>\n\n\n\n<p><br> \u2014 <em>Zbierzmy teraz te lublinieckie do\u015bwiadczenia<\/em> \u2014 apeluj\u0105 pracowniki lublinieckiej kultury. \u2014 <em>Dla siebie i dla przysz\u0142ych pokole\u0144.<\/em><br> Na historie, kr\u00f3tkie zdania, opowie\u015bci Miejski Dom Kultury w Lubli\u0144cu czeka do 14 czerwca.<\/p>\n\n\n\n<p><br> Link do formularza znajduje si\u0119 na stronie www.mdk.lubliniec.pl. Osoby, kt\u00f3re chcia\u0142yby przekaza\u0107 swoje zapiski w formie papierowej \u2013 proszone s\u0105 o kontakt telefoniczny lub mailowy (kontakt@mdk.lubliniec.pl).<\/p>\n","protected":false},"excerpt":{"rendered":"<p>Pandemia wp\u0142yn\u0119\u0142a na codzienno\u015b\u0107\u0301 ka\u017cdego z nas. Wiemy, \u017ce stajemy w obliczu bardzo wyj\u0105tkowego czasu, kt\u00f3ry pr\u0119dzej czy po\u0301z\u0301niej minie. Dla nas, wsp\u00f3\u0142czesnych, a<\/p>\n","protected":false},"author":7,"featured_media":12775,"comment_status":"open","ping_status":"open","sticky":false,"template":"","format":"standard","meta":{"_monsterinsights_skip_tracking":false,"_monsterinsights_sitenote_active":false,"_monsterinsights_sitenote_note":"","_monsterinsights_sitenote_category":0,"_uf_show_specific_survey":0,"_uf_disable_surveys":false,"footnotes":""},"categories":[94,25,2],"tags":[],"class_list":["post-12773","post","type-post","status-publish","format-standard","has-post-thumbnail","hentry","category-polecane","category-lubliniec","category-wiadomosci"],"_links":{"self":[{"href":"https:\/\/gazetaregionalna.com\/index.php?rest_route=\/wp\/v2\/posts\/12773","targetHints":{"allow":["GET"]}}],"collection":[{"href":"https:\/\/gazetaregionalna.com\/index.php?rest_route=\/wp\/v2\/posts"}],"about":[{"href":"https:\/\/gazetaregionalna.com\/index.php?rest_route=\/wp\/v2\/types\/post"}],"author":[{"embeddable":true,"href":"https:\/\/gazetaregionalna.com\/index.php?rest_route=\/wp\/v2\/users\/7"}],"replies":[{"embeddable":true,"href":"https:\/\/gazetaregionalna.com\/index.php?rest_route=%2Fwp%2Fv2%2Fcomments&post=12773"}],"version-history":[{"count":2,"href":"https:\/\/gazetaregionalna.com\/index.php?rest_route=\/wp\/v2\/posts\/12773\/revisions"}],"predecessor-version":[{"id":12909,"href":"https:\/\/gazetaregionalna.com\/index.php?rest_route=\/wp\/v2\/posts\/12773\/revisions\/12909"}],"wp:featuredmedia":[{"embeddable":true,"href":"https:\/\/gazetaregionalna.com\/index.php?rest_route=\/wp\/v2\/media\/12775"}],"wp:attachment":[{"href":"https:\/\/gazetaregionalna.com\/index.php?rest_route=%2Fwp%2Fv2%2Fmedia&parent=12773"}],"wp:term":[{"taxonomy":"category","embeddable":true,"href":"https:\/\/gazetaregionalna.com\/index.php?rest_route=%2Fwp%2Fv2%2Fcategories&post=12773"},{"taxonomy":"post_tag","embeddable":true,"href":"https:\/\/gazetaregionalna.com\/index.php?rest_route=%2Fwp%2Fv2%2Ftags&post=12773"}],"curies":[{"name":"wp","href":"https:\/\/api.w.org\/{rel}","templated":true}]}}