{"id":12766,"date":"2020-05-27T10:22:00","date_gmt":"2020-05-27T10:22:00","guid":{"rendered":"https:\/\/gazetaregionalna.com\/?p=12766"},"modified":"2020-05-27T10:22:04","modified_gmt":"2020-05-27T10:22:04","slug":"rzad-znosi-czesc-ograniczen-od-soboty-bez-maseczki-na-ulicy","status":"publish","type":"post","link":"https:\/\/gazetaregionalna.com\/?p=12766","title":{"rendered":"Rz\u0105d znosi cze\u015b\u0107 ogranicze\u0144. Od soboty bez maseczki na ulicy"},"content":{"rendered":"\n<p>Od soboty nie b\u0119dziemy musieli zas\u0142ania\u0107 nosa i ust w przestrzeni otwartej. Nadal b\u0119dziemy jednak musieli przestrzega\u0107 bezpiecznego dystansu dw\u00f3ch metr\u00f3w. Podniesiono dopuszczaln\u0105 liczb\u0119 uczestnicz\u0105cych w zgromadzeniu na zewn\u0105trz do 150. Rz\u0105d umo\u017cliwia tak\u017ce organizacj\u0119 wesel do 150 os\u00f3b. Od 30 maja r\u00f3wnie\u017c zostanie zniesiony limit os\u00f3b w miejscach kultu religijnego, w sklepie, na targu i poczcie.<\/p>\n\n\n\n<figure class=\"wp-block-image size-large\"><img decoding=\"async\" data-src=\"https:\/\/gazetaregionalna.com\/wp-content\/uploads\/2020\/05\/EZBA226XkAAvSY7-1.jpg\" alt=\"\" class=\"wp-image-12767 lazyload\" src=\"data:image\/svg+xml;base64,PHN2ZyB3aWR0aD0iMSIgaGVpZ2h0PSIxIiB4bWxucz0iaHR0cDovL3d3dy53My5vcmcvMjAwMC9zdmciPjwvc3ZnPg==\"><\/figure>\n\n\n\n<p><br> Od 30 maja restauracje i bary hotelowe mog\u0105 by\u0107 otwarte i serwowa\u0107 na sali posi\u0142ki go\u015bciom. Od 6 czerwca natomiast w hotelach mog\u0105 zacz\u0105\u0107 dzia\u0142a\u0107 baseny, si\u0142ownie, kluby fitness. W\u0142a\u015bciciele hoteli musz\u0105 jednak zachowywa\u0107 okre\u015blone zasady sanitarne.<\/p>\n\n\n\n<figure class=\"wp-block-image size-large\"><img decoding=\"async\" data-src=\"https:\/\/gazetaregionalna.com\/wp-content\/uploads\/2020\/05\/EZBBoS4WsAg06DY.jpg\" alt=\"\" class=\"wp-image-12768 lazyload\" src=\"data:image\/svg+xml;base64,PHN2ZyB3aWR0aD0iMSIgaGVpZ2h0PSIxIiB4bWxucz0iaHR0cDovL3d3dy53My5vcmcvMjAwMC9zdmciPjwvc3ZnPg==\"><\/figure>\n\n\n\n<p><br> Od 6 czerwca czynne b\u0119d\u0105 tak\u017ce: si\u0142ownie, sale zabaw, baseny, parki rozrywki oraz kluby fitness, a tak\u017ce sauny, solaria, salony masa\u017cu i tatua\u017cu. Tak\u017ce od pierwszej soboty czerwca otwierane b\u0119d\u0105 kina, teatry i inne instytucje kultury dot\u0105d zamkni\u0119te. W kinach czy teatrach b\u0119dziemy musieli zachowa\u0107 bezpieczny dystans, a wi\u0119c zaj\u0119ta mo\u017ce by\u0107 po\u0142owa miejsc na widowni. Poza tym film czy spektakl powinni\u015bmy ogl\u0105da\u0107 z zas\u0142oni\u0119tymi ustami i nosami.<\/p>\n\n\n\n<figure class=\"wp-block-image size-large\"><img decoding=\"async\" data-src=\"https:\/\/gazetaregionalna.com\/wp-content\/uploads\/2020\/05\/EZBAEAnXgAAm6gH.jpg\" alt=\"\" class=\"wp-image-12770 lazyload\" src=\"data:image\/svg+xml;base64,PHN2ZyB3aWR0aD0iMSIgaGVpZ2h0PSIxIiB4bWxucz0iaHR0cDovL3d3dy53My5vcmcvMjAwMC9zdmciPjwvc3ZnPg==\"><\/figure>\n\n\n\n<p><br> Jak informuje Kancelaria Premiera RP, maseczki b\u0119d\u0105 jednak konieczne w niekt\u00f3rych przestrzeniach zamkni\u0119tych, m.in. w sklepach, ko\u015bcio\u0142ach, autobusach czy tramwajach.<br> Og\u0142aszaj\u0105c zniesienie cz\u0119\u015bci ogranicze\u0144, rz\u0105d apeluje o dalsze zachowanie ostro\u017cno\u015bci w kontaktach z innymi.<\/p>\n\n\n\n<figure class=\"wp-block-image size-large\"><img decoding=\"async\" data-src=\"https:\/\/gazetaregionalna.com\/wp-content\/uploads\/2020\/05\/EZBBoS4WsAg06DY-1.jpg\" alt=\"\" class=\"wp-image-12771 lazyload\" src=\"data:image\/svg+xml;base64,PHN2ZyB3aWR0aD0iMSIgaGVpZ2h0PSIxIiB4bWxucz0iaHR0cDovL3d3dy53My5vcmcvMjAwMC9zdmciPjwvc3ZnPg==\"><\/figure>\n","protected":false},"excerpt":{"rendered":"<p>Od soboty nie b\u0119dziemy musieli zas\u0142ania\u0107 nosa i ust w przestrzeni otwartej. Nadal b\u0119dziemy jednak musieli przestrzega\u0107 bezpiecznego dystansu dw\u00f3ch metr\u00f3w. Podniesiono dopuszczaln\u0105 liczb\u0119<\/p>\n","protected":false},"author":7,"featured_media":11719,"comment_status":"open","ping_status":"open","sticky":false,"template":"","format":"standard","meta":{"_monsterinsights_skip_tracking":false,"_monsterinsights_sitenote_active":false,"_monsterinsights_sitenote_note":"","_monsterinsights_sitenote_category":0,"_uf_show_specific_survey":0,"_uf_disable_surveys":false,"footnotes":""},"categories":[94,2],"tags":[],"class_list":["post-12766","post","type-post","status-publish","format-standard","has-post-thumbnail","hentry","category-polecane","category-wiadomosci"],"_links":{"self":[{"href":"https:\/\/gazetaregionalna.com\/index.php?rest_route=\/wp\/v2\/posts\/12766","targetHints":{"allow":["GET"]}}],"collection":[{"href":"https:\/\/gazetaregionalna.com\/index.php?rest_route=\/wp\/v2\/posts"}],"about":[{"href":"https:\/\/gazetaregionalna.com\/index.php?rest_route=\/wp\/v2\/types\/post"}],"author":[{"embeddable":true,"href":"https:\/\/gazetaregionalna.com\/index.php?rest_route=\/wp\/v2\/users\/7"}],"replies":[{"embeddable":true,"href":"https:\/\/gazetaregionalna.com\/index.php?rest_route=%2Fwp%2Fv2%2Fcomments&post=12766"}],"version-history":[{"count":2,"href":"https:\/\/gazetaregionalna.com\/index.php?rest_route=\/wp\/v2\/posts\/12766\/revisions"}],"predecessor-version":[{"id":12772,"href":"https:\/\/gazetaregionalna.com\/index.php?rest_route=\/wp\/v2\/posts\/12766\/revisions\/12772"}],"wp:featuredmedia":[{"embeddable":true,"href":"https:\/\/gazetaregionalna.com\/index.php?rest_route=\/wp\/v2\/media\/11719"}],"wp:attachment":[{"href":"https:\/\/gazetaregionalna.com\/index.php?rest_route=%2Fwp%2Fv2%2Fmedia&parent=12766"}],"wp:term":[{"taxonomy":"category","embeddable":true,"href":"https:\/\/gazetaregionalna.com\/index.php?rest_route=%2Fwp%2Fv2%2Fcategories&post=12766"},{"taxonomy":"post_tag","embeddable":true,"href":"https:\/\/gazetaregionalna.com\/index.php?rest_route=%2Fwp%2Fv2%2Ftags&post=12766"}],"curies":[{"name":"wp","href":"https:\/\/api.w.org\/{rel}","templated":true}]}}