{"id":127357,"date":"2024-08-06T14:40:04","date_gmt":"2024-08-06T14:40:04","guid":{"rendered":"https:\/\/gazetaregionalna.com\/?p=127357"},"modified":"2024-08-06T14:40:06","modified_gmt":"2024-08-06T14:40:06","slug":"tablica-im-mariana-federaka-wisi-juz-na-scianie-budynku-przy-limanowskiego-83","status":"publish","type":"post","link":"https:\/\/gazetaregionalna.com\/?p=127357","title":{"rendered":"Tablica im. Mariana Federaka wisi ju\u017c na \u015bcianie budynku przy Limanowskiego 83"},"content":{"rendered":"\n<p>Tak jak zapowiadali\u015bmy 1 sierpnia na naszych \u0142amach, na budynku klubowym przy Limanowskiego 83 ods\u0142oni\u0119to tablic\u0119 im. Mariana Federaka, kt\u00f3ry by\u0142 wsp\u00f3\u0142za\u0142o\u017cycielem Racovii czyli dzisiejszego Rakowa.<\/p>\n\n\n\n<p>Poni\u017cej publikujemy komunikat Urz\u0119du Miasta Cz\u0119stochowy na temat ods\u0142oni\u0119cia tablicy, kt\u00f3re mia\u0142o miejsce 2 sierpnia.<\/p>\n\n\n\n<p>&#8222;Marian Federak ma swoj\u0105 pami\u0105tkow\u0105 tablic\u0119 na budynku klubowym przy ul. Limanowskiego 83. Zapewne tylko osobom spoza Cz\u0119stochowy trzeba wyja\u015bnia\u0107, \u017ce za\u0142o\u017cona przez niego ,,Racovia\u201d to dzisiejszy RKS Rak\u00f3w.<\/p>\n\n\n\n<p>Tablica po\u015bwi\u0119cona Marianowi Federakowi ods\u0142oni\u0119ta zosta\u0142a 2 sierpnia. W uroczysto\u015bci wzi\u0105\u0142 udzia\u0142 syn upami\u0119tnionego \u2013&nbsp; Janusz Federak, a tak\u017ce dyrektor katowickiego IPN Andrzej Sznajder, zast\u0119pca prezydenta Cz\u0119stochowy Ryszard Stefaniak oraz wiceprezes Rakowa Dawid Krz\u0119towski. Obecna by\u0142a r\u00f3wnie\u017c m.in. wnuczka Mariana Federaka \u2013 Aneta, kt\u00f3ra w imieniu ca\u0142ej rodziny dzi\u0119kowa\u0142a za jego upami\u0119tnienie. Stawili si\u0119 przedstawicielki i przedstawiciele r\u00f3\u017cnych \u015brodowisk \u2013 kombatanci, harcerze, sportowcy, mieszkanki i mieszka\u0144cy Rakowa, przyjaciele klubu.&nbsp;&nbsp; &nbsp;<\/p>\n\n\n\n<p>Dat\u0119 ods\u0142oni\u0119cia tego miejsca pami\u0119ci wybrano nieprzypadkowo \u2013 2 sierpnia to rocznica pierwszego transportu do niemieckiego obozu koncentracyjnego Gross-Rosen, w kt\u00f3rym Marian Federak zosta\u0142 zamordowany. KL Gross-Rosen powsta\u0142 jako filia KL Sachsenhausen w sierpniu 1940 roku. Jego wi\u0119\u017aniowie zmuszeni byli do pracy przy wydobywaniu granitu w miejscowym kamienio\u0142omie. &nbsp;<\/p>\n\n\n\n<p>Posta\u0107 Mariana Federaka przypomnia\u0142 dyrektor katowickiego oddzia\u0142u Instytutu Pami\u0119ci Narodowej. M\u00f3wi\u0142 o wsp\u00f3\u0142tw\u00f3rcy ,,Racovii\u201d m.in. jak o reprezentancie pokolenia, kt\u00f3re po odzyskaniu przez Polsk\u0119 wolno\u015bci swoj\u0105 w\u0142asn\u0105 dzia\u0142alno\u015bci\u0105 wskazywa\u0142o, jak nale\u017cy j\u0105 zagospodarowywa\u0107. Marian Federak nie tylko wiedzia\u0142, jak dla dobra publicznego korzysta\u0107 z wywalczonej niepodleg\u0142o\u015bci, ale tak\u017ce, \u017ce nie wolno jej znowu straci\u0107 \u2013 st\u0105d jego tragicznie zako\u0144czone w Gross-Rosen zaanga\u017cowanie w dzia\u0142alno\u015b\u0107 konspiracyjn\u0105. Z kolei zast\u0119pca prezydenta Ryszard Stefaniak okre\u015bli\u0142 Mariana Federaka jako cz\u0142owieka, kt\u00f3ry \u201eurodzi\u0142 si\u0119, \u017cy\u0142 i umar\u0142 dla Polski\u201d oraz wyrazi\u0142 satysfakcj\u0119, \u017ce kolejna posta\u0107 zas\u0142u\u017cona dla Miasta i Ojczyzny, mog\u0105ca s\u0142u\u017cy\u0107 za wz\u00f3r, zosta\u0142a upami\u0119tniona.<\/p>\n\n\n\n<p>Tablic\u0119 ufundowa\u0142o Oddzia\u0142owe Biuro Upami\u0119tniania Walk i M\u0119cze\u0144stwa Instytutu Pami\u0119ci Narodowej w Katowicach.<\/p>\n\n\n\n<p>Marian Federak urodzi\u0142 si\u0119 3 stycznia 1901 roku w Bli\u017cynie niedaleko Starachowic. W latach 1919-1921 s\u0142u\u017cy\u0142 w IV Warszawskim Batalionie Etapowym oraz Batalionie Celnym nr 29. Walczy\u0142 w wojnie polsko-bolszewickiej.<\/p>\n\n\n\n<p>Klub Sportowo-Footbolowy \u201eRacovia\u201d powsta\u0142 jako klub amatorski w marcu 1921 roku z inicjatywy mieszkaj\u0105cej na Rakowie m\u0142odzie\u017cy. Formalny wniosek o rejestracj\u0119 z\u0142o\u017cono 24 kwietnia 1924 roku. Jako \u017ce nie uda\u0142o si\u0119 zg\u0142osi\u0107 klubu do oficjalnych rozgrywek, w 1925 roku rozwi\u0105zano go. Nie porzucono jednak idei.<\/p>\n\n\n\n<p>Marian Federak \u2013 jeden z inicjator\u00f3w powstania ,,Racovii\u201d i jej najaktywniejszy dzia\u0142acz \u2013 by\u0142 zarazem cz\u0142onkiem Organizacji M\u0142odzie\u017cowej Towarzystwa Uniwersytet\u00f3w Robotniczych w Cz\u0119stochowie. Do OM TUR do\u0142\u0105czyli te\u017c zawodnicy tworz\u0105cy sk\u0142ad ,,Racovii\u201d. St\u0105d po reaktywacji w 1927 roku pierwotn\u0105 nazw\u0119 zmieniono na Robotniczy Klub Sportowy ,,Rak\u00f3w\u201d \u2013 Sekcja Sportowa OM TUR.&nbsp;&nbsp; &nbsp;<\/p>\n\n\n\n<p>Po napa\u015bci Niemiec hitlerowskich na Polsk\u0119 Marian Federak bra\u0142 udzia\u0142 w wojnie obronnej, a potem dzia\u0142a\u0142 w Cz\u0119stochowie w Polskiej Partii Socjalistycznej \u2013 Wolno\u015b\u0107, R\u00f3wno\u015b\u0107, Niepodleg\u0142o\u015b\u0107, czyli tajnych strukturach PPS. Za dzia\u0142alno\u015b\u0107 konspiracyjn\u0105 aresztowano go 3 listopada 1944 roku. Wys\u0142any do Gross-Rosen \u2013 dok\u0142adnie: filii tego obozu w Gassen \u2013 zosta\u0142 zamordowany 24 grudnia tego samego roku.<\/p>\n\n\n\n<p>Symboliczny gr\u00f3b Mariana Federaka znajduje si\u0119 na cmentarzu przy ul. Palmowej w Cz\u0119stochowie.&#8221;<\/p>\n\n\n\n<p>AK, informacja prasowa UMCz, fot: Grzegorz Skowronek (UMCz)<\/p>\n\n\n\n<figure class=\"wp-block-image size-large\"><img decoding=\"async\" width=\"1024\" height=\"735\" data-src=\"https:\/\/gazetaregionalna.com\/wp-content\/uploads\/2024\/08\/Grzegorz-Skowronek-Rakow-tablica-Federak-1024x735.jpg\" alt=\"\" class=\"wp-image-127358 lazyload\" data-srcset=\"https:\/\/gazetaregionalna.com\/wp-content\/uploads\/2024\/08\/Grzegorz-Skowronek-Rakow-tablica-Federak-1024x735.jpg 1024w, https:\/\/gazetaregionalna.com\/wp-content\/uploads\/2024\/08\/Grzegorz-Skowronek-Rakow-tablica-Federak-300x215.jpg 300w, https:\/\/gazetaregionalna.com\/wp-content\/uploads\/2024\/08\/Grzegorz-Skowronek-Rakow-tablica-Federak-768x551.jpg 768w, https:\/\/gazetaregionalna.com\/wp-content\/uploads\/2024\/08\/Grzegorz-Skowronek-Rakow-tablica-Federak-1536x1102.jpg 1536w, https:\/\/gazetaregionalna.com\/wp-content\/uploads\/2024\/08\/Grzegorz-Skowronek-Rakow-tablica-Federak-2048x1469.jpg 2048w, https:\/\/gazetaregionalna.com\/wp-content\/uploads\/2024\/08\/Grzegorz-Skowronek-Rakow-tablica-Federak-scaled.jpg 1600w\" data-sizes=\"(max-width: 1024px) 100vw, 1024px\" src=\"data:image\/svg+xml;base64,PHN2ZyB3aWR0aD0iMSIgaGVpZ2h0PSIxIiB4bWxucz0iaHR0cDovL3d3dy53My5vcmcvMjAwMC9zdmciPjwvc3ZnPg==\" style=\"--smush-placeholder-width: 1024px; --smush-placeholder-aspect-ratio: 1024\/735;\" \/><\/figure>\n\n\n\n<figure class=\"wp-block-image size-large\"><img decoding=\"async\" width=\"1024\" height=\"715\" data-src=\"https:\/\/gazetaregionalna.com\/wp-content\/uploads\/2024\/08\/Grzegorz-Skowronek-Rakow-tablica-Federak-1-1024x715.jpg\" alt=\"\" class=\"wp-image-127359 lazyload\" data-srcset=\"https:\/\/gazetaregionalna.com\/wp-content\/uploads\/2024\/08\/Grzegorz-Skowronek-Rakow-tablica-Federak-1-1024x715.jpg 1024w, https:\/\/gazetaregionalna.com\/wp-content\/uploads\/2024\/08\/Grzegorz-Skowronek-Rakow-tablica-Federak-1-300x209.jpg 300w, https:\/\/gazetaregionalna.com\/wp-content\/uploads\/2024\/08\/Grzegorz-Skowronek-Rakow-tablica-Federak-1-768x536.jpg 768w, https:\/\/gazetaregionalna.com\/wp-content\/uploads\/2024\/08\/Grzegorz-Skowronek-Rakow-tablica-Federak-1-1536x1072.jpg 1536w, https:\/\/gazetaregionalna.com\/wp-content\/uploads\/2024\/08\/Grzegorz-Skowronek-Rakow-tablica-Federak-1-2048x1430.jpg 2048w, https:\/\/gazetaregionalna.com\/wp-content\/uploads\/2024\/08\/Grzegorz-Skowronek-Rakow-tablica-Federak-1-scaled.jpg 1600w\" data-sizes=\"(max-width: 1024px) 100vw, 1024px\" src=\"data:image\/svg+xml;base64,PHN2ZyB3aWR0aD0iMSIgaGVpZ2h0PSIxIiB4bWxucz0iaHR0cDovL3d3dy53My5vcmcvMjAwMC9zdmciPjwvc3ZnPg==\" style=\"--smush-placeholder-width: 1024px; --smush-placeholder-aspect-ratio: 1024\/715;\" \/><\/figure>\n\n\n\n<figure class=\"wp-block-image size-large\"><img decoding=\"async\" width=\"1024\" height=\"715\" data-src=\"https:\/\/gazetaregionalna.com\/wp-content\/uploads\/2024\/08\/Grzegorz-Skowronek-Rakow-tablica-Federak-2-1024x715.jpg\" alt=\"\" class=\"wp-image-127360 lazyload\" data-srcset=\"https:\/\/gazetaregionalna.com\/wp-content\/uploads\/2024\/08\/Grzegorz-Skowronek-Rakow-tablica-Federak-2-1024x715.jpg 1024w, https:\/\/gazetaregionalna.com\/wp-content\/uploads\/2024\/08\/Grzegorz-Skowronek-Rakow-tablica-Federak-2-300x209.jpg 300w, https:\/\/gazetaregionalna.com\/wp-content\/uploads\/2024\/08\/Grzegorz-Skowronek-Rakow-tablica-Federak-2-768x536.jpg 768w, https:\/\/gazetaregionalna.com\/wp-content\/uploads\/2024\/08\/Grzegorz-Skowronek-Rakow-tablica-Federak-2-1536x1072.jpg 1536w, https:\/\/gazetaregionalna.com\/wp-content\/uploads\/2024\/08\/Grzegorz-Skowronek-Rakow-tablica-Federak-2-2048x1429.jpg 2048w, https:\/\/gazetaregionalna.com\/wp-content\/uploads\/2024\/08\/Grzegorz-Skowronek-Rakow-tablica-Federak-2-scaled.jpg 1600w\" data-sizes=\"(max-width: 1024px) 100vw, 1024px\" src=\"data:image\/svg+xml;base64,PHN2ZyB3aWR0aD0iMSIgaGVpZ2h0PSIxIiB4bWxucz0iaHR0cDovL3d3dy53My5vcmcvMjAwMC9zdmciPjwvc3ZnPg==\" style=\"--smush-placeholder-width: 1024px; --smush-placeholder-aspect-ratio: 1024\/715;\" \/><\/figure>\n","protected":false},"excerpt":{"rendered":"<p>Tak jak zapowiadali\u015bmy 1 sierpnia na naszych \u0142amach, na budynku klubowym przy Limanowskiego 83 ods\u0142oni\u0119to tablic\u0119 im. Mariana Federaka, kt\u00f3ry by\u0142 wsp\u00f3\u0142za\u0142o\u017cycielem Racovii czyli<\/p>\n","protected":false},"author":15,"featured_media":127358,"comment_status":"closed","ping_status":"open","sticky":false,"template":"","format":"standard","meta":{"_monsterinsights_skip_tracking":false,"_monsterinsights_sitenote_active":false,"_monsterinsights_sitenote_note":"","_monsterinsights_sitenote_category":0,"_uf_show_specific_survey":0,"_uf_disable_surveys":false,"footnotes":""},"categories":[94,3,6,5,2],"tags":[],"class_list":["post-127357","post","type-post","status-publish","format-standard","has-post-thumbnail","hentry","category-polecane","category-czestochowa-informacje","category-pilka-nozna","category-sport","category-wiadomosci"],"_links":{"self":[{"href":"https:\/\/gazetaregionalna.com\/index.php?rest_route=\/wp\/v2\/posts\/127357","targetHints":{"allow":["GET"]}}],"collection":[{"href":"https:\/\/gazetaregionalna.com\/index.php?rest_route=\/wp\/v2\/posts"}],"about":[{"href":"https:\/\/gazetaregionalna.com\/index.php?rest_route=\/wp\/v2\/types\/post"}],"author":[{"embeddable":true,"href":"https:\/\/gazetaregionalna.com\/index.php?rest_route=\/wp\/v2\/users\/15"}],"replies":[{"embeddable":true,"href":"https:\/\/gazetaregionalna.com\/index.php?rest_route=%2Fwp%2Fv2%2Fcomments&post=127357"}],"version-history":[{"count":1,"href":"https:\/\/gazetaregionalna.com\/index.php?rest_route=\/wp\/v2\/posts\/127357\/revisions"}],"predecessor-version":[{"id":127361,"href":"https:\/\/gazetaregionalna.com\/index.php?rest_route=\/wp\/v2\/posts\/127357\/revisions\/127361"}],"wp:featuredmedia":[{"embeddable":true,"href":"https:\/\/gazetaregionalna.com\/index.php?rest_route=\/wp\/v2\/media\/127358"}],"wp:attachment":[{"href":"https:\/\/gazetaregionalna.com\/index.php?rest_route=%2Fwp%2Fv2%2Fmedia&parent=127357"}],"wp:term":[{"taxonomy":"category","embeddable":true,"href":"https:\/\/gazetaregionalna.com\/index.php?rest_route=%2Fwp%2Fv2%2Fcategories&post=127357"},{"taxonomy":"post_tag","embeddable":true,"href":"https:\/\/gazetaregionalna.com\/index.php?rest_route=%2Fwp%2Fv2%2Ftags&post=127357"}],"curies":[{"name":"wp","href":"https:\/\/api.w.org\/{rel}","templated":true}]}}