{"id":12712,"date":"2020-05-26T07:52:08","date_gmt":"2020-05-26T07:52:08","guid":{"rendered":"https:\/\/gazetaregionalna.com\/?p=12712"},"modified":"2020-05-26T07:52:19","modified_gmt":"2020-05-26T07:52:19","slug":"biblioteka-muzyczna-teraz-w-centrum-miasta","status":"publish","type":"post","link":"https:\/\/gazetaregionalna.com\/?p=12712","title":{"rendered":"Biblioteka Muzyczna teraz w centrum miasta"},"content":{"rendered":"\n<p> Biblioteka Muzyczna, kt\u00f3ra od wielu lat dzia\u0142a\u0142a na Rakowie, przy al. Niepodleg\u0142o\u015bci zostanie przeniesiona do \u015ar\u00f3dmie\u015bcia. Tak\u0105 decyzj\u0119 podj\u0119li cz\u0119stochowscy radni. Przy al. Ko\u015bciuszki 4 powstanie &#8222;Muzoteka&#8221;.<\/p>\n\n\n\n<p><br> Zasoby Filii Muzycznej znajduj\u0105cej si\u0119 dot\u0105d przy alei Niepodleg\u0142o\u015bci 41 trafi\u0105 do nowej wypo\u017cyczalni w s\u0105siedztwie Oddzia\u0142u dla Dzieci i M\u0142odzie\u017cy oraz w pobli\u017ce Wypo\u017cyczalni G\u0142\u00f3wnej. Przeniesione tam zostan\u0105 obszerne zbiory p\u0142yt analogowych, p\u0142yt CD, a tak\u017ce nut i ksi\u0105\u017cek o tematyce muzycznej. <\/p>\n\n\n\n<p><br> Decyzja o zmianie lokalizacji &#8222;Muzoteki&#8221; jest podyktowana faktem, i\u017c w nowym miejscu biblioteka  b\u0119dzie bardziej dost\u0119pna dla czytelnik\u00f3w. B\u0119d\u0105 z niej mogli korzysta\u0107 mieszka\u0144cy wszystkich dzielnic, a nie g\u0142\u00f3wnie Rakowa, jak to by\u0142o dot\u0105d. Ponadto lokal, w kt\u00f3rym zgromadzone zosta\u0142y muzyczne zbiory ma by\u0107 bardziej dost\u0119pny. Stara siedziba mie\u015bci\u0142a si\u0119 na pi\u0119trze, na kt\u00f3re prowadzi\u0142y niezbyt wygodne schody. Nie wszyscy, w tym osoby niepe\u0142nosprawne czy starsze mog\u0142y je pokona\u0107.<\/p>\n\n\n\n<p><br> Jak zapowiada miasto, teraz warunki korzystania ze zgromadzonych przez bibliotek\u0119 muzycznych i oko\u0142omuzycznych zasob\u00f3w znacznie si\u0119 poprawi\u0105. <\/p>\n\n\n\n<p>Wypo\u017cyczalnia ulokowana zosta\u0142a na parterze, co rozwi\u0105\u017ce problem barier architektonicznych dla os\u00f3b z trudno\u015bciami w poruszaniu si\u0119. Ponadto osoby niewidome i s\u0142abowidz\u0105ce \u2013 korzystaj\u0105ce z przeznaczonych dla nich zbior\u00f3w pobliskiego Oddzia\u0142u dla Dzieci i M\u0142odzie\u017cy \u2013 zyskaj\u0105 teraz mo\u017cliwo\u015b\u0107 korzystania w tym samym miejscu r\u00f3wnie\u017c z materia\u0142\u00f3w muzycznych.<\/p>\n","protected":false},"excerpt":{"rendered":"<p>Biblioteka Muzyczna, kt\u00f3ra od wielu lat dzia\u0142a\u0142a na Rakowie, przy al. Niepodleg\u0142o\u015bci zostanie przeniesiona do \u015ar\u00f3dmie\u015bcia. Tak\u0105 decyzj\u0119 podj\u0119li cz\u0119stochowscy radni. Przy al. Ko\u015bciuszki<\/p>\n","protected":false},"author":7,"featured_media":12714,"comment_status":"open","ping_status":"open","sticky":false,"template":"","format":"standard","meta":{"_monsterinsights_skip_tracking":false,"_monsterinsights_sitenote_active":false,"_monsterinsights_sitenote_note":"","_monsterinsights_sitenote_category":0,"_uf_show_specific_survey":0,"_uf_disable_surveys":false,"footnotes":""},"categories":[12,3,41,94,2],"tags":[],"class_list":["post-12712","post","type-post","status-publish","format-standard","has-post-thumbnail","hentry","category-kultura-i-rozrywka","category-czestochowa-informacje","category-edukacja","category-polecane","category-wiadomosci"],"_links":{"self":[{"href":"https:\/\/gazetaregionalna.com\/index.php?rest_route=\/wp\/v2\/posts\/12712","targetHints":{"allow":["GET"]}}],"collection":[{"href":"https:\/\/gazetaregionalna.com\/index.php?rest_route=\/wp\/v2\/posts"}],"about":[{"href":"https:\/\/gazetaregionalna.com\/index.php?rest_route=\/wp\/v2\/types\/post"}],"author":[{"embeddable":true,"href":"https:\/\/gazetaregionalna.com\/index.php?rest_route=\/wp\/v2\/users\/7"}],"replies":[{"embeddable":true,"href":"https:\/\/gazetaregionalna.com\/index.php?rest_route=%2Fwp%2Fv2%2Fcomments&post=12712"}],"version-history":[{"count":1,"href":"https:\/\/gazetaregionalna.com\/index.php?rest_route=\/wp\/v2\/posts\/12712\/revisions"}],"predecessor-version":[{"id":12713,"href":"https:\/\/gazetaregionalna.com\/index.php?rest_route=\/wp\/v2\/posts\/12712\/revisions\/12713"}],"wp:featuredmedia":[{"embeddable":true,"href":"https:\/\/gazetaregionalna.com\/index.php?rest_route=\/wp\/v2\/media\/12714"}],"wp:attachment":[{"href":"https:\/\/gazetaregionalna.com\/index.php?rest_route=%2Fwp%2Fv2%2Fmedia&parent=12712"}],"wp:term":[{"taxonomy":"category","embeddable":true,"href":"https:\/\/gazetaregionalna.com\/index.php?rest_route=%2Fwp%2Fv2%2Fcategories&post=12712"},{"taxonomy":"post_tag","embeddable":true,"href":"https:\/\/gazetaregionalna.com\/index.php?rest_route=%2Fwp%2Fv2%2Ftags&post=12712"}],"curies":[{"name":"wp","href":"https:\/\/api.w.org\/{rel}","templated":true}]}}