{"id":127099,"date":"2024-08-01T14:24:57","date_gmt":"2024-08-01T14:24:57","guid":{"rendered":"https:\/\/gazetaregionalna.com\/?p=127099"},"modified":"2024-08-01T14:24:58","modified_gmt":"2024-08-01T14:24:58","slug":"po-dwoch-wyjazdach-skra-czestochowa-zagra-u-siebie","status":"publish","type":"post","link":"https:\/\/gazetaregionalna.com\/?p=127099","title":{"rendered":"Po dw\u00f3ch wyjazdach Skra Cz\u0119stochowa zagra u siebie"},"content":{"rendered":"\n<p>W 3. kolejce Betclic 2. ligi pi\u0142karze Skry Cz\u0119stochowa wreszcie zagraj\u0105 u siebie. Po dw\u00f3ch wyjazdowych pora\u017ckach Skra podejmuje Hutnika Krak\u00f3w, kt\u00f3ry w obecnym sezonie te\u017c jeszcze nie zdoby\u0142 punktu&#8230;<\/p>\n\n\n\n<p>Pi\u0142karze Skry pierwsze dwa mecze nowego sezonu 2024\/25 rozegrali na wyjazdach. Cz\u0119stochowianie przegrali w \u0141odzi z \u0141KS-em II 1:3 oraz przed tygodniem w Kaliszu z KKS-em 1925 0:1. Skra po 2 kolejkach jest na ostatnim, 16. miejscu i ma -7 punkt\u00f3w. Wszystko przez kar\u0119, jak\u0105 otrzyma\u0142a przed rozpocz\u0119ciem rozgrywek. Dlatego cz\u0119stochowianie musz\u0105 zacz\u0105\u0107 jak najszybciej wygrywa\u0107, aby odrabia\u0107 straty do rywali&#8230;<\/p>\n\n\n\n<p>Najbli\u017csz\u0105 okazj\u0105 b\u0119dzie sobotni mecz z Hutnikiem Krak\u00f3w (godz. 19). Krakowianie pocz\u0105tek sezonu te\u017c maj\u0105 z\u0142y. Na inauguracj\u0119 przegrali w Jastrz\u0119biu z GKS-em 0:5, a w 2. kolejce u siebie ze \u015bwitem Szczecin 0:1.<\/p>\n\n\n\n<p>Kto prze\u0142amcie si\u0119 w sobot\u0119? Kibice Skry licz\u0105, \u017ce cz\u0119stochowianie zaczn\u0105 punktowa\u0107 i odrabia\u0107 straty do rywali&#8230;<\/p>\n\n\n\n<p>MR-K, fot: AK<\/p>\n\n\n\n<p>Partnerami relacji sportowych s\u0105:<\/p>\n\n\n\n<p>DMK Invest materia\u0142y budowlane Konopiska <\/p>\n\n\n\n<p>Fonex. Alarmy i monitoringi <\/p>\n\n\n\n<figure class=\"wp-block-image size-large\"><img decoding=\"async\" width=\"1024\" height=\"589\" data-src=\"https:\/\/gazetaregionalna.com\/wp-content\/uploads\/2024\/03\/Skra-Chojniczanka-39-1024x589.jpg\" alt=\"\" class=\"wp-image-122998 lazyload\" data-srcset=\"https:\/\/gazetaregionalna.com\/wp-content\/uploads\/2024\/03\/Skra-Chojniczanka-39-1024x589.jpg 1024w, https:\/\/gazetaregionalna.com\/wp-content\/uploads\/2024\/03\/Skra-Chojniczanka-39-300x173.jpg 300w, https:\/\/gazetaregionalna.com\/wp-content\/uploads\/2024\/03\/Skra-Chojniczanka-39-768x442.jpg 768w, https:\/\/gazetaregionalna.com\/wp-content\/uploads\/2024\/03\/Skra-Chojniczanka-39-1536x884.jpg 1536w, https:\/\/gazetaregionalna.com\/wp-content\/uploads\/2024\/03\/Skra-Chojniczanka-39-2048x1179.jpg 2048w, https:\/\/gazetaregionalna.com\/wp-content\/uploads\/2024\/03\/Skra-Chojniczanka-39-scaled.jpg 1600w\" data-sizes=\"(max-width: 1024px) 100vw, 1024px\" src=\"data:image\/svg+xml;base64,PHN2ZyB3aWR0aD0iMSIgaGVpZ2h0PSIxIiB4bWxucz0iaHR0cDovL3d3dy53My5vcmcvMjAwMC9zdmciPjwvc3ZnPg==\" style=\"--smush-placeholder-width: 1024px; --smush-placeholder-aspect-ratio: 1024\/589;\" \/><\/figure>\n\n\n\n<figure class=\"wp-block-image size-large\"><img decoding=\"async\" width=\"1024\" height=\"1024\" data-src=\"https:\/\/gazetaregionalna.com\/wp-content\/uploads\/2024\/04\/FONEX-1024x1024.jpg\" alt=\"\" class=\"wp-image-123881 lazyload\" data-srcset=\"https:\/\/gazetaregionalna.com\/wp-content\/uploads\/2024\/04\/FONEX-1024x1024.jpg 1024w, https:\/\/gazetaregionalna.com\/wp-content\/uploads\/2024\/04\/FONEX-300x300.jpg 300w, https:\/\/gazetaregionalna.com\/wp-content\/uploads\/2024\/04\/FONEX-150x150.jpg 150w, https:\/\/gazetaregionalna.com\/wp-content\/uploads\/2024\/04\/FONEX-768x768.jpg 768w, https:\/\/gazetaregionalna.com\/wp-content\/uploads\/2024\/04\/FONEX-215x215.jpg 215w, https:\/\/gazetaregionalna.com\/wp-content\/uploads\/2024\/04\/FONEX.jpg 1080w\" data-sizes=\"(max-width: 1024px) 100vw, 1024px\" src=\"data:image\/svg+xml;base64,PHN2ZyB3aWR0aD0iMSIgaGVpZ2h0PSIxIiB4bWxucz0iaHR0cDovL3d3dy53My5vcmcvMjAwMC9zdmciPjwvc3ZnPg==\" style=\"--smush-placeholder-width: 1024px; --smush-placeholder-aspect-ratio: 1024\/1024;\" \/><\/figure>\n\n\n\n<figure class=\"wp-block-image size-large\"><img decoding=\"async\" width=\"1024\" height=\"1024\" data-src=\"https:\/\/gazetaregionalna.com\/wp-content\/uploads\/2024\/04\/DMK-Invest-1-1024x1024.jpg\" alt=\"\" class=\"wp-image-123882 lazyload\" data-srcset=\"https:\/\/gazetaregionalna.com\/wp-content\/uploads\/2024\/04\/DMK-Invest-1-1024x1024.jpg 1024w, https:\/\/gazetaregionalna.com\/wp-content\/uploads\/2024\/04\/DMK-Invest-1-300x300.jpg 300w, https:\/\/gazetaregionalna.com\/wp-content\/uploads\/2024\/04\/DMK-Invest-1-150x150.jpg 150w, https:\/\/gazetaregionalna.com\/wp-content\/uploads\/2024\/04\/DMK-Invest-1-768x768.jpg 768w, https:\/\/gazetaregionalna.com\/wp-content\/uploads\/2024\/04\/DMK-Invest-1-1536x1536.jpg 1536w, https:\/\/gazetaregionalna.com\/wp-content\/uploads\/2024\/04\/DMK-Invest-1-2048x2048.jpg 2048w, https:\/\/gazetaregionalna.com\/wp-content\/uploads\/2024\/04\/DMK-Invest-1-215x215.jpg 215w, https:\/\/gazetaregionalna.com\/wp-content\/uploads\/2024\/04\/DMK-Invest-1-scaled.jpg 1600w\" data-sizes=\"(max-width: 1024px) 100vw, 1024px\" src=\"data:image\/svg+xml;base64,PHN2ZyB3aWR0aD0iMSIgaGVpZ2h0PSIxIiB4bWxucz0iaHR0cDovL3d3dy53My5vcmcvMjAwMC9zdmciPjwvc3ZnPg==\" style=\"--smush-placeholder-width: 1024px; --smush-placeholder-aspect-ratio: 1024\/1024;\" \/><\/figure>\n","protected":false},"excerpt":{"rendered":"<p>W 3. kolejce Betclic 2. ligi pi\u0142karze Skry Cz\u0119stochowa wreszcie zagraj\u0105 u siebie. Po dw\u00f3ch wyjazdowych pora\u017ckach Skra podejmuje Hutnika Krak\u00f3w, kt\u00f3ry w obecnym<\/p>\n","protected":false},"author":15,"featured_media":122998,"comment_status":"closed","ping_status":"open","sticky":false,"template":"","format":"standard","meta":{"_monsterinsights_skip_tracking":false,"_monsterinsights_sitenote_active":false,"_monsterinsights_sitenote_note":"","_monsterinsights_sitenote_category":0,"_uf_show_specific_survey":0,"_uf_disable_surveys":false,"footnotes":""},"categories":[5,6],"tags":[],"class_list":["post-127099","post","type-post","status-publish","format-standard","has-post-thumbnail","hentry","category-sport","category-pilka-nozna"],"_links":{"self":[{"href":"https:\/\/gazetaregionalna.com\/index.php?rest_route=\/wp\/v2\/posts\/127099","targetHints":{"allow":["GET"]}}],"collection":[{"href":"https:\/\/gazetaregionalna.com\/index.php?rest_route=\/wp\/v2\/posts"}],"about":[{"href":"https:\/\/gazetaregionalna.com\/index.php?rest_route=\/wp\/v2\/types\/post"}],"author":[{"embeddable":true,"href":"https:\/\/gazetaregionalna.com\/index.php?rest_route=\/wp\/v2\/users\/15"}],"replies":[{"embeddable":true,"href":"https:\/\/gazetaregionalna.com\/index.php?rest_route=%2Fwp%2Fv2%2Fcomments&post=127099"}],"version-history":[{"count":1,"href":"https:\/\/gazetaregionalna.com\/index.php?rest_route=\/wp\/v2\/posts\/127099\/revisions"}],"predecessor-version":[{"id":127100,"href":"https:\/\/gazetaregionalna.com\/index.php?rest_route=\/wp\/v2\/posts\/127099\/revisions\/127100"}],"wp:featuredmedia":[{"embeddable":true,"href":"https:\/\/gazetaregionalna.com\/index.php?rest_route=\/wp\/v2\/media\/122998"}],"wp:attachment":[{"href":"https:\/\/gazetaregionalna.com\/index.php?rest_route=%2Fwp%2Fv2%2Fmedia&parent=127099"}],"wp:term":[{"taxonomy":"category","embeddable":true,"href":"https:\/\/gazetaregionalna.com\/index.php?rest_route=%2Fwp%2Fv2%2Fcategories&post=127099"},{"taxonomy":"post_tag","embeddable":true,"href":"https:\/\/gazetaregionalna.com\/index.php?rest_route=%2Fwp%2Fv2%2Ftags&post=127099"}],"curies":[{"name":"wp","href":"https:\/\/api.w.org\/{rel}","templated":true}]}}