{"id":127090,"date":"2024-08-01T14:12:07","date_gmt":"2024-08-01T14:12:07","guid":{"rendered":"https:\/\/gazetaregionalna.com\/?p=127090"},"modified":"2024-08-01T14:16:34","modified_gmt":"2024-08-01T14:16:34","slug":"zalozyciel-racovii-czyli-obecnego-rakowa-doczekal-sie-swojej-tablicy-odsloniecie-2-sierpnia-przyl83","status":"publish","type":"post","link":"https:\/\/gazetaregionalna.com\/2024\/08\/01\/zalozyciel-racovii-czyli-obecnego-rakowa-doczekal-sie-swojej-tablicy-odsloniecie-2-sierpnia-przyl83\/","title":{"rendered":"Za\u0142o\u017cyciel Racovii czyli obecnego Rakowa, doczeka\u0142 si\u0119 swojej tablicy. Ods\u0142oni\u0119cie 2 sierpnia przy\u201eL83\u201d"},"content":{"rendered":"\n<p>W pi\u0105tek, 2 sierpnia o godzinie 11 przed budynkiem klubowym przy Limanowskiego 83 odb\u0119dzie si\u0119 wyj\u0105tkowa uroczysto\u015b\u0107. Ods\u0142oni\u0119ta zostanie pami\u0105tkowa tablica upami\u0119tniaj\u0105ca jednego z za\u0142o\u017cycieli Rakowa Cz\u0119stochowa, Mariana Federaka.<\/p>\n\n\n\n<p>Marian Federak urodzi\u0142 si\u0119 3 stycznia 1901 r. w Bli\u017cynie k. Starachowic. By\u0142 synem Jana i Wandy z d. Skrzy\u0144skiej. W latach 1919-1921 odbywa\u0142 s\u0142u\u017cb\u0119 w IV Warszawskim Batalionie Etapowym oraz Batalionie Celnym nr 29 i bra\u0142 udzia\u0142 w wojnie polsko-bolszewickiej. S\u0142u\u017cb\u0119 wojskow\u0105 zako\u0144czy\u0142 w stopniu sier\u017canta WP. W 1939 r. bra\u0142 udzia\u0142 w wojnie obronnej. W czasie II wojny \u015bwiatowej dzia\u0142a\u0142 w konspiracyjnych strukturach PPS-WRN na terenie Cz\u0119stochowy. Za dzia\u0142alno\u015b\u0107 konspiracyjn\u0105 zosta\u0142 aresztowany 3 listopada 1944 r. przez Niemc\u00f3w. Ostatecznie trafi\u0142 do obozu pracy w Gassen, filii KL Gross-Rosen, gdzie zosta\u0142 zamordowany 24 grudnia 1944 r. Marian Federak by\u0142 aktywnym dzia\u0142aczem spo\u0142ecznym i jednym z za\u0142o\u017cycieli klubu sportowego \u201eRacovia&#8221;, kt\u00f3ry obecnie nosi nazw\u0119 RKS Rak\u00f3w Cz\u0119stochowa &#8211; mo\u017cna przeczyta\u0107 na stronie katowickiego oddzia\u0142u IPN.<\/p>\n\n\n\n<p>W uroczysto\u015bci ods\u0142oni\u0119cia tablicy udzia\u0142 wezm\u0105 przedstawiciele Instytutu Pami\u0119ci Narodowej w Katowicach, w\u0142adz miasta Cz\u0119stochowy i zarz\u0105du Rakowa Cz\u0119stochowa.<\/p>\n\n\n\n<p>MR-K, informacja prasowa, fot: AK<\/p>\n\n\n\n<p>Partnerami relacji sportowych s\u0105:<\/p>\n\n\n\n<p>Fonex. Alarmy i monitoringi<\/p>\n\n\n\n<p>DMK Invest materia\u0142y budowlane <\/p>\n\n\n\n<figure class=\"wp-block-image size-large\"><img decoding=\"async\" width=\"1024\" height=\"602\" data-src=\"https:\/\/gazetaregionalna.com\/wp-content\/uploads\/2024\/08\/Rakow-Kibice-1-1024x602.jpg\" alt=\"\" class=\"wp-image-127092 lazyload\" data-srcset=\"https:\/\/gazetaregionalna.com\/wp-content\/uploads\/2024\/08\/Rakow-Kibice-1-1024x602.jpg 1024w, https:\/\/gazetaregionalna.com\/wp-content\/uploads\/2024\/08\/Rakow-Kibice-1-300x176.jpg 300w, https:\/\/gazetaregionalna.com\/wp-content\/uploads\/2024\/08\/Rakow-Kibice-1-768x452.jpg 768w, https:\/\/gazetaregionalna.com\/wp-content\/uploads\/2024\/08\/Rakow-Kibice-1-1536x903.jpg 1536w, https:\/\/gazetaregionalna.com\/wp-content\/uploads\/2024\/08\/Rakow-Kibice-1-2048x1204.jpg 2048w, https:\/\/gazetaregionalna.com\/wp-content\/uploads\/2024\/08\/Rakow-Kibice-1-184x109.jpg 184w, https:\/\/gazetaregionalna.com\/wp-content\/uploads\/2024\/08\/Rakow-Kibice-1-scaled.jpg 1600w\" data-sizes=\"(max-width: 1024px) 100vw, 1024px\" src=\"data:image\/svg+xml;base64,PHN2ZyB3aWR0aD0iMSIgaGVpZ2h0PSIxIiB4bWxucz0iaHR0cDovL3d3dy53My5vcmcvMjAwMC9zdmciPjwvc3ZnPg==\" style=\"--smush-placeholder-width: 1024px; --smush-placeholder-aspect-ratio: 1024\/602;\" \/><\/figure>\n\n\n\n<figure class=\"wp-block-image size-large\"><img decoding=\"async\" width=\"1024\" height=\"1024\" data-src=\"https:\/\/gazetaregionalna.com\/wp-content\/uploads\/2024\/04\/FONEX-1024x1024.jpg\" alt=\"\" class=\"wp-image-123881 lazyload\" data-srcset=\"https:\/\/gazetaregionalna.com\/wp-content\/uploads\/2024\/04\/FONEX-1024x1024.jpg 1024w, https:\/\/gazetaregionalna.com\/wp-content\/uploads\/2024\/04\/FONEX-300x300.jpg 300w, https:\/\/gazetaregionalna.com\/wp-content\/uploads\/2024\/04\/FONEX-150x150.jpg 150w, https:\/\/gazetaregionalna.com\/wp-content\/uploads\/2024\/04\/FONEX-768x768.jpg 768w, https:\/\/gazetaregionalna.com\/wp-content\/uploads\/2024\/04\/FONEX-215x215.jpg 215w, https:\/\/gazetaregionalna.com\/wp-content\/uploads\/2024\/04\/FONEX.jpg 1080w\" data-sizes=\"(max-width: 1024px) 100vw, 1024px\" src=\"data:image\/svg+xml;base64,PHN2ZyB3aWR0aD0iMSIgaGVpZ2h0PSIxIiB4bWxucz0iaHR0cDovL3d3dy53My5vcmcvMjAwMC9zdmciPjwvc3ZnPg==\" style=\"--smush-placeholder-width: 1024px; --smush-placeholder-aspect-ratio: 1024\/1024;\" \/><\/figure>\n\n\n\n<figure class=\"wp-block-image size-large\"><img decoding=\"async\" width=\"1024\" height=\"1024\" data-src=\"https:\/\/gazetaregionalna.com\/wp-content\/uploads\/2024\/04\/DMK-Invest-1-1024x1024.jpg\" alt=\"\" class=\"wp-image-123882 lazyload\" data-srcset=\"https:\/\/gazetaregionalna.com\/wp-content\/uploads\/2024\/04\/DMK-Invest-1-1024x1024.jpg 1024w, https:\/\/gazetaregionalna.com\/wp-content\/uploads\/2024\/04\/DMK-Invest-1-300x300.jpg 300w, https:\/\/gazetaregionalna.com\/wp-content\/uploads\/2024\/04\/DMK-Invest-1-150x150.jpg 150w, https:\/\/gazetaregionalna.com\/wp-content\/uploads\/2024\/04\/DMK-Invest-1-768x768.jpg 768w, https:\/\/gazetaregionalna.com\/wp-content\/uploads\/2024\/04\/DMK-Invest-1-1536x1536.jpg 1536w, https:\/\/gazetaregionalna.com\/wp-content\/uploads\/2024\/04\/DMK-Invest-1-2048x2048.jpg 2048w, https:\/\/gazetaregionalna.com\/wp-content\/uploads\/2024\/04\/DMK-Invest-1-215x215.jpg 215w, https:\/\/gazetaregionalna.com\/wp-content\/uploads\/2024\/04\/DMK-Invest-1-scaled.jpg 1600w\" data-sizes=\"(max-width: 1024px) 100vw, 1024px\" src=\"data:image\/svg+xml;base64,PHN2ZyB3aWR0aD0iMSIgaGVpZ2h0PSIxIiB4bWxucz0iaHR0cDovL3d3dy53My5vcmcvMjAwMC9zdmciPjwvc3ZnPg==\" style=\"--smush-placeholder-width: 1024px; --smush-placeholder-aspect-ratio: 1024\/1024;\" \/><\/figure>\n","protected":false},"excerpt":{"rendered":"<p>W pi\u0105tek, 2 sierpnia o godzinie 11 przed budynkiem klubowym przy Limanowskiego 83 odb\u0119dzie si\u0119 wyj\u0105tkowa uroczysto\u015b\u0107. Ods\u0142oni\u0119ta zostanie pami\u0105tkowa tablica upami\u0119tniaj\u0105ca jednego z<\/p>\n","protected":false},"author":15,"featured_media":127092,"comment_status":"closed","ping_status":"open","sticky":false,"template":"","format":"standard","meta":{"_monsterinsights_skip_tracking":false,"_monsterinsights_sitenote_active":false,"_monsterinsights_sitenote_note":"","_monsterinsights_sitenote_category":0,"_uf_show_specific_survey":0,"_uf_disable_surveys":false,"footnotes":""},"categories":[5,6],"tags":[],"class_list":["post-127090","post","type-post","status-publish","format-standard","has-post-thumbnail","hentry","category-sport","category-pilka-nozna"],"_links":{"self":[{"href":"https:\/\/gazetaregionalna.com\/wp-json\/wp\/v2\/posts\/127090","targetHints":{"allow":["GET"]}}],"collection":[{"href":"https:\/\/gazetaregionalna.com\/wp-json\/wp\/v2\/posts"}],"about":[{"href":"https:\/\/gazetaregionalna.com\/wp-json\/wp\/v2\/types\/post"}],"author":[{"embeddable":true,"href":"https:\/\/gazetaregionalna.com\/wp-json\/wp\/v2\/users\/15"}],"replies":[{"embeddable":true,"href":"https:\/\/gazetaregionalna.com\/wp-json\/wp\/v2\/comments?post=127090"}],"version-history":[{"count":2,"href":"https:\/\/gazetaregionalna.com\/wp-json\/wp\/v2\/posts\/127090\/revisions"}],"predecessor-version":[{"id":127095,"href":"https:\/\/gazetaregionalna.com\/wp-json\/wp\/v2\/posts\/127090\/revisions\/127095"}],"wp:featuredmedia":[{"embeddable":true,"href":"https:\/\/gazetaregionalna.com\/wp-json\/wp\/v2\/media\/127092"}],"wp:attachment":[{"href":"https:\/\/gazetaregionalna.com\/wp-json\/wp\/v2\/media?parent=127090"}],"wp:term":[{"taxonomy":"category","embeddable":true,"href":"https:\/\/gazetaregionalna.com\/wp-json\/wp\/v2\/categories?post=127090"},{"taxonomy":"post_tag","embeddable":true,"href":"https:\/\/gazetaregionalna.com\/wp-json\/wp\/v2\/tags?post=127090"}],"curies":[{"name":"wp","href":"https:\/\/api.w.org\/{rel}","templated":true}]}}