{"id":12701,"date":"2020-05-25T16:45:49","date_gmt":"2020-05-25T16:45:49","guid":{"rendered":"https:\/\/gazetaregionalna.com\/?p=12701"},"modified":"2020-05-25T16:45:52","modified_gmt":"2020-05-25T16:45:52","slug":"liczba-zgonow-przekroczyla-tysiac","status":"publish","type":"post","link":"https:\/\/gazetaregionalna.com\/?p=12701","title":{"rendered":"Liczba zgon\u00f3w przekroczy\u0142a tysi\u0105c"},"content":{"rendered":"\n<p> Ministerstwo Zdrowia wyda\u0142o drugi dzisiaj komunikat w sprawie stanu epidemicznego w kraju. Jak wynika z informacji przekazanej przez resort mamy 193 nowe i potwierdzone przypadki zaka\u017cenia\u00a0koronawirusem\u00a0z wojew\u00f3dztw: \u015bl\u0105skiego (69), mazowieckiego (66), dolno\u015bl\u0105skiego (22), \u0142\u00f3dzkiego (15), \u015bwi\u0119tokrzyskiego (6), lubuskiego (4), pomorskiego (4), podlaskiego (2), lubelskiego (2), kujawsko-pomorskiego (1), podlaskiego (2), lubelskiego (2) i wielkopolskiego (1) oraz opolskiego (1).<\/p>\n\n\n\n<p><br>Niestety, 11 os\u00f3b zaka\u017conych\u00a0koronawirusem\u00a0zmar\u0142o \u2014 sze\u015b\u0107\u00a0kobiet i sze\u015bciu m\u0119\u017cczyzn w wieku 66 do 94 lat.<br>Tym samym liczba zgon\u00f3w w zwi\u0105zku z\u00a0COVID-19\u00a0przekroczy\u0142a\u00a0tysi\u0105c.<\/p>\n\n\n\n<p><br>Liczba zaka\u017conych\u00a0koronawirusem\u00a0odnotowanych od pocz\u0105tku pandemii &#8211; 21 631. Do dzisiaj zmar\u0142o 1 007 pacjent\u00f3w. <\/p>\n","protected":false},"excerpt":{"rendered":"<p>Ministerstwo Zdrowia wyda\u0142o drugi dzisiaj komunikat w sprawie stanu epidemicznego w kraju. Jak wynika z informacji przekazanej przez resort mamy 193 nowe i potwierdzone<\/p>\n","protected":false},"author":7,"featured_media":12407,"comment_status":"open","ping_status":"open","sticky":false,"template":"","format":"standard","meta":{"_monsterinsights_skip_tracking":false,"_monsterinsights_sitenote_active":false,"_monsterinsights_sitenote_note":"","_monsterinsights_sitenote_category":0,"_uf_show_specific_survey":0,"_uf_disable_surveys":false,"footnotes":""},"categories":[94,2],"tags":[],"class_list":["post-12701","post","type-post","status-publish","format-standard","has-post-thumbnail","hentry","category-polecane","category-wiadomosci"],"_links":{"self":[{"href":"https:\/\/gazetaregionalna.com\/index.php?rest_route=\/wp\/v2\/posts\/12701","targetHints":{"allow":["GET"]}}],"collection":[{"href":"https:\/\/gazetaregionalna.com\/index.php?rest_route=\/wp\/v2\/posts"}],"about":[{"href":"https:\/\/gazetaregionalna.com\/index.php?rest_route=\/wp\/v2\/types\/post"}],"author":[{"embeddable":true,"href":"https:\/\/gazetaregionalna.com\/index.php?rest_route=\/wp\/v2\/users\/7"}],"replies":[{"embeddable":true,"href":"https:\/\/gazetaregionalna.com\/index.php?rest_route=%2Fwp%2Fv2%2Fcomments&post=12701"}],"version-history":[{"count":1,"href":"https:\/\/gazetaregionalna.com\/index.php?rest_route=\/wp\/v2\/posts\/12701\/revisions"}],"predecessor-version":[{"id":12702,"href":"https:\/\/gazetaregionalna.com\/index.php?rest_route=\/wp\/v2\/posts\/12701\/revisions\/12702"}],"wp:featuredmedia":[{"embeddable":true,"href":"https:\/\/gazetaregionalna.com\/index.php?rest_route=\/wp\/v2\/media\/12407"}],"wp:attachment":[{"href":"https:\/\/gazetaregionalna.com\/index.php?rest_route=%2Fwp%2Fv2%2Fmedia&parent=12701"}],"wp:term":[{"taxonomy":"category","embeddable":true,"href":"https:\/\/gazetaregionalna.com\/index.php?rest_route=%2Fwp%2Fv2%2Fcategories&post=12701"},{"taxonomy":"post_tag","embeddable":true,"href":"https:\/\/gazetaregionalna.com\/index.php?rest_route=%2Fwp%2Fv2%2Ftags&post=12701"}],"curies":[{"name":"wp","href":"https:\/\/api.w.org\/{rel}","templated":true}]}}