{"id":12691,"date":"2020-05-25T10:10:05","date_gmt":"2020-05-25T10:10:05","guid":{"rendered":"https:\/\/gazetaregionalna.com\/?p=12691"},"modified":"2020-05-25T12:01:27","modified_gmt":"2020-05-25T12:01:27","slug":"alternatywa","status":"publish","type":"post","link":"https:\/\/gazetaregionalna.com\/?p=12691","title":{"rendered":"Jutro Klubokawiarnia &#8222;Alternatywa 21&#8221; wznawia dzia\u0142alno\u015b\u0107"},"content":{"rendered":"\n<h2 class=\"wp-block-heading\">Po dwumiesi\u0119cznej przerwie, Klubokawiarnia &#8222;Alternatywa 21&#8221;, zamkni\u0119ta jak wszystkie lokale gastronomiczne w zwi\u0105zku z epidemia koronawirusa, od jutra znowu b\u0119dzie przyjmowa\u0107 go\u015bci.<\/h2>\n\n\n\n<figure class=\"wp-block-image size-large\"><img decoding=\"async\" width=\"960\" height=\"720\" data-src=\"https:\/\/gazetaregionalna.com\/wp-content\/uploads\/2020\/05\/alt2.jpg\" alt=\"\" class=\"wp-image-12692 lazyload\" data-srcset=\"https:\/\/gazetaregionalna.com\/wp-content\/uploads\/2020\/05\/alt2.jpg 960w, https:\/\/gazetaregionalna.com\/wp-content\/uploads\/2020\/05\/alt2-300x225.jpg 300w, https:\/\/gazetaregionalna.com\/wp-content\/uploads\/2020\/05\/alt2-768x576.jpg 768w, https:\/\/gazetaregionalna.com\/wp-content\/uploads\/2020\/05\/alt2-80x60.jpg 80w, https:\/\/gazetaregionalna.com\/wp-content\/uploads\/2020\/05\/alt2-265x198.jpg 265w, https:\/\/gazetaregionalna.com\/wp-content\/uploads\/2020\/05\/alt2-696x522.jpg 696w, https:\/\/gazetaregionalna.com\/wp-content\/uploads\/2020\/05\/alt2-560x420.jpg 560w\" data-sizes=\"(max-width: 960px) 100vw, 960px\" src=\"data:image\/svg+xml;base64,PHN2ZyB3aWR0aD0iMSIgaGVpZ2h0PSIxIiB4bWxucz0iaHR0cDovL3d3dy53My5vcmcvMjAwMC9zdmciPjwvc3ZnPg==\" style=\"--smush-placeholder-width: 960px; --smush-placeholder-aspect-ratio: 960\/720;\" \/><\/figure>\n\n\n\n<p><br> Od ko\u0144ca ubieg\u0142ego tygodnia, pracownicy lokalu, w\u015br\u00f3d kt\u00f3rych s\u0105 g\u0142\u00f3wnie osoby z niepe\u0142nosprawno\u015bci\u0105, szkol\u0105 si\u0119 z przepis\u00f3w obowi\u0105zuj\u0105cych w gastronomii w trakcie pandemii.<br> \u201cAlternatyw\u0119 21\u201d , mieszczon\u0105 si\u0119 orzy ul. Mielczarskiego w Cz\u0119stochowie, prowadzi sp\u00f3\u0142dzielnia socjalna za\u0142o\u017cona w 2016 roku wsp\u00f3lnie przez miasto i Fundacj\u0119 \u201cOczami Brata\u201d. Lokal powsta\u0142, aby stworzy\u0107 niepe\u0142nosprawnym mo\u017cliwo\u015b\u0107 pracy zarobkowej oraz integracji spo\u0142ecznej. Przed epidemi\u0105 pracowa\u0142o w nim sze\u015bcioro niepe\u0142nosprawnych. Byli kelnerami i pomocnikami w kuchni.<\/p>\n\n\n\n<p><br> Teraz nareszcie, niemal w komplecie, mog\u0105 wr\u00f3ci\u0107 do pracy. Od wtorku Klubokawiarnia czynna b\u0119dzie od godziny 10 do 18. Na otwarcie lokal przygotowa\u0142 nowe menu.<br> Ca\u0142y czas \u201cAlternatywa 21\u201d proponuje obiady z dowozem. Aktualne menu dost\u0119pne jest na stronie Klubokawiarni:  <a href=\"https:\/\/www.facebook.com\/SpoldzielniaAlternatywa21\/\" target=\"_blank\" rel=\"noopener\">https:\/\/www.facebook.com\/SpoldzielniaAlternatywa21\/<\/a> <\/p>\n\n\n\n<p>(Fot. Facebook Alternatywa 21)<\/p>\n\n\n\n<p><\/p>\n","protected":false},"excerpt":{"rendered":"<p>Po dwumiesi\u0119cznej przerwie, Klubokawiarnia &#8222;Alternatywa 21&#8221;, zamkni\u0119ta jak wszystkie lokale gastronomiczne w zwi\u0105zku z epidemia koronawirusa, od jutra znowu b\u0119dzie przyjmowa\u0107 go\u015bci. Od ko\u0144ca<\/p>\n","protected":false},"author":7,"featured_media":12693,"comment_status":"open","ping_status":"open","sticky":false,"template":"","format":"standard","meta":{"_monsterinsights_skip_tracking":false,"_monsterinsights_sitenote_active":false,"_monsterinsights_sitenote_note":"","_monsterinsights_sitenote_category":0,"_uf_show_specific_survey":0,"_uf_disable_surveys":false,"footnotes":""},"categories":[94,3,2],"tags":[],"class_list":["post-12691","post","type-post","status-publish","format-standard","has-post-thumbnail","hentry","category-polecane","category-czestochowa-informacje","category-wiadomosci"],"_links":{"self":[{"href":"https:\/\/gazetaregionalna.com\/index.php?rest_route=\/wp\/v2\/posts\/12691","targetHints":{"allow":["GET"]}}],"collection":[{"href":"https:\/\/gazetaregionalna.com\/index.php?rest_route=\/wp\/v2\/posts"}],"about":[{"href":"https:\/\/gazetaregionalna.com\/index.php?rest_route=\/wp\/v2\/types\/post"}],"author":[{"embeddable":true,"href":"https:\/\/gazetaregionalna.com\/index.php?rest_route=\/wp\/v2\/users\/7"}],"replies":[{"embeddable":true,"href":"https:\/\/gazetaregionalna.com\/index.php?rest_route=%2Fwp%2Fv2%2Fcomments&post=12691"}],"version-history":[{"count":2,"href":"https:\/\/gazetaregionalna.com\/index.php?rest_route=\/wp\/v2\/posts\/12691\/revisions"}],"predecessor-version":[{"id":12698,"href":"https:\/\/gazetaregionalna.com\/index.php?rest_route=\/wp\/v2\/posts\/12691\/revisions\/12698"}],"wp:featuredmedia":[{"embeddable":true,"href":"https:\/\/gazetaregionalna.com\/index.php?rest_route=\/wp\/v2\/media\/12693"}],"wp:attachment":[{"href":"https:\/\/gazetaregionalna.com\/index.php?rest_route=%2Fwp%2Fv2%2Fmedia&parent=12691"}],"wp:term":[{"taxonomy":"category","embeddable":true,"href":"https:\/\/gazetaregionalna.com\/index.php?rest_route=%2Fwp%2Fv2%2Fcategories&post=12691"},{"taxonomy":"post_tag","embeddable":true,"href":"https:\/\/gazetaregionalna.com\/index.php?rest_route=%2Fwp%2Fv2%2Ftags&post=12691"}],"curies":[{"name":"wp","href":"https:\/\/api.w.org\/{rel}","templated":true}]}}