{"id":126867,"date":"2024-07-25T16:48:03","date_gmt":"2024-07-25T16:48:03","guid":{"rendered":"https:\/\/gazetaregionalna.com\/?p=126867"},"modified":"2024-07-25T16:48:04","modified_gmt":"2024-07-25T16:48:04","slug":"pilkarze-skry-czestochowa-w-piatek-zagraja-drugi-mecz-w-2-lidze","status":"publish","type":"post","link":"https:\/\/gazetaregionalna.com\/2024\/07\/25\/pilkarze-skry-czestochowa-w-piatek-zagraja-drugi-mecz-w-2-lidze\/","title":{"rendered":"Pi\u0142karze Skry Cz\u0119stochowa w pi\u0105tek zagraj\u0105 drugi mecz w 2. lidze"},"content":{"rendered":"\n<p>W 2. kolejce Betclic 2. ligi pi\u0142karze Skry Cz\u0119stochowa zmierz\u0105 si\u0119 w Kaliszu z KKS-em 1925.<\/p>\n\n\n\n<p>Cz\u0119stochowianie w 1. kolejce zagrali w \u0141odzi, gdzie przegrali z \u0141KS-em 1:3. Pocz\u0105tek meczu by\u0142 bardzo z\u0142y dla cz\u0119stochowian, kt\u00f3rzy po 5. minutach gry przegrywali ju\u017c 0:2&#8230; Ostatecznie mecz zako\u0144czy\u0142 si\u0119 pora\u017ck\u0105 1:3.<\/p>\n\n\n\n<p>W 2. kolejce Skra zagra na trudnym terenie w Kaliszu z KKS-em 1925, kt\u00f3ry na inauguracj\u0119 rozgrywek ze \u015awitem Szczecin 1:1. Faworytem b\u0119d\u0105 gospodarze, kt\u00f3rzy w poprzednim sezonie byli jedn\u0105 z czo\u0142owych dru\u017cyn w 2. lidze i walczyli o awans na zaplecze PKO BP Ekstraklasy.<\/p>\n\n\n\n<p>Pi\u0142karze Skry musz\u0105 punktowa\u0107, bo rozgrywki rozpocz\u0119li z -7 punktami kary.<\/p>\n\n\n\n<p>Pi\u0105tkowy mecz rozpocznie si\u0119 o godz. 17:30.<\/p>\n\n\n\n<p>AK, fot: AK<\/p>\n\n\n\n<p>Partnerami relacji sportowych s\u0105:<\/p>\n\n\n\n<p>DMK Invest materia\u0142y budowlane Konopiska (www.dmkinvest.pl)<\/p>\n\n\n\n<p>Fonex. Alarmy i monitoringi (www.fonex.pl)<\/p>\n\n\n\n<figure class=\"wp-block-image size-large\"><img decoding=\"async\" width=\"1024\" height=\"683\" data-src=\"https:\/\/gazetaregionalna.com\/wp-content\/uploads\/2023\/11\/Skra-KKSKalisz-3-2-1024x683.jpg\" alt=\"\" class=\"wp-image-117112 lazyload\" data-srcset=\"https:\/\/gazetaregionalna.com\/wp-content\/uploads\/2023\/11\/Skra-KKSKalisz-3-2-1024x683.jpg 1024w, https:\/\/gazetaregionalna.com\/wp-content\/uploads\/2023\/11\/Skra-KKSKalisz-3-2-300x200.jpg 300w, https:\/\/gazetaregionalna.com\/wp-content\/uploads\/2023\/11\/Skra-KKSKalisz-3-2-768x512.jpg 768w, https:\/\/gazetaregionalna.com\/wp-content\/uploads\/2023\/11\/Skra-KKSKalisz-3-2-1536x1024.jpg 1536w, https:\/\/gazetaregionalna.com\/wp-content\/uploads\/2023\/11\/Skra-KKSKalisz-3-2-696x464.jpg 696w, https:\/\/gazetaregionalna.com\/wp-content\/uploads\/2023\/11\/Skra-KKSKalisz-3-2-1068x712.jpg 1068w, https:\/\/gazetaregionalna.com\/wp-content\/uploads\/2023\/11\/Skra-KKSKalisz-3-2-1920x1280.jpg 1920w, https:\/\/gazetaregionalna.com\/wp-content\/uploads\/2023\/11\/Skra-KKSKalisz-3-2-630x420.jpg 630w, https:\/\/gazetaregionalna.com\/wp-content\/uploads\/2023\/11\/Skra-KKSKalisz-3-2-scaled.jpg 1600w\" data-sizes=\"(max-width: 1024px) 100vw, 1024px\" src=\"data:image\/svg+xml;base64,PHN2ZyB3aWR0aD0iMSIgaGVpZ2h0PSIxIiB4bWxucz0iaHR0cDovL3d3dy53My5vcmcvMjAwMC9zdmciPjwvc3ZnPg==\" style=\"--smush-placeholder-width: 1024px; --smush-placeholder-aspect-ratio: 1024\/683;\" \/><\/figure>\n\n\n\n<figure class=\"wp-block-image size-large\"><img decoding=\"async\" width=\"1024\" height=\"670\" data-src=\"https:\/\/gazetaregionalna.com\/wp-content\/uploads\/2023\/11\/Skra-KKSKalisz-4-2-1024x670.jpg\" alt=\"\" class=\"wp-image-117113 lazyload\" data-srcset=\"https:\/\/gazetaregionalna.com\/wp-content\/uploads\/2023\/11\/Skra-KKSKalisz-4-2-1024x670.jpg 1024w, https:\/\/gazetaregionalna.com\/wp-content\/uploads\/2023\/11\/Skra-KKSKalisz-4-2-300x196.jpg 300w, https:\/\/gazetaregionalna.com\/wp-content\/uploads\/2023\/11\/Skra-KKSKalisz-4-2-768x503.jpg 768w, https:\/\/gazetaregionalna.com\/wp-content\/uploads\/2023\/11\/Skra-KKSKalisz-4-2-1536x1005.jpg 1536w, https:\/\/gazetaregionalna.com\/wp-content\/uploads\/2023\/11\/Skra-KKSKalisz-4-2-696x455.jpg 696w, https:\/\/gazetaregionalna.com\/wp-content\/uploads\/2023\/11\/Skra-KKSKalisz-4-2-1068x699.jpg 1068w, https:\/\/gazetaregionalna.com\/wp-content\/uploads\/2023\/11\/Skra-KKSKalisz-4-2-1920x1256.jpg 1920w, https:\/\/gazetaregionalna.com\/wp-content\/uploads\/2023\/11\/Skra-KKSKalisz-4-2-642x420.jpg 642w, https:\/\/gazetaregionalna.com\/wp-content\/uploads\/2023\/11\/Skra-KKSKalisz-4-2-741x486.jpg 741w, https:\/\/gazetaregionalna.com\/wp-content\/uploads\/2023\/11\/Skra-KKSKalisz-4-2-scaled.jpg 1600w\" data-sizes=\"(max-width: 1024px) 100vw, 1024px\" src=\"data:image\/svg+xml;base64,PHN2ZyB3aWR0aD0iMSIgaGVpZ2h0PSIxIiB4bWxucz0iaHR0cDovL3d3dy53My5vcmcvMjAwMC9zdmciPjwvc3ZnPg==\" style=\"--smush-placeholder-width: 1024px; --smush-placeholder-aspect-ratio: 1024\/670;\" \/><\/figure>\n\n\n\n<figure class=\"wp-block-image size-large is-resized\"><img decoding=\"async\" width=\"1024\" height=\"1024\" data-src=\"https:\/\/gazetaregionalna.com\/wp-content\/uploads\/2024\/04\/DMK-Invest-3-1024x1024.jpg\" alt=\"\" class=\"wp-image-123884 lazyload\" style=\"--smush-placeholder-width: 1024px; --smush-placeholder-aspect-ratio: 1024\/1024;width:840px;height:auto\" data-srcset=\"https:\/\/gazetaregionalna.com\/wp-content\/uploads\/2024\/04\/DMK-Invest-3-1024x1024.jpg 1024w, https:\/\/gazetaregionalna.com\/wp-content\/uploads\/2024\/04\/DMK-Invest-3-300x300.jpg 300w, https:\/\/gazetaregionalna.com\/wp-content\/uploads\/2024\/04\/DMK-Invest-3-150x150.jpg 150w, https:\/\/gazetaregionalna.com\/wp-content\/uploads\/2024\/04\/DMK-Invest-3-768x768.jpg 768w, https:\/\/gazetaregionalna.com\/wp-content\/uploads\/2024\/04\/DMK-Invest-3-1536x1536.jpg 1536w, https:\/\/gazetaregionalna.com\/wp-content\/uploads\/2024\/04\/DMK-Invest-3-2048x2048.jpg 2048w, https:\/\/gazetaregionalna.com\/wp-content\/uploads\/2024\/04\/DMK-Invest-3-215x215.jpg 215w, https:\/\/gazetaregionalna.com\/wp-content\/uploads\/2024\/04\/DMK-Invest-3-scaled.jpg 1600w\" data-sizes=\"(max-width: 1024px) 100vw, 1024px\" src=\"data:image\/svg+xml;base64,PHN2ZyB3aWR0aD0iMSIgaGVpZ2h0PSIxIiB4bWxucz0iaHR0cDovL3d3dy53My5vcmcvMjAwMC9zdmciPjwvc3ZnPg==\" \/><\/figure>\n\n\n\n<figure class=\"wp-block-image size-large\"><img decoding=\"async\" width=\"1024\" height=\"1024\" data-src=\"https:\/\/gazetaregionalna.com\/wp-content\/uploads\/2024\/04\/FONEX-1024x1024.jpg\" alt=\"\" class=\"wp-image-123881 lazyload\" data-srcset=\"https:\/\/gazetaregionalna.com\/wp-content\/uploads\/2024\/04\/FONEX-1024x1024.jpg 1024w, https:\/\/gazetaregionalna.com\/wp-content\/uploads\/2024\/04\/FONEX-300x300.jpg 300w, https:\/\/gazetaregionalna.com\/wp-content\/uploads\/2024\/04\/FONEX-150x150.jpg 150w, https:\/\/gazetaregionalna.com\/wp-content\/uploads\/2024\/04\/FONEX-768x768.jpg 768w, https:\/\/gazetaregionalna.com\/wp-content\/uploads\/2024\/04\/FONEX-215x215.jpg 215w, https:\/\/gazetaregionalna.com\/wp-content\/uploads\/2024\/04\/FONEX.jpg 1080w\" data-sizes=\"(max-width: 1024px) 100vw, 1024px\" src=\"data:image\/svg+xml;base64,PHN2ZyB3aWR0aD0iMSIgaGVpZ2h0PSIxIiB4bWxucz0iaHR0cDovL3d3dy53My5vcmcvMjAwMC9zdmciPjwvc3ZnPg==\" style=\"--smush-placeholder-width: 1024px; --smush-placeholder-aspect-ratio: 1024\/1024;\" \/><\/figure>\n","protected":false},"excerpt":{"rendered":"<p>W 2. kolejce Betclic 2. ligi pi\u0142karze Skry Cz\u0119stochowa zmierz\u0105 si\u0119 w Kaliszu z KKS-em 1925. Cz\u0119stochowianie w 1. kolejce zagrali w \u0141odzi, gdzie<\/p>\n","protected":false},"author":15,"featured_media":117112,"comment_status":"closed","ping_status":"open","sticky":false,"template":"","format":"standard","meta":{"_monsterinsights_skip_tracking":false,"_monsterinsights_sitenote_active":false,"_monsterinsights_sitenote_note":"","_monsterinsights_sitenote_category":0,"_uf_show_specific_survey":0,"_uf_disable_surveys":false,"footnotes":""},"categories":[5,6],"tags":[],"class_list":["post-126867","post","type-post","status-publish","format-standard","has-post-thumbnail","hentry","category-sport","category-pilka-nozna"],"_links":{"self":[{"href":"https:\/\/gazetaregionalna.com\/wp-json\/wp\/v2\/posts\/126867","targetHints":{"allow":["GET"]}}],"collection":[{"href":"https:\/\/gazetaregionalna.com\/wp-json\/wp\/v2\/posts"}],"about":[{"href":"https:\/\/gazetaregionalna.com\/wp-json\/wp\/v2\/types\/post"}],"author":[{"embeddable":true,"href":"https:\/\/gazetaregionalna.com\/wp-json\/wp\/v2\/users\/15"}],"replies":[{"embeddable":true,"href":"https:\/\/gazetaregionalna.com\/wp-json\/wp\/v2\/comments?post=126867"}],"version-history":[{"count":1,"href":"https:\/\/gazetaregionalna.com\/wp-json\/wp\/v2\/posts\/126867\/revisions"}],"predecessor-version":[{"id":126868,"href":"https:\/\/gazetaregionalna.com\/wp-json\/wp\/v2\/posts\/126867\/revisions\/126868"}],"wp:featuredmedia":[{"embeddable":true,"href":"https:\/\/gazetaregionalna.com\/wp-json\/wp\/v2\/media\/117112"}],"wp:attachment":[{"href":"https:\/\/gazetaregionalna.com\/wp-json\/wp\/v2\/media?parent=126867"}],"wp:term":[{"taxonomy":"category","embeddable":true,"href":"https:\/\/gazetaregionalna.com\/wp-json\/wp\/v2\/categories?post=126867"},{"taxonomy":"post_tag","embeddable":true,"href":"https:\/\/gazetaregionalna.com\/wp-json\/wp\/v2\/tags?post=126867"}],"curies":[{"name":"wp","href":"https:\/\/api.w.org\/{rel}","templated":true}]}}