{"id":12683,"date":"2020-05-25T09:14:06","date_gmt":"2020-05-25T09:14:06","guid":{"rendered":"https:\/\/gazetaregionalna.com\/?p=12683"},"modified":"2020-05-25T09:14:11","modified_gmt":"2020-05-25T09:14:11","slug":"orkiestra-z-nowymi-instrumentami","status":"publish","type":"post","link":"https:\/\/gazetaregionalna.com\/?p=12683","title":{"rendered":"Orkiestra z nowymi instrumentami"},"content":{"rendered":"\n<p>Instrumenty i wyposa\u017cenie warte w sumie ponad 26 tys. z\u0142otych trafi\u0142y do Orkiestry D\u0119tej OSP \u017barki. Nowe wyposa\u017cenie kupiono z pieni\u0119dzy gminnych oraz dzi\u0119ki du\u017cej dotacji, o kt\u00f3r\u0105 postara\u0142a si\u0119 gmina.<\/p>\n\n\n\n<figure class=\"wp-block-image size-large\"><img decoding=\"async\" width=\"1024\" height=\"683\" data-src=\"https:\/\/gazetaregionalna.com\/wp-content\/uploads\/2020\/05\/orkiestra1-1024x683.jpg\" alt=\"\" class=\"wp-image-12685 lazyload\" data-srcset=\"https:\/\/gazetaregionalna.com\/wp-content\/uploads\/2020\/05\/orkiestra1-1024x683.jpg 1024w, https:\/\/gazetaregionalna.com\/wp-content\/uploads\/2020\/05\/orkiestra1-300x200.jpg 300w, https:\/\/gazetaregionalna.com\/wp-content\/uploads\/2020\/05\/orkiestra1-768x512.jpg 768w, https:\/\/gazetaregionalna.com\/wp-content\/uploads\/2020\/05\/orkiestra1-1536x1024.jpg 1536w, https:\/\/gazetaregionalna.com\/wp-content\/uploads\/2020\/05\/orkiestra1-696x464.jpg 696w, https:\/\/gazetaregionalna.com\/wp-content\/uploads\/2020\/05\/orkiestra1-1068x712.jpg 1068w, https:\/\/gazetaregionalna.com\/wp-content\/uploads\/2020\/05\/orkiestra1-630x420.jpg 630w, https:\/\/gazetaregionalna.com\/wp-content\/uploads\/2020\/05\/orkiestra1.jpg 1200w\" data-sizes=\"(max-width: 1024px) 100vw, 1024px\" src=\"data:image\/svg+xml;base64,PHN2ZyB3aWR0aD0iMSIgaGVpZ2h0PSIxIiB4bWxucz0iaHR0cDovL3d3dy53My5vcmcvMjAwMC9zdmciPjwvc3ZnPg==\" style=\"--smush-placeholder-width: 1024px; --smush-placeholder-aspect-ratio: 1024\/683;\" \/><\/figure>\n\n\n\n<p><br> Do r\u0105k muzyk\u00f3w trafi\u0142y po dwa komplety nast\u0119puj\u0105cych instrument\u00f3w: flet poprzeczny wraz z pulpitem, puzon, waltornia; po trzy komplety: klarnet wraz z pulpitem; po jednej sztuce: sztabki chimey, keyboard, b\u0119ben oraz nosid\u0142o do b\u0119bna, przeno\u015bny zestaw nag\u0142o\u015bnieniowy oraz mikrofon z okablowaniem.<\/p>\n\n\n\n<figure class=\"wp-block-image size-large\"><img decoding=\"async\" width=\"1024\" height=\"683\" data-src=\"https:\/\/gazetaregionalna.com\/wp-content\/uploads\/2020\/05\/orkiestra2-1024x683.jpg\" alt=\"\" class=\"wp-image-12688 lazyload\" data-srcset=\"https:\/\/gazetaregionalna.com\/wp-content\/uploads\/2020\/05\/orkiestra2-1024x683.jpg 1024w, https:\/\/gazetaregionalna.com\/wp-content\/uploads\/2020\/05\/orkiestra2-300x200.jpg 300w, https:\/\/gazetaregionalna.com\/wp-content\/uploads\/2020\/05\/orkiestra2-768x512.jpg 768w, https:\/\/gazetaregionalna.com\/wp-content\/uploads\/2020\/05\/orkiestra2-1536x1024.jpg 1536w, https:\/\/gazetaregionalna.com\/wp-content\/uploads\/2020\/05\/orkiestra2-696x464.jpg 696w, https:\/\/gazetaregionalna.com\/wp-content\/uploads\/2020\/05\/orkiestra2-1068x712.jpg 1068w, https:\/\/gazetaregionalna.com\/wp-content\/uploads\/2020\/05\/orkiestra2-630x420.jpg 630w, https:\/\/gazetaregionalna.com\/wp-content\/uploads\/2020\/05\/orkiestra2.jpg 1200w\" data-sizes=\"(max-width: 1024px) 100vw, 1024px\" src=\"data:image\/svg+xml;base64,PHN2ZyB3aWR0aD0iMSIgaGVpZ2h0PSIxIiB4bWxucz0iaHR0cDovL3d3dy53My5vcmcvMjAwMC9zdmciPjwvc3ZnPg==\" style=\"--smush-placeholder-width: 1024px; --smush-placeholder-aspect-ratio: 1024\/683;\" \/><\/figure>\n\n\n\n<p><br> Zakupy wykonano w ramach zadania dofinansowywanego w Unii Europejskiej pn. \u201eDoposa\u017cenie orkiestry d\u0119tej funkcjonuj\u0105cej przy Ochotniczej Stra\u017cy Po\u017carnej w \u017barkach poprzez zakup instrument\u00f3w oraz element\u00f3w wyposa\u017cenia.\u201d<br> Warto\u015b\u0107 tego projektu to 26 339 z\u0142, dofinansowanie 24 941z\u0142, wk\u0142ad w\u0142asny gminy &#8211; 1 398 z\u0142.<br> (Fot. UMiG \u017barki)<\/p>\n","protected":false},"excerpt":{"rendered":"<p>Instrumenty i wyposa\u017cenie warte w sumie ponad 26 tys. z\u0142otych trafi\u0142y do Orkiestry D\u0119tej OSP \u017barki. Nowe wyposa\u017cenie kupiono z pieni\u0119dzy gminnych oraz dzi\u0119ki<\/p>\n","protected":false},"author":7,"featured_media":12686,"comment_status":"open","ping_status":"open","sticky":false,"template":"","format":"standard","meta":{"_monsterinsights_skip_tracking":false,"_monsterinsights_sitenote_active":false,"_monsterinsights_sitenote_note":"","_monsterinsights_sitenote_category":0,"_uf_show_specific_survey":0,"_uf_disable_surveys":false,"footnotes":""},"categories":[12,26,94,2],"tags":[],"class_list":["post-12683","post","type-post","status-publish","format-standard","has-post-thumbnail","hentry","category-kultura-i-rozrywka","category-myszkow","category-polecane","category-wiadomosci"],"_links":{"self":[{"href":"https:\/\/gazetaregionalna.com\/index.php?rest_route=\/wp\/v2\/posts\/12683","targetHints":{"allow":["GET"]}}],"collection":[{"href":"https:\/\/gazetaregionalna.com\/index.php?rest_route=\/wp\/v2\/posts"}],"about":[{"href":"https:\/\/gazetaregionalna.com\/index.php?rest_route=\/wp\/v2\/types\/post"}],"author":[{"embeddable":true,"href":"https:\/\/gazetaregionalna.com\/index.php?rest_route=\/wp\/v2\/users\/7"}],"replies":[{"embeddable":true,"href":"https:\/\/gazetaregionalna.com\/index.php?rest_route=%2Fwp%2Fv2%2Fcomments&post=12683"}],"version-history":[{"count":2,"href":"https:\/\/gazetaregionalna.com\/index.php?rest_route=\/wp\/v2\/posts\/12683\/revisions"}],"predecessor-version":[{"id":12689,"href":"https:\/\/gazetaregionalna.com\/index.php?rest_route=\/wp\/v2\/posts\/12683\/revisions\/12689"}],"wp:featuredmedia":[{"embeddable":true,"href":"https:\/\/gazetaregionalna.com\/index.php?rest_route=\/wp\/v2\/media\/12686"}],"wp:attachment":[{"href":"https:\/\/gazetaregionalna.com\/index.php?rest_route=%2Fwp%2Fv2%2Fmedia&parent=12683"}],"wp:term":[{"taxonomy":"category","embeddable":true,"href":"https:\/\/gazetaregionalna.com\/index.php?rest_route=%2Fwp%2Fv2%2Fcategories&post=12683"},{"taxonomy":"post_tag","embeddable":true,"href":"https:\/\/gazetaregionalna.com\/index.php?rest_route=%2Fwp%2Fv2%2Ftags&post=12683"}],"curies":[{"name":"wp","href":"https:\/\/api.w.org\/{rel}","templated":true}]}}