{"id":12678,"date":"2020-05-25T08:12:44","date_gmt":"2020-05-25T08:12:44","guid":{"rendered":"https:\/\/gazetaregionalna.com\/?p=12678"},"modified":"2020-05-25T08:12:52","modified_gmt":"2020-05-25T08:12:52","slug":"sanepid-myszkowski-apeluje-epidemia-sie-nie-skonczyla-a-rekawiczki-i-maseczki-trzeba-wyrzucac-do-kosza","status":"publish","type":"post","link":"https:\/\/gazetaregionalna.com\/?p=12678","title":{"rendered":"Sanepid myszkowski apeluje \u2014 epidemia si\u0119 nie sko\u0144czy\u0142a, a r\u0119kawiczki i maseczki trzeba wyrzuca\u0107 do kosza"},"content":{"rendered":"\n<p>Powiatowa Stacja Sanepidu w Myszkowie wystosowa\u0142a apel do mieszka\u0144c\u00f3w regionu, aby pami\u0119tali o wytycznych sanitarnych dotycz\u0105cych epidemii koronawirusa. Dokument powsta\u0142, bo jak si\u0119 okazuje, wiele os\u00f3b widz\u0105c pewne rozlu\u017anienie w niekt\u00f3rych dziedzinach \u017cycia, zapomina, \u017ce nadal mamy stan epidemiczny.<br> <\/p>\n\n\n\n<p>Sanepid przypomina, \u017ce w dalszym ci\u0105gu obowi\u0105zuj\u0105 zalecenia i ograniczenia rz\u0105du zwi\u0105zane z zagro\u017ceniem koronawirusem. Ponadto stacja zaapelowa\u0142a do mieszka\u0144c\u00f3w powiatu o odpowiednie post\u0119powanie ze \u015brodkami ochrony osobistej, a wi\u0119c r\u0119kawiczkami i maseczkami.<\/p>\n\n\n\n<p><br> \u2014 Zu\u017cyte maseczki i r\u0119kawiczki nale\u017cy wrzuca\u0107 do przeznaczonych do tego celu pojemnik\u00f3w lub do pojemnik\u00f3w na odpady zmieszane \u2014 napisano w apelu, kt\u00f3ry trafi\u0142o do wszystkich samorz\u0105d\u00f3w powiatu myszkowskiego.<\/p>\n","protected":false},"excerpt":{"rendered":"<p>Powiatowa Stacja Sanepidu w Myszkowie wystosowa\u0142a apel do mieszka\u0144c\u00f3w regionu, aby pami\u0119tali o wytycznych sanitarnych dotycz\u0105cych epidemii koronawirusa. Dokument powsta\u0142, bo jak si\u0119 okazuje,<\/p>\n","protected":false},"author":7,"featured_media":12680,"comment_status":"open","ping_status":"open","sticky":false,"template":"","format":"standard","meta":{"_monsterinsights_skip_tracking":false,"_monsterinsights_sitenote_active":false,"_monsterinsights_sitenote_note":"","_monsterinsights_sitenote_category":0,"_uf_show_specific_survey":0,"_uf_disable_surveys":false,"footnotes":""},"categories":[94,26,2],"tags":[],"class_list":["post-12678","post","type-post","status-publish","format-standard","has-post-thumbnail","hentry","category-polecane","category-myszkow","category-wiadomosci"],"_links":{"self":[{"href":"https:\/\/gazetaregionalna.com\/index.php?rest_route=\/wp\/v2\/posts\/12678","targetHints":{"allow":["GET"]}}],"collection":[{"href":"https:\/\/gazetaregionalna.com\/index.php?rest_route=\/wp\/v2\/posts"}],"about":[{"href":"https:\/\/gazetaregionalna.com\/index.php?rest_route=\/wp\/v2\/types\/post"}],"author":[{"embeddable":true,"href":"https:\/\/gazetaregionalna.com\/index.php?rest_route=\/wp\/v2\/users\/7"}],"replies":[{"embeddable":true,"href":"https:\/\/gazetaregionalna.com\/index.php?rest_route=%2Fwp%2Fv2%2Fcomments&post=12678"}],"version-history":[{"count":1,"href":"https:\/\/gazetaregionalna.com\/index.php?rest_route=\/wp\/v2\/posts\/12678\/revisions"}],"predecessor-version":[{"id":12679,"href":"https:\/\/gazetaregionalna.com\/index.php?rest_route=\/wp\/v2\/posts\/12678\/revisions\/12679"}],"wp:featuredmedia":[{"embeddable":true,"href":"https:\/\/gazetaregionalna.com\/index.php?rest_route=\/wp\/v2\/media\/12680"}],"wp:attachment":[{"href":"https:\/\/gazetaregionalna.com\/index.php?rest_route=%2Fwp%2Fv2%2Fmedia&parent=12678"}],"wp:term":[{"taxonomy":"category","embeddable":true,"href":"https:\/\/gazetaregionalna.com\/index.php?rest_route=%2Fwp%2Fv2%2Fcategories&post=12678"},{"taxonomy":"post_tag","embeddable":true,"href":"https:\/\/gazetaregionalna.com\/index.php?rest_route=%2Fwp%2Fv2%2Ftags&post=12678"}],"curies":[{"name":"wp","href":"https:\/\/api.w.org\/{rel}","templated":true}]}}