{"id":12675,"date":"2020-05-25T07:47:33","date_gmt":"2020-05-25T07:47:33","guid":{"rendered":"https:\/\/gazetaregionalna.com\/?p=12675"},"modified":"2020-05-25T07:47:35","modified_gmt":"2020-05-25T07:47:35","slug":"radni-zdecydowali-beda-pieniadze-na-wymiane-starych-piecow","status":"publish","type":"post","link":"https:\/\/gazetaregionalna.com\/?p=12675","title":{"rendered":"Radni zdecydowali \u2014 b\u0119d\u0105 pieni\u0105dze na wymian\u0119 starych piec\u00f3w"},"content":{"rendered":"\n<p> Na ostatniej sesji radni Radomska podj\u0119li decyzj\u0119 o przeznaczeniu w tym roku z gminnego bud\u017cetu 300 tysi\u0119cy z\u0142otych na wymian\u0119 przez mieszka\u0144c\u00f3w miasta starych, nieekologicznych piec\u00f3w. Dotacja jest przeznaczona w szczeg\u00f3lno\u015bci dla os\u00f3b, kt\u00f3re nie mog\u0105 korzysta\u0107 z rz\u0105dowego programu \u201eCzyste powietrze&#8221;.<\/p>\n\n\n\n<p><br> Jak informuje samorz\u0105d, dofinansowanie radomszczanie b\u0119d\u0105 mogli uzyska\u0107 m.in. na wymian\u0119 starego kot\u0142a na wydajniejsze \u017ar\u00f3d\u0142o ciep\u0142a, np. pompy ciep\u0142a, paleniska i palniki. Zgodnie z wytycznymi samorz\u0105du, nowa instalacja b\u0119dzie musia\u0142a spe\u0142nia\u0107 okre\u015blone normy emisyjne.<\/p>\n\n\n\n<p><br> Zgodnie z uchwa\u0142\u0105 radnych, maksymalna kwota dotacji wyniesie 50 proc. koszt\u00f3w kwalifikowanych, a maksymalna kwota przedsi\u0119wzi\u0119cia to 4,5 tys. z\u0142 w przypadku kot\u0142owni w\u0119glowych i 6 tys. z\u0142 dla pozosta\u0142ych \u017ar\u00f3de\u0142 ciep\u0142a. Realizacja projektu b\u0119dzie trwa\u0107 do wyczerpania \u015brodk\u00f3w. Miasto spodziewa si\u0119 du\u017cego zainteresowania mieszka\u0144c\u00f3w. W ubieg\u0142ych latach z powodzeniem funkcjonowa\u0142y podobne programy, z kt\u00f3rych skorzysta\u0142o kilkaset os\u00f3b.<br> (\u0179r\u00f3d\u0142o: UM Radomsko)<\/p>\n\n\n\n<p>(Fot. pixabay)<\/p>\n","protected":false},"excerpt":{"rendered":"<p>Na ostatniej sesji radni Radomska podj\u0119li decyzj\u0119 o przeznaczeniu w tym roku z gminnego bud\u017cetu 300 tysi\u0119cy z\u0142otych na wymian\u0119 przez mieszka\u0144c\u00f3w miasta starych,<\/p>\n","protected":false},"author":7,"featured_media":12676,"comment_status":"open","ping_status":"open","sticky":false,"template":"","format":"standard","meta":{"_monsterinsights_skip_tracking":false,"_monsterinsights_sitenote_active":false,"_monsterinsights_sitenote_note":"","_monsterinsights_sitenote_category":0,"_uf_show_specific_survey":0,"_uf_disable_surveys":false,"footnotes":""},"categories":[29,94,28,2],"tags":[],"class_list":["post-12675","post","type-post","status-publish","format-standard","has-post-thumbnail","hentry","category-ekologia","category-polecane","category-radomsko","category-wiadomosci"],"_links":{"self":[{"href":"https:\/\/gazetaregionalna.com\/index.php?rest_route=\/wp\/v2\/posts\/12675","targetHints":{"allow":["GET"]}}],"collection":[{"href":"https:\/\/gazetaregionalna.com\/index.php?rest_route=\/wp\/v2\/posts"}],"about":[{"href":"https:\/\/gazetaregionalna.com\/index.php?rest_route=\/wp\/v2\/types\/post"}],"author":[{"embeddable":true,"href":"https:\/\/gazetaregionalna.com\/index.php?rest_route=\/wp\/v2\/users\/7"}],"replies":[{"embeddable":true,"href":"https:\/\/gazetaregionalna.com\/index.php?rest_route=%2Fwp%2Fv2%2Fcomments&post=12675"}],"version-history":[{"count":1,"href":"https:\/\/gazetaregionalna.com\/index.php?rest_route=\/wp\/v2\/posts\/12675\/revisions"}],"predecessor-version":[{"id":12677,"href":"https:\/\/gazetaregionalna.com\/index.php?rest_route=\/wp\/v2\/posts\/12675\/revisions\/12677"}],"wp:featuredmedia":[{"embeddable":true,"href":"https:\/\/gazetaregionalna.com\/index.php?rest_route=\/wp\/v2\/media\/12676"}],"wp:attachment":[{"href":"https:\/\/gazetaregionalna.com\/index.php?rest_route=%2Fwp%2Fv2%2Fmedia&parent=12675"}],"wp:term":[{"taxonomy":"category","embeddable":true,"href":"https:\/\/gazetaregionalna.com\/index.php?rest_route=%2Fwp%2Fv2%2Fcategories&post=12675"},{"taxonomy":"post_tag","embeddable":true,"href":"https:\/\/gazetaregionalna.com\/index.php?rest_route=%2Fwp%2Fv2%2Ftags&post=12675"}],"curies":[{"name":"wp","href":"https:\/\/api.w.org\/{rel}","templated":true}]}}