{"id":12671,"date":"2020-05-25T07:25:28","date_gmt":"2020-05-25T07:25:28","guid":{"rendered":"https:\/\/gazetaregionalna.com\/?p=12671"},"modified":"2020-05-25T07:25:31","modified_gmt":"2020-05-25T07:25:31","slug":"setne-urodziny-pani-anny","status":"publish","type":"post","link":"https:\/\/gazetaregionalna.com\/?p=12671","title":{"rendered":"Setne urodziny pani Anny"},"content":{"rendered":"\n<p> Radomszczanka, pani Anna Sk\u00f3ra obchodzi\u0142a w\u0142a\u015bnie swoje setne urodziny. Jubilatka \u015bwi\u0119towa\u0142a w gronie rodziny, a tak\u017ce przedstawiciele radomszcza\u0144skiego samorz\u0105du. Ze wzgl\u0119du na epidemi\u0119, urodziny odbywa\u0142y si\u0119 z zachowaniem wszelkich zasad bezpiecze\u0144stwa. Zar\u00f3wno go\u015bcie, jak i pani Anna mieli zas\u0142oni\u0119te twarze, aby nie zara\u017ca\u0107 innych na ewentualne zaka\u017cenie.<\/p>\n\n\n\n<figure class=\"wp-block-image size-large\"><img decoding=\"async\" width=\"788\" height=\"390\" data-src=\"https:\/\/gazetaregionalna.com\/wp-content\/uploads\/2020\/05\/setka1.jpg\" alt=\"\" class=\"wp-image-12672 lazyload\" data-srcset=\"https:\/\/gazetaregionalna.com\/wp-content\/uploads\/2020\/05\/setka1.jpg 788w, https:\/\/gazetaregionalna.com\/wp-content\/uploads\/2020\/05\/setka1-300x148.jpg 300w, https:\/\/gazetaregionalna.com\/wp-content\/uploads\/2020\/05\/setka1-768x380.jpg 768w, https:\/\/gazetaregionalna.com\/wp-content\/uploads\/2020\/05\/setka1-324x160.jpg 324w, https:\/\/gazetaregionalna.com\/wp-content\/uploads\/2020\/05\/setka1-696x344.jpg 696w\" data-sizes=\"(max-width: 788px) 100vw, 788px\" src=\"data:image\/svg+xml;base64,PHN2ZyB3aWR0aD0iMSIgaGVpZ2h0PSIxIiB4bWxucz0iaHR0cDovL3d3dy53My5vcmcvMjAwMC9zdmciPjwvc3ZnPg==\" style=\"--smush-placeholder-width: 788px; --smush-placeholder-aspect-ratio: 788\/390;\" \/><\/figure>\n\n\n\n<p><br> Z kwiatami i gratulacjami do dostojnej jubilatki udali si\u0119: prezydent Radomska Jaros\u0142aw Ferenc, kierownik radomszcza\u0144skiego inspektoratu ZUS Grzegorz Nowak, kierownik USC w Radomsku Ma\u0142gorzata Morawska oraz dyrektor MOPS w Radomsku Andrzej Barszcz i kierownik dzia\u0142u pracy \u015brodowiskowej i wolontariatu MOPS Iwona Broszkiewicz.<\/p>\n\n\n\n<p><br> Jubilatka z Radomska doczeka\u0142a si\u0119 kilkorga prawnuk\u00f3w. Jak sama m\u00f3wi, cieszy si\u0119 dobrym zdrowiem, bo pochodzi z d\u0142ugowiecznej rodziny &#8211; jej starsza siostra do\u017cy\u0142a 101 lat, a dwie m\u0142odsze maj\u0105 obecnie 89 i 92 lata.<br> (Fot: UM Radomsko)<\/p>\n","protected":false},"excerpt":{"rendered":"<p>Radomszczanka, pani Anna Sk\u00f3ra obchodzi\u0142a w\u0142a\u015bnie swoje setne urodziny. Jubilatka \u015bwi\u0119towa\u0142a w gronie rodziny, a tak\u017ce przedstawiciele radomszcza\u0144skiego samorz\u0105du. Ze wzgl\u0119du na epidemi\u0119, urodziny<\/p>\n","protected":false},"author":7,"featured_media":12673,"comment_status":"open","ping_status":"open","sticky":false,"template":"","format":"standard","meta":{"_monsterinsights_skip_tracking":false,"_monsterinsights_sitenote_active":false,"_monsterinsights_sitenote_note":"","_monsterinsights_sitenote_category":0,"_uf_show_specific_survey":0,"_uf_disable_surveys":false,"footnotes":""},"categories":[94,28,2],"tags":[],"class_list":["post-12671","post","type-post","status-publish","format-standard","has-post-thumbnail","hentry","category-polecane","category-radomsko","category-wiadomosci"],"_links":{"self":[{"href":"https:\/\/gazetaregionalna.com\/index.php?rest_route=\/wp\/v2\/posts\/12671","targetHints":{"allow":["GET"]}}],"collection":[{"href":"https:\/\/gazetaregionalna.com\/index.php?rest_route=\/wp\/v2\/posts"}],"about":[{"href":"https:\/\/gazetaregionalna.com\/index.php?rest_route=\/wp\/v2\/types\/post"}],"author":[{"embeddable":true,"href":"https:\/\/gazetaregionalna.com\/index.php?rest_route=\/wp\/v2\/users\/7"}],"replies":[{"embeddable":true,"href":"https:\/\/gazetaregionalna.com\/index.php?rest_route=%2Fwp%2Fv2%2Fcomments&post=12671"}],"version-history":[{"count":1,"href":"https:\/\/gazetaregionalna.com\/index.php?rest_route=\/wp\/v2\/posts\/12671\/revisions"}],"predecessor-version":[{"id":12674,"href":"https:\/\/gazetaregionalna.com\/index.php?rest_route=\/wp\/v2\/posts\/12671\/revisions\/12674"}],"wp:featuredmedia":[{"embeddable":true,"href":"https:\/\/gazetaregionalna.com\/index.php?rest_route=\/wp\/v2\/media\/12673"}],"wp:attachment":[{"href":"https:\/\/gazetaregionalna.com\/index.php?rest_route=%2Fwp%2Fv2%2Fmedia&parent=12671"}],"wp:term":[{"taxonomy":"category","embeddable":true,"href":"https:\/\/gazetaregionalna.com\/index.php?rest_route=%2Fwp%2Fv2%2Fcategories&post=12671"},{"taxonomy":"post_tag","embeddable":true,"href":"https:\/\/gazetaregionalna.com\/index.php?rest_route=%2Fwp%2Fv2%2Ftags&post=12671"}],"curies":[{"name":"wp","href":"https:\/\/api.w.org\/{rel}","templated":true}]}}