{"id":12668,"date":"2020-05-25T07:05:56","date_gmt":"2020-05-25T07:05:56","guid":{"rendered":"https:\/\/gazetaregionalna.com\/?p=12668"},"modified":"2020-05-25T07:05:58","modified_gmt":"2020-05-25T07:05:58","slug":"beda-fotografowac-piratow-drogowych","status":"publish","type":"post","link":"https:\/\/gazetaregionalna.com\/?p=12668","title":{"rendered":"B\u0119d\u0105 fotografowa\u0107 pirat\u00f3w drogowych"},"content":{"rendered":"\n<p> W Radomsku przy Publicznej Szkole Podstawowej nr 5 stanie fotoradar. Porozumienie w sprawie jego monta\u017cu przy ruchliwej ulicy Narutowicza samorz\u0105d radomszcza\u0144ski zawar\u0142 z G\u0142\u00f3wnym Inspektoratem Transportu Drogowego w Warszawie.<\/p>\n\n\n\n<p><br> Urz\u0105dzenie ma poprawi\u0107 bezpiecze\u0144stwo zar\u00f3wno uczni\u00f3w, jak i pozosta\u0142ych pieszych poruszaj\u0105cych si\u0119 w tej cz\u0119\u015bci miasta. Ulica Narutowicza to cz\u0119\u015b\u0107 drogi krajowej nr 91. Samorz\u0105d zdecydowa\u0142 si\u0119  na monta\u017c fotoradaru, poniewa\u017c na tej w\u0142a\u015bnie ulicy wielu kierowc\u00f3w rozp\u0119dza\u0142o si\u0119 za bardzo, stwarzaj\u0105c powa\u017cne zagro\u017cenie dla innych.<\/p>\n\n\n\n<p><br> Koszt zamontowania urz\u0105dzenia pomiarowego oszacowano na ok. 140 tys. z\u0142otych. Porozumienie zawarte przez miasto zak\u0142ada, \u017ce po stronie samorz\u0105du b\u0119dzie przygotowanie dokumentacji projektowej i umieszczenie radaru wraz z konstrukcj\u0105 utrzymuj\u0105c\u0105 radar i pod\u0142\u0105czeniem instalacji elektrycznej. GITD zapewni\u0107 ma natomiast wymagane oznakowanie drogi i udost\u0119pni elementy fotoradaru, kt\u00f3re zostan\u0105 zainstalowane w pasie drogowym drogi publicznej.<br> (\u0179r\u00f3d\u0142o: UM Radomsko)<\/p>\n","protected":false},"excerpt":{"rendered":"<p>W Radomsku przy Publicznej Szkole Podstawowej nr 5 stanie fotoradar. Porozumienie w sprawie jego monta\u017cu przy ruchliwej ulicy Narutowicza samorz\u0105d radomszcza\u0144ski zawar\u0142 z G\u0142\u00f3wnym<\/p>\n","protected":false},"author":7,"featured_media":12670,"comment_status":"open","ping_status":"open","sticky":false,"template":"","format":"standard","meta":{"_monsterinsights_skip_tracking":false,"_monsterinsights_sitenote_active":false,"_monsterinsights_sitenote_note":"","_monsterinsights_sitenote_category":0,"_uf_show_specific_survey":0,"_uf_disable_surveys":false,"footnotes":""},"categories":[94,28,2],"tags":[],"class_list":["post-12668","post","type-post","status-publish","format-standard","has-post-thumbnail","hentry","category-polecane","category-radomsko","category-wiadomosci"],"_links":{"self":[{"href":"https:\/\/gazetaregionalna.com\/index.php?rest_route=\/wp\/v2\/posts\/12668","targetHints":{"allow":["GET"]}}],"collection":[{"href":"https:\/\/gazetaregionalna.com\/index.php?rest_route=\/wp\/v2\/posts"}],"about":[{"href":"https:\/\/gazetaregionalna.com\/index.php?rest_route=\/wp\/v2\/types\/post"}],"author":[{"embeddable":true,"href":"https:\/\/gazetaregionalna.com\/index.php?rest_route=\/wp\/v2\/users\/7"}],"replies":[{"embeddable":true,"href":"https:\/\/gazetaregionalna.com\/index.php?rest_route=%2Fwp%2Fv2%2Fcomments&post=12668"}],"version-history":[{"count":1,"href":"https:\/\/gazetaregionalna.com\/index.php?rest_route=\/wp\/v2\/posts\/12668\/revisions"}],"predecessor-version":[{"id":12669,"href":"https:\/\/gazetaregionalna.com\/index.php?rest_route=\/wp\/v2\/posts\/12668\/revisions\/12669"}],"wp:featuredmedia":[{"embeddable":true,"href":"https:\/\/gazetaregionalna.com\/index.php?rest_route=\/wp\/v2\/media\/12670"}],"wp:attachment":[{"href":"https:\/\/gazetaregionalna.com\/index.php?rest_route=%2Fwp%2Fv2%2Fmedia&parent=12668"}],"wp:term":[{"taxonomy":"category","embeddable":true,"href":"https:\/\/gazetaregionalna.com\/index.php?rest_route=%2Fwp%2Fv2%2Fcategories&post=12668"},{"taxonomy":"post_tag","embeddable":true,"href":"https:\/\/gazetaregionalna.com\/index.php?rest_route=%2Fwp%2Fv2%2Ftags&post=12668"}],"curies":[{"name":"wp","href":"https:\/\/api.w.org\/{rel}","templated":true}]}}