{"id":12623,"date":"2020-05-22T07:03:33","date_gmt":"2020-05-22T07:03:33","guid":{"rendered":"https:\/\/gazetaregionalna.com\/?p=12623"},"modified":"2020-05-22T07:03:36","modified_gmt":"2020-05-22T07:03:36","slug":"maski-dla-ratownikow","status":"publish","type":"post","link":"https:\/\/gazetaregionalna.com\/?p=12623","title":{"rendered":"Maski dla ratownik\u00f3w"},"content":{"rendered":"\n<p>Dziesi\u0119\u0107 profesjonalnych masek z filtrami trafi\u0142o do pracownik\u00f3w stacji pogotowia ratunkowego w \u017barkach. Sprz\u0119t kupi\u0142 \u017carecki samorz\u0105d.<\/p>\n\n\n\n<figure class=\"wp-block-image size-large\"><img decoding=\"async\" width=\"1024\" height=\"683\" data-src=\"https:\/\/gazetaregionalna.com\/wp-content\/uploads\/2020\/05\/maski_01-1024x683.jpg\" alt=\"\" class=\"wp-image-12624 lazyload\" data-srcset=\"https:\/\/gazetaregionalna.com\/wp-content\/uploads\/2020\/05\/maski_01-1024x683.jpg 1024w, https:\/\/gazetaregionalna.com\/wp-content\/uploads\/2020\/05\/maski_01-300x200.jpg 300w, https:\/\/gazetaregionalna.com\/wp-content\/uploads\/2020\/05\/maski_01-768x512.jpg 768w, https:\/\/gazetaregionalna.com\/wp-content\/uploads\/2020\/05\/maski_01-1536x1024.jpg 1536w, https:\/\/gazetaregionalna.com\/wp-content\/uploads\/2020\/05\/maski_01-696x464.jpg 696w, https:\/\/gazetaregionalna.com\/wp-content\/uploads\/2020\/05\/maski_01-1068x712.jpg 1068w, https:\/\/gazetaregionalna.com\/wp-content\/uploads\/2020\/05\/maski_01-630x420.jpg 630w, https:\/\/gazetaregionalna.com\/wp-content\/uploads\/2020\/05\/maski_01.jpg 1200w\" data-sizes=\"(max-width: 1024px) 100vw, 1024px\" src=\"data:image\/svg+xml;base64,PHN2ZyB3aWR0aD0iMSIgaGVpZ2h0PSIxIiB4bWxucz0iaHR0cDovL3d3dy53My5vcmcvMjAwMC9zdmciPjwvc3ZnPg==\" style=\"--smush-placeholder-width: 1024px; --smush-placeholder-aspect-ratio: 1024\/683;\" \/><figcaption> Na zdj\u0119ciu: Mariola Sobczyk, S\u0142awomir Fiutek, burmistrz Klemens Podlejski, Wies\u0142aw Podlejski  <\/figcaption><\/figure>\n\n\n\n<p><br>To kolejna pomoc, jakiej ratownikom udzieli\u0142 Urz\u0105d Miasta i Gminy \u017barki.<\/p>\n\n\n\n<p><br>\u2014\u00a0Kilka tygodni temu przekaza\u0142em przy\u0142bice, teraz maski \u2014 informuje burmistrz Klemens Podlejski.\u2014\u00a0-Wszystko po to, aby zabezpieczy\u0107 pracownik\u00f3w s\u0142u\u017cby medycznej, kt\u00f3rzy s\u0105 najbli\u017cej naszych mieszka\u0144c\u00f3w.<br>(\u0179r\u00f3d\u0142o: UMiG \u017barki)<\/p>\n\n\n\n<p><br>\u00a0<\/p>\n","protected":false},"excerpt":{"rendered":"<p>Dziesi\u0119\u0107 profesjonalnych masek z filtrami trafi\u0142o do pracownik\u00f3w stacji pogotowia ratunkowego w \u017barkach. Sprz\u0119t kupi\u0142 \u017carecki samorz\u0105d. To kolejna pomoc, jakiej ratownikom udzieli\u0142 Urz\u0105d<\/p>\n","protected":false},"author":7,"featured_media":12625,"comment_status":"open","ping_status":"open","sticky":false,"template":"","format":"standard","meta":{"_monsterinsights_skip_tracking":false,"_monsterinsights_sitenote_active":false,"_monsterinsights_sitenote_note":"","_monsterinsights_sitenote_category":0,"_uf_show_specific_survey":0,"_uf_disable_surveys":false,"footnotes":""},"categories":[94,26,2],"tags":[],"class_list":["post-12623","post","type-post","status-publish","format-standard","has-post-thumbnail","hentry","category-polecane","category-myszkow","category-wiadomosci"],"_links":{"self":[{"href":"https:\/\/gazetaregionalna.com\/index.php?rest_route=\/wp\/v2\/posts\/12623","targetHints":{"allow":["GET"]}}],"collection":[{"href":"https:\/\/gazetaregionalna.com\/index.php?rest_route=\/wp\/v2\/posts"}],"about":[{"href":"https:\/\/gazetaregionalna.com\/index.php?rest_route=\/wp\/v2\/types\/post"}],"author":[{"embeddable":true,"href":"https:\/\/gazetaregionalna.com\/index.php?rest_route=\/wp\/v2\/users\/7"}],"replies":[{"embeddable":true,"href":"https:\/\/gazetaregionalna.com\/index.php?rest_route=%2Fwp%2Fv2%2Fcomments&post=12623"}],"version-history":[{"count":1,"href":"https:\/\/gazetaregionalna.com\/index.php?rest_route=\/wp\/v2\/posts\/12623\/revisions"}],"predecessor-version":[{"id":12626,"href":"https:\/\/gazetaregionalna.com\/index.php?rest_route=\/wp\/v2\/posts\/12623\/revisions\/12626"}],"wp:featuredmedia":[{"embeddable":true,"href":"https:\/\/gazetaregionalna.com\/index.php?rest_route=\/wp\/v2\/media\/12625"}],"wp:attachment":[{"href":"https:\/\/gazetaregionalna.com\/index.php?rest_route=%2Fwp%2Fv2%2Fmedia&parent=12623"}],"wp:term":[{"taxonomy":"category","embeddable":true,"href":"https:\/\/gazetaregionalna.com\/index.php?rest_route=%2Fwp%2Fv2%2Fcategories&post=12623"},{"taxonomy":"post_tag","embeddable":true,"href":"https:\/\/gazetaregionalna.com\/index.php?rest_route=%2Fwp%2Fv2%2Ftags&post=12623"}],"curies":[{"name":"wp","href":"https:\/\/api.w.org\/{rel}","templated":true}]}}